{"id":156621,"date":"2026-02-10T16:02:53","date_gmt":"2026-02-10T19:02:53","guid":{"rendered":"https:\/\/www.aarquiteta.com.br\/blog\/salas-retro-2\/"},"modified":"2026-02-10T16:02:53","modified_gmt":"2026-02-10T19:02:53","slug":"salas-retro-2","status":"publish","type":"post","link":"https:\/\/www.aarquiteta.com.br\/blog\/salas-retro-2\/","title":{"rendered":"Salas retr\u00f4: como criar ambientes com estilo, personalidade e inspira\u00e7\u00e3o do passado"},"content":{"rendered":"<p><b>Quer transformar sua sala em um espa\u00e7o cheio de personalidade e estilo com inspira\u00e7\u00e3o do passado? O estilo retr\u00f4 \u00e9 a chave!<\/b><\/p>\n<h3>O que \u00e9 a decora\u00e7\u00e3o retr\u00f4 e como ela pode valorizar sua sala<\/h3>\n<p>Voc\u00ea sabia que o estilo retr\u00f4 mistura o charme dos anos 50 a 80 com um toque moderno? <b>Esse jeito de decorar traz alegria, cor e personalidade ao ambiente.<\/b><\/p>\n<p>N\u00e3o \u00e9 s\u00f3 nostalgia, \u00e9 como se a sala ganhasse uma alma que conta hist\u00f3rias, com m\u00f3veis de design \u00fanico e cores marcantes. <b>\u00c9 uma releitura do passado que nunca sai de moda.<\/b><\/p>\n<img decoding=\"async\" src=\"https:\/\/www.aarquiteta.com.br\/blog\/wp-content\/uploads\/2026\/02\/Salas-retry-como-criar-ambientes-com-estilo-personalidade-e-inspirayyo-do-passado-01.jpg\" alt=\"Salas retr\u00f4: como criar ambientes com estilo, personalidade e inspira\u00e7\u00e3o do passado\" width=\"1024\" height=\"1024\" title=\"\"> Salas retr\u00f4: como criar ambientes com estilo, personalidade e inspira\u00e7\u00e3o do passado\/caption]\n<h3>Diferen\u00e7as entre estilos Retr\u00f4 e Vintage para sua decora\u00e7\u00e3o<\/h3>\n<p>Muita gente confunde retr\u00f4 com vintage, mas <b>a diferen\u00e7a \u00e9 simples e importante para decorar com estilo.<\/b><\/p>\n<p>Enquanto o vintage \u00e9 feito de pe\u00e7as originais antigas, o retr\u00f4 usa releituras, objetos novos inspirados no passado. <b>Isso facilita a renova\u00e7\u00e3o do ambiente sem abrir m\u00e3o do clima cl\u00e1ssico.<\/b><\/p>\n<h3>Principais m\u00f3veis e objetos que definem uma sala retr\u00f4<\/h3>\n<p>Quer acertar na decora\u00e7\u00e3o? Aposte em m\u00f3veis de p\u00e9s palito, formatos curvos e detalhes cromados. <b>Poltronas arredondadas, racks baixos e sof\u00e1s coloridos s\u00e3o essenciais.<\/b><\/p>\n<p>Objetos como vitrolas, m\u00e1quinas de escrever e telefones antigos d\u00e3o o toque final, misturando funcionalidade com charme do passado.<\/p>\n<img decoding=\"async\" src=\"https:\/\/www.aarquiteta.com.br\/blog\/wp-content\/uploads\/2026\/02\/Salas-retry-como-criar-ambientes-com-estilo-personalidade-e-inspirayyo-do-passado-02.jpg\" alt=\"Salas retr\u00f4: como criar ambientes com estilo, personalidade e inspira\u00e7\u00e3o do passado\" width=\"1024\" height=\"1024\" title=\"\"> Salas retr\u00f4: como criar ambientes com estilo, personalidade e inspira\u00e7\u00e3o do passado\/caption]\n<h3>Como usar cores marcantes e estampas para dar vida ao ambiente<\/h3>\n<p><b>As cores s\u00e3o uma assinatura do estilo retr\u00f4: vermelho, amarelo, turquesa e mais.<\/b> Misturar estampas como pied de poule, xadrez e florais deixa tudo descontra\u00eddo e vibrante.<\/p>\n<p>N\u00e3o tenha medo de ousar. Essa mistura cria um ambiente divertido e cheio de energia, perfeito para uma sala que chama aten\u00e7\u00e3o.<\/p>\n<h3>Pe\u00e7as restauradas e modernas: como equilibrar o retr\u00f4 no d\u00e9cor atual<\/h3>\n<p>Restaurar m\u00f3veis antigos \u00e9 uma \u00f3tima ideia para transformar detalhes. <b>Mas tamb\u00e9m vale a pena combinar com pe\u00e7as contempor\u00e2neas que imitam o cl\u00e1ssico.<\/b><\/p>\n<p>Assim, voc\u00ea cria um equil\u00edbrio que mant\u00e9m o espa\u00e7o atual, sem perder a ess\u00eancia retr\u00f4 que tanto adoramos.<\/p>\n<h3>Decora\u00e7\u00e3o com bonecas antigas fora do quarto infantil<\/h3>\n<p>Voc\u00ea curte bonecas antigas, mas n\u00e3o quer deixar o ambiente infantil? <b>Uma solu\u00e7\u00e3o \u00e9 us\u00e1-las como pe\u00e7as de arte, dentro de vitrines ou prateleiras de vidro.<\/b><\/p>\n<p>Assim, viram objetos decorativos que contam hist\u00f3rias, sem perder a eleg\u00e2ncia da sala.<\/p>\n<img decoding=\"async\" src=\"https:\/\/www.aarquiteta.com.br\/blog\/wp-content\/uploads\/2026\/02\/Salas-retry-como-criar-ambientes-com-estilo-personalidade-e-inspirayyo-do-passado-03.jpg\" alt=\"Salas retr\u00f4: como criar ambientes com estilo, personalidade e inspira\u00e7\u00e3o do passado\" width=\"1024\" height=\"1024\" title=\"\"> Salas retr\u00f4: como criar ambientes com estilo, personalidade e inspira\u00e7\u00e3o do passado\/caption]\n<h3>Inspira\u00e7\u00e3o em pap\u00e9is de parede retr\u00f4 e outros detalhes que fazem a diferen\u00e7a<\/h3>\n<p>Um papel de parede com desenhos geom\u00e9tricos ou florais pode transformar a parede atr\u00e1s do sof\u00e1. <b>Ele ajuda a aumentar a personalidade sem ocupar espa\u00e7o.<\/b><\/p>\n<p>Al\u00e9m disso, almofadas coloridas, quadros com propaganda vintage e tapetes com estampas marcantes s\u00e3o aliados poderosos.<\/p>\n<h3>Como montar uma sala com estilo retr\u00f4 que conversa com seu gosto pessoal<\/h3>\n<p>O legal do retr\u00f4 \u00e9 que voc\u00ea pode adaptar tudo ao que gosta! Quer um toque rom\u00e2ntico, ousado ou r\u00fastico? <b>Tudo cabe aqui.<\/b><\/p>\n<p>Escolha as cores, os objetos e m\u00f3veis que mais combinam com voc\u00ea para criar uma sala aconchegante e cheia de identidade pr\u00f3pria.<\/p>\n<table border=\"1\" cellpadding=\"5\" style=\"border-collapse: collapse; margin-top:15px; margin-bottom:15px;\">\n<tr>\n<th><b>Elemento<\/b><\/th>\n<th><b>Caracter\u00edsticas<\/b><\/th>\n<th><b>Exemplos Pr\u00e1ticos<\/b><\/th>\n<\/tr>\n<tr>\n<td>M\u00f3veis<\/td>\n<td>P\u00e9s palito, formatos arredondados, baixo e alongado<\/td>\n<td>Poltronas mole, racks coloridos, sof\u00e1s amarelos<\/td>\n<\/tr>\n<tr>\n<td>Cores<\/td>\n<td>Vivas, marcantes, como vermelho, amarelo e turquesa<\/td>\n<td>Paredes, estofados, almofadas coloridas<\/td>\n<\/tr>\n<tr>\n<td>Objetos Decorativos<\/td>\n<td>Pe\u00e7as cromadas, vitrolas, m\u00e1quinas de escrever, bonecas antigas<\/td>\n<td>Rel\u00edquias restauradas, prateleiras decorativas<\/td>\n<\/tr>\n<tr>\n<td>Estampas<\/td>\n<td>Pied de poule, xadrez, jornal, florais<\/td>\n<td>Almofadas, pap\u00e9is de parede, tapetes<\/td>\n<\/tr>\n<tr>\n<td>Toques Finais<\/td>\n<td>Mix entre antigo e moderno, detalhes personalizados<\/td>\n<td>Quadros vintage, telefone antigo colorido<\/td>\n<\/tr>\n<\/table>\n<p>Transformar a sala com um toque <b>retr\u00f4 \u00e9 mais f\u00e1cil do que parece, e o resultado \u00e9 um espa\u00e7o \u00fanico e cheio de vida.<\/b> Voc\u00ea pode come\u00e7ar com poucos objetos e m\u00f3veis chave e ir montando o estilo que mais combina com voc\u00ea.<\/p>\n<p>E ent\u00e3o, que tal dar uma chance para o estilo retr\u00f4 na sua sala? <b>Conte aqui nos coment\u00e1rios qual pe\u00e7a voc\u00ea adoraria ter no seu ambiente.<\/b> Que tal navegar por outros artigos de decora\u00e7\u00e3o para se inspirar ainda mais?<\/p>\n<img decoding=\"async\" src=\"https:\/\/www.aarquiteta.com.br\/blog\/wp-content\/uploads\/2026\/02\/Salas-retry-como-criar-ambientes-com-estilo-personalidade-e-inspirayyo-do-passado-04.jpg\" alt=\"Salas retr\u00f4: como criar ambientes com estilo, personalidade e inspira\u00e7\u00e3o do passado\" width=\"1024\" height=\"1024\" title=\"\"> Salas retr\u00f4: como criar ambientes com estilo, personalidade e inspira\u00e7\u00e3o do passado\/caption]\n","protected":false},"excerpt":{"rendered":"<p>Quer transformar sua sala em um espa\u00e7o cheio de personalidade e estilo com inspira\u00e7\u00e3o do passado? O estilo retr\u00f4 \u00e9 a chave! O que \u00e9 a decora\u00e7\u00e3o retr\u00f4 e como ela pode valorizar sua sala Voc\u00ea sabia que o estilo retr\u00f4 mistura o charme dos anos 50 a 80 com um toque moderno? Esse jeito [&hellip;]<\/p>\n","protected":false},"author":20,"featured_media":156620,"comment_status":"open","ping_status":"","sticky":false,"template":"","format":"standard","meta":{"footnotes":""},"categories":[],"tags":[],"class_list":["post-156621","post","type-post","status-publish","format-standard","has-post-thumbnail"],"_wp_attached_file":null,"_wp_attachment_metadata":null,"_wp_attachment_context":null,"_wp_attachment_is_custom_header":null,"geo_longitude":null,"geo_public":null,"geo_latitude":null,"_publicize_done_external":null,"_wpas_done_3897181":null,"publicize_twitter_user":null,"_wpas_done_3897175":null,"_wpas_skip_3897181":null,"_wpas_skip_3897175":null,"_wpas_skip_3924723":null,"_wpas_mess":null,"_wpas_done_3924723":null,"wps_subtitle":"","_links":{"self":[{"href":"https:\/\/www.aarquiteta.com.br\/blog\/wp-json\/wp\/v2\/posts\/156621","targetHints":{"allow":["GET"]}}],"collection":[{"href":"https:\/\/www.aarquiteta.com.br\/blog\/wp-json\/wp\/v2\/posts"}],"about":[{"href":"https:\/\/www.aarquiteta.com.br\/blog\/wp-json\/wp\/v2\/types\/post"}],"author":[{"embeddable":true,"href":"https:\/\/www.aarquiteta.com.br\/blog\/wp-json\/wp\/v2\/users\/20"}],"replies":[{"embeddable":true,"href":"https:\/\/www.aarquiteta.com.br\/blog\/wp-json\/wp\/v2\/comments?post=156621"}],"version-history":[{"count":0,"href":"https:\/\/www.aarquiteta.com.br\/blog\/wp-json\/wp\/v2\/posts\/156621\/revisions"}],"wp:featuredmedia":[{"embeddable":true,"href":"https:\/\/www.aarquiteta.com.br\/blog\/wp-json\/wp\/v2\/media\/156620"}],"wp:attachment":[{"href":"https:\/\/www.aarquiteta.com.br\/blog\/wp-json\/wp\/v2\/media?parent=156621"}],"wp:term":[{"taxonomy":"category","embeddable":true,"href":"https:\/\/www.aarquiteta.com.br\/blog\/wp-json\/wp\/v2\/categories?post=156621"},{"taxonomy":"post_tag","embeddable":true,"href":"https:\/\/www.aarquiteta.com.br\/blog\/wp-json\/wp\/v2\/tags?post=156621"}],"curies":[{"name":"wp","href":"https:\/\/api.w.org\/{rel}","templated":true}]}}