{"id":156601,"date":"2026-02-09T08:02:17","date_gmt":"2026-02-09T11:02:17","guid":{"rendered":"https:\/\/www.aarquiteta.com.br\/blog\/sofa-ilha-2\/"},"modified":"2026-02-09T08:02:17","modified_gmt":"2026-02-09T11:02:17","slug":"sofa-ilha-2","status":"publish","type":"post","link":"https:\/\/www.aarquiteta.com.br\/blog\/sofa-ilha-2\/","title":{"rendered":"Sof\u00e1-ilha: Versatilidade e Conforto para Ambientes Integrados e Modernos"},"content":{"rendered":"<p><b>O sof\u00e1-ilha \u00e9 a solu\u00e7\u00e3o perfeita para quem busca conforto e estilo em ambientes modernos integrados.<\/b> Ele cria um espa\u00e7o acolhedor e funcional, sem precisar ficar encostado na parede.<\/p>\n<h3>Por que escolher um sof\u00e1-ilha para sua sala?<\/h3>\n<p>Voc\u00ea j\u00e1 sentiu que sua sala merece um m\u00f3vel mais vers\u00e1til? <b>O sof\u00e1-ilha \u00e9 ideal para isso.<\/b> Ele oferece assentos em v\u00e1rios lados, facilitando a conversa e a intera\u00e7\u00e3o.<\/p>\n<p>Al\u00e9m disso, ele n\u00e3o precisa ficar contra a parede, o que traz liberdade para o layout. <b>Perfeito para casas modernas e abertas!<\/b><\/p>\n<img decoding=\"async\" src=\"https:\/\/www.aarquiteta.com.br\/blog\/wp-content\/uploads\/2026\/02\/Sofy-ilha-Versatilidade-e-Conforto-para-Ambientes-Integrados-e-Modernos-01.jpg\" alt=\"Sof\u00e1-ilha: Versatilidade e Conforto para Ambientes Integrados e Modernos\" width=\"1024\" height=\"1024\" title=\"\"> Sof\u00e1-ilha: Versatilidade e Conforto para Ambientes Integrados e Modernos\/caption]\n<h3>Caracter\u00edsticas que fazem o sof\u00e1-ilha se destacar<\/h3>\n<p>Esse modelo oferece conforto, design diferenciado e \u00e9 \u00f3timo para m\u00faltiplas pessoas. <b>Voc\u00ea pode escolher desde formatos lineares at\u00e9 os curvos.<\/b><\/p>\n<p>Tamb\u00e9m \u00e9 comum encontrar op\u00e7\u00f5es modulares, que se adaptam ao tamanho do seu ambiente. <b>Assim, seu sof\u00e1 cresce junto com suas necessidades.<\/b><\/p>\n<h3>Como o sof\u00e1-ilha integra ambientes de forma eficiente<\/h3>\n<p>Por ficar ao centro da sala, o sof\u00e1-ilha cria uma divis\u00e3o natural entre espa\u00e7os, como sala e cozinha. <b>Isso ajuda a manter a unidade do ambiente aberto.<\/b><\/p>\n<p>Al\u00e9m disso, a pe\u00e7a valoriza a circula\u00e7\u00e3o e amplia a sensa\u00e7\u00e3o de espa\u00e7o, sem pesar na decora\u00e7\u00e3o.<\/p>\n<img decoding=\"async\" src=\"https:\/\/www.aarquiteta.com.br\/blog\/wp-content\/uploads\/2026\/02\/Sofy-ilha-Versatilidade-e-Conforto-para-Ambientes-Integrados-e-Modernos-02.jpg\" alt=\"Sof\u00e1-ilha: Versatilidade e Conforto para Ambientes Integrados e Modernos\" width=\"1024\" height=\"1024\" title=\"\"> Sof\u00e1-ilha: Versatilidade e Conforto para Ambientes Integrados e Modernos\/caption]\n<h3>Dicas para decorar com sof\u00e1-ilha<\/h3>\n<ul>\n<li><b>Use cores claras para ampliar visualmente o espa\u00e7o;<\/b><\/li>\n<li><b>Almofadas coloridas deixam o sof\u00e1 mais convidativo;<\/b><\/li>\n<li><b>Combine com tapetes e lumin\u00e1rias que valorizem a \u00e1rea;<\/b><\/li>\n<li><b>Aposte em modelos com chaise para esticar as pernas;<\/b><\/li>\n<li><b>Explore a personaliza\u00e7\u00e3o do estofado para combinar com seu estilo.<\/b><\/li>\n<\/ul>\n<h3>Versatilidade para espa\u00e7os pequenos e grandes<\/h3>\n<p>O sof\u00e1-ilha <b>n\u00e3o \u00e9 exclusividade de grandes salas.<\/b> Em apartamentos menores, ele maximiza o espa\u00e7o ao ser usado como \u201cilha\u201d central.<\/p>\n<p>J\u00e1 em ambientes amplos, pode virar o protagonista, deixando a decora\u00e7\u00e3o ainda mais sofisticada e pr\u00e1tica.<\/p>\n<img decoding=\"async\" src=\"https:\/\/www.aarquiteta.com.br\/blog\/wp-content\/uploads\/2026\/02\/Sofy-ilha-Versatilidade-e-Conforto-para-Ambientes-Integrados-e-Modernos-03.jpg\" alt=\"Sof\u00e1-ilha: Versatilidade e Conforto para Ambientes Integrados e Modernos\" width=\"1024\" height=\"1024\" title=\"\"> Sof\u00e1-ilha: Versatilidade e Conforto para Ambientes Integrados e Modernos\/caption]\n<h3>Principais vantagens do sof\u00e1-ilha em resumo<\/h3>\n<table border=\"1\" cellpadding=\"8\" cellspacing=\"0\" style=\"border-collapse: collapse; width: 100%;\">\n<thead>\n<tr>\n<th>Benef\u00edcio<\/th>\n<th>Descri\u00e7\u00e3o<\/th>\n<\/tr>\n<\/thead>\n<tbody>\n<tr>\n<td>Espa\u00e7o para v\u00e1rias pessoas<\/td>\n<td>Acomoda convidados e familiares com conforto em v\u00e1rios lados<\/td>\n<\/tr>\n<tr>\n<td>Estilo moderno<\/td>\n<td>Protagoniza a decora\u00e7\u00e3o com design diferenciados e elegantes<\/td>\n<\/tr>\n<tr>\n<td>Flexibilidade<\/td>\n<td>Modular e adapt\u00e1vel a diferentes ambientes e tamanhos<\/td>\n<\/tr>\n<tr>\n<td>Integra\u00e7\u00e3o<\/td>\n<td>Promove harmonia entre sala, cozinha e outros espa\u00e7os abertos<\/td>\n<\/tr>\n<\/tbody>\n<\/table>\n<h3>Como escolher o sof\u00e1-ilha ideal para seu ambiente<\/h3>\n<ol>\n<li><b>Me\u00e7a seu espa\u00e7o<\/b> para evitar comprar um m\u00f3vel que atrapalhe a circula\u00e7\u00e3o;<\/li>\n<li><b>Considere o formato:<\/b> linear, em L, curvo ou modular;<\/li>\n<li><b>Defina o estilo do estofado:<\/b> cores neutras para ambientes s\u00f3brios ou ousadas para destaque;<\/li>\n<li><b>Priorize conforto:<\/b> escolha sof\u00e1s com boa densidade de espuma e revestimento agrad\u00e1vel;<\/li>\n<li><b>Atente-se \u00e0 funcionalidade:<\/b> chuteiras, encostos ajust\u00e1veis ou m\u00f3dulos retr\u00e1teis;<\/li>\n<\/ol>\n<img decoding=\"async\" src=\"https:\/\/www.aarquiteta.com.br\/blog\/wp-content\/uploads\/2026\/02\/Sofy-ilha-Versatilidade-e-Conforto-para-Ambientes-Integrados-e-Modernos-04.jpg\" alt=\"Sof\u00e1-ilha: Versatilidade e Conforto para Ambientes Integrados e Modernos\" width=\"1024\" height=\"1024\" title=\"\"> Sof\u00e1-ilha: Versatilidade e Conforto para Ambientes Integrados e Modernos\/caption]\n","protected":false},"excerpt":{"rendered":"<p>O sof\u00e1-ilha \u00e9 a solu\u00e7\u00e3o perfeita para quem busca conforto e estilo em ambientes modernos integrados. Ele cria um espa\u00e7o acolhedor e funcional, sem precisar ficar encostado na parede. Por que escolher um sof\u00e1-ilha para sua sala? Voc\u00ea j\u00e1 sentiu que sua sala merece um m\u00f3vel mais vers\u00e1til? O sof\u00e1-ilha \u00e9 ideal para isso. Ele [&hellip;]<\/p>\n","protected":false},"author":20,"featured_media":156600,"comment_status":"open","ping_status":"","sticky":false,"template":"","format":"standard","meta":{"footnotes":""},"categories":[],"tags":[],"class_list":["post-156601","post","type-post","status-publish","format-standard","has-post-thumbnail"],"_wp_attached_file":null,"_wp_attachment_metadata":null,"_wp_attachment_context":null,"_wp_attachment_is_custom_header":null,"geo_longitude":null,"geo_public":null,"geo_latitude":null,"_publicize_done_external":null,"_wpas_done_3897181":null,"publicize_twitter_user":null,"_wpas_done_3897175":null,"_wpas_skip_3897181":null,"_wpas_skip_3897175":null,"_wpas_skip_3924723":null,"_wpas_mess":null,"_wpas_done_3924723":null,"wps_subtitle":"","_links":{"self":[{"href":"https:\/\/www.aarquiteta.com.br\/blog\/wp-json\/wp\/v2\/posts\/156601","targetHints":{"allow":["GET"]}}],"collection":[{"href":"https:\/\/www.aarquiteta.com.br\/blog\/wp-json\/wp\/v2\/posts"}],"about":[{"href":"https:\/\/www.aarquiteta.com.br\/blog\/wp-json\/wp\/v2\/types\/post"}],"author":[{"embeddable":true,"href":"https:\/\/www.aarquiteta.com.br\/blog\/wp-json\/wp\/v2\/users\/20"}],"replies":[{"embeddable":true,"href":"https:\/\/www.aarquiteta.com.br\/blog\/wp-json\/wp\/v2\/comments?post=156601"}],"version-history":[{"count":0,"href":"https:\/\/www.aarquiteta.com.br\/blog\/wp-json\/wp\/v2\/posts\/156601\/revisions"}],"wp:featuredmedia":[{"embeddable":true,"href":"https:\/\/www.aarquiteta.com.br\/blog\/wp-json\/wp\/v2\/media\/156600"}],"wp:attachment":[{"href":"https:\/\/www.aarquiteta.com.br\/blog\/wp-json\/wp\/v2\/media?parent=156601"}],"wp:term":[{"taxonomy":"category","embeddable":true,"href":"https:\/\/www.aarquiteta.com.br\/blog\/wp-json\/wp\/v2\/categories?post=156601"},{"taxonomy":"post_tag","embeddable":true,"href":"https:\/\/www.aarquiteta.com.br\/blog\/wp-json\/wp\/v2\/tags?post=156601"}],"curies":[{"name":"wp","href":"https:\/\/api.w.org\/{rel}","templated":true}]}}