{"id":156596,"date":"2026-02-09T00:02:04","date_gmt":"2026-02-09T03:02:04","guid":{"rendered":"https:\/\/www.aarquiteta.com.br\/blog\/moveis-para-banheiro-2\/"},"modified":"2026-02-09T00:02:04","modified_gmt":"2026-02-09T03:02:04","slug":"moveis-para-banheiro-2","status":"publish","type":"post","link":"https:\/\/www.aarquiteta.com.br\/blog\/moveis-para-banheiro-2\/","title":{"rendered":"M\u00f3veis para Banheiro: Como Transformar Seu Espa\u00e7o com Praticidade e Estilo"},"content":{"rendered":"<p><b>M\u00f3veis para banheiro<\/b> s\u00e3o pe\u00e7as essenciais para trazer <b>funcionalidade e estilo<\/b> ao seu espa\u00e7o, mesmo nos ambientes compactos.<\/p>\n<h3>Por que escolher m\u00f3veis para banheiro modulares ou planejados?<\/h3>\n<p>Voc\u00ea j\u00e1 reparou como um banheiro bem planejado torna o dia a dia mais f\u00e1cil? <b>M\u00f3veis modulares ou sob medida<\/b> s\u00e3o fundamentais para maximizar o espa\u00e7o com praticidade.<\/p>\n<p>Al\u00e9m disso, eles ajudam a criar uma <b>identidade visual e confort\u00e1vel<\/b>, valorizando detalhes da decora\u00e7\u00e3o sem perder funcionalidade.<\/p>\n<img decoding=\"async\" src=\"https:\/\/www.aarquiteta.com.br\/blog\/wp-content\/uploads\/2026\/02\/Myveis-para-Banheiro-Como-Transformar-Seu-Espayo-com-Praticidade-e-Estilo-01.jpg\" alt=\"M\u00f3veis para Banheiro: Como Transformar Seu Espa\u00e7o com Praticidade e Estilo\" width=\"1024\" height=\"1024\" title=\"\"> M\u00f3veis para Banheiro: Como Transformar Seu Espa\u00e7o com Praticidade e Estilo\/caption]\n<h3>Os m\u00f3veis para banheiro mais tradicionais e suas fun\u00e7\u00f5es<\/h3>\n<p>Entre os b\u00e1sicos, o <b>arm\u00e1rio<\/b> garante organiza\u00e7\u00e3o dos itens de higiene e toalhas. J\u00e1 o <b>gabinete<\/b> esconde canos e amplia o armazenamento.<\/p>\n<p>O <b>gabinete a\u00e9reo<\/b> aproveita as paredes, ideal para espa\u00e7os reduzidos. A <b>espelheira<\/b> e o <b>espelho<\/b> complementam tanto na utilidade quanto no estilo.<\/p>\n<img decoding=\"async\" src=\"https:\/\/www.aarquiteta.com.br\/blog\/wp-content\/uploads\/2026\/02\/Myveis-para-Banheiro-Como-Transformar-Seu-Espayo-com-Praticidade-e-Estilo-02.jpg\" alt=\"M\u00f3veis para Banheiro: Como Transformar Seu Espa\u00e7o com Praticidade e Estilo\" width=\"1024\" height=\"1024\" title=\"\"> M\u00f3veis para Banheiro: Como Transformar Seu Espa\u00e7o com Praticidade e Estilo\/caption]\n<h3>Como escolher m\u00f3veis para banheiro que resistem \u00e0 umidade<\/h3>\n<p><b>Umidade e vapor<\/b> s\u00e3o grandes inimigos dos m\u00f3veis. Por isso, d\u00ea prefer\u00eancia a materiais resistentes, como MDF tratado, f\u00f3rmica ou madeira naval.<\/p>\n<p>Isso evita que os m\u00f3veis fiquem estufados, mofados ou estraguem r\u00e1pido, aumentando a durabilidade do investimento.<\/p>\n<h3>Estante e armazenamento: funcionalidade com estilo<\/h3>\n<p>A <b>estante para banheiro<\/b> \u00e9 uma boa pedida para itens decorativos e objetos que precisam ficar \u00e0 m\u00e3o.<\/p>\n<p>Use <b>cestos e caixas organizadoras<\/b> para evitar bagun\u00e7a e garantir um visual leve e harm\u00f4nico.<\/p>\n<img decoding=\"async\" src=\"https:\/\/www.aarquiteta.com.br\/blog\/wp-content\/uploads\/2026\/02\/Myveis-para-Banheiro-Como-Transformar-Seu-Espayo-com-Praticidade-e-Estilo-03.jpg\" alt=\"M\u00f3veis para Banheiro: Como Transformar Seu Espa\u00e7o com Praticidade e Estilo\" width=\"1024\" height=\"1024\" title=\"\"> M\u00f3veis para Banheiro: Como Transformar Seu Espa\u00e7o com Praticidade e Estilo\/caption]\n<table border=\"1\" cellpadding=\"6\" cellspacing=\"0\" style=\"border-collapse: collapse; width: 100%; margin: 20px 0;\">\n<thead>\n<tr style=\"background-color: #f4f4f4;\">\n<th>M\u00f3vel<\/th>\n<th>Fun\u00e7\u00e3o Principal<\/th>\n<th>Dica Para Espa\u00e7os Pequenos<\/th>\n<th>Material Recomendado<\/th>\n<\/tr>\n<\/thead>\n<tbody>\n<tr>\n<td>Arm\u00e1rio<\/td>\n<td>Armazenar produtos de higiene e toalhas<\/td>\n<td>Preferir modelos compactos ou embutidos<\/td>\n<td>MDF tratado, f\u00f3rmica, madeira naval<\/td>\n<\/tr>\n<tr>\n<td>Gabinete<\/td>\n<td>Esconder encanamento e guardar itens<\/td>\n<td>Modelos com gavetas ou portas pequenas<\/td>\n<td>Madeira dura ou MDF hidr\u00f3fugo<\/td>\n<\/tr>\n<tr>\n<td>Gabinete a\u00e9reo<\/td>\n<td>Otimizador de armazenamento vertical<\/td>\n<td>Instalar acima da pia para aproveitar paredes<\/td>\n<td>Material resistente \u00e0 umidade<\/td>\n<\/tr>\n<tr>\n<td>Espelheira<\/td>\n<td>Armazenar itens pequenos com espelho integrado<\/td>\n<td>Ideal para banheiros compactos<\/td>\n<td>Estrutura leve e resistente<\/td>\n<\/tr>\n<tr>\n<td>Estante<\/td>\n<td>Armazenamento e decora\u00e7\u00e3o simult\u00e2nea<\/td>\n<td>Escolher prateleiras rasas e usar organizadores<\/td>\n<td>Madeira, metal, ou MDF resistente<\/td>\n<\/tr>\n<\/tbody>\n<\/table>\n<img decoding=\"async\" src=\"https:\/\/www.aarquiteta.com.br\/blog\/wp-content\/uploads\/2026\/02\/Myveis-para-Banheiro-Como-Transformar-Seu-Espayo-com-Praticidade-e-Estilo-04.jpg\" alt=\"M\u00f3veis para Banheiro: Como Transformar Seu Espa\u00e7o com Praticidade e Estilo\" width=\"1024\" height=\"1024\" title=\"\"> M\u00f3veis para Banheiro: Como Transformar Seu Espa\u00e7o com Praticidade e Estilo\/caption]\n","protected":false},"excerpt":{"rendered":"<p>M\u00f3veis para banheiro s\u00e3o pe\u00e7as essenciais para trazer funcionalidade e estilo ao seu espa\u00e7o, mesmo nos ambientes compactos. Por que escolher m\u00f3veis para banheiro modulares ou planejados? Voc\u00ea j\u00e1 reparou como um banheiro bem planejado torna o dia a dia mais f\u00e1cil? M\u00f3veis modulares ou sob medida s\u00e3o fundamentais para maximizar o espa\u00e7o com praticidade. [&hellip;]<\/p>\n","protected":false},"author":20,"featured_media":156595,"comment_status":"open","ping_status":"","sticky":false,"template":"","format":"standard","meta":{"footnotes":""},"categories":[],"tags":[],"class_list":["post-156596","post","type-post","status-publish","format-standard","has-post-thumbnail"],"_wp_attached_file":null,"_wp_attachment_metadata":null,"_wp_attachment_context":null,"_wp_attachment_is_custom_header":null,"geo_longitude":null,"geo_public":null,"geo_latitude":null,"_publicize_done_external":null,"_wpas_done_3897181":null,"publicize_twitter_user":null,"_wpas_done_3897175":null,"_wpas_skip_3897181":null,"_wpas_skip_3897175":null,"_wpas_skip_3924723":null,"_wpas_mess":null,"_wpas_done_3924723":null,"wps_subtitle":"","_links":{"self":[{"href":"https:\/\/www.aarquiteta.com.br\/blog\/wp-json\/wp\/v2\/posts\/156596","targetHints":{"allow":["GET"]}}],"collection":[{"href":"https:\/\/www.aarquiteta.com.br\/blog\/wp-json\/wp\/v2\/posts"}],"about":[{"href":"https:\/\/www.aarquiteta.com.br\/blog\/wp-json\/wp\/v2\/types\/post"}],"author":[{"embeddable":true,"href":"https:\/\/www.aarquiteta.com.br\/blog\/wp-json\/wp\/v2\/users\/20"}],"replies":[{"embeddable":true,"href":"https:\/\/www.aarquiteta.com.br\/blog\/wp-json\/wp\/v2\/comments?post=156596"}],"version-history":[{"count":0,"href":"https:\/\/www.aarquiteta.com.br\/blog\/wp-json\/wp\/v2\/posts\/156596\/revisions"}],"wp:featuredmedia":[{"embeddable":true,"href":"https:\/\/www.aarquiteta.com.br\/blog\/wp-json\/wp\/v2\/media\/156595"}],"wp:attachment":[{"href":"https:\/\/www.aarquiteta.com.br\/blog\/wp-json\/wp\/v2\/media?parent=156596"}],"wp:term":[{"taxonomy":"category","embeddable":true,"href":"https:\/\/www.aarquiteta.com.br\/blog\/wp-json\/wp\/v2\/categories?post=156596"},{"taxonomy":"post_tag","embeddable":true,"href":"https:\/\/www.aarquiteta.com.br\/blog\/wp-json\/wp\/v2\/tags?post=156596"}],"curies":[{"name":"wp","href":"https:\/\/api.w.org\/{rel}","templated":true}]}}