{"id":156591,"date":"2026-02-08T16:02:18","date_gmt":"2026-02-08T19:02:18","guid":{"rendered":"https:\/\/www.aarquiteta.com.br\/blog\/piso-de-vidro-2\/"},"modified":"2026-02-08T16:02:18","modified_gmt":"2026-02-08T19:02:18","slug":"piso-de-vidro-2","status":"publish","type":"post","link":"https:\/\/www.aarquiteta.com.br\/blog\/piso-de-vidro-2\/","title":{"rendered":"Piso de vidro: inspire-se com ideias criativas para transformar seus ambientes"},"content":{"rendered":"<p><b>Piso de vidro \u00e9 uma tend\u00eancia incr\u00edvel para quem quer modernidade, luz natural e ambientes integrados com estilo e muita criatividade.<\/b><\/p>\n<h3>O que \u00e9 piso de vidro e por que usar<\/h3>\n<p>Voc\u00ea j\u00e1 pensou em usar piso de vidro para transformar um c\u00f4modo? <b>O vidro traz leveza e um toque de sofistica\u00e7\u00e3o inigual\u00e1veis.<\/b><\/p>\n<p>Al\u00e9m de moderno, ele amplia visualmente os espa\u00e7os e ainda aproveita melhor a luz natural, criando ambientes mais claros e agrad\u00e1veis.<\/p>\n<img decoding=\"async\" src=\"https:\/\/www.aarquiteta.com.br\/blog\/wp-content\/uploads\/2026\/02\/Piso-de-vidro-inspire-se-com-ideias-criativas-para-transformar-seus-ambientes-01.jpg\" alt=\"Piso de vidro: inspire-se com ideias criativas para transformar seus ambientes\" width=\"1024\" height=\"1024\" title=\"\"> Piso de vidro: inspire-se com ideias criativas para transformar seus ambientes\/caption]\n<h3>Como o piso de vidro integra os ambientes<\/h3>\n<p>Uma das maiores vantagens do piso transparente \u00e9 <b>conectar \u00e1reas internas e externas<\/b> com fluidez e harmonia.<\/p>\n<p>Por exemplo, usar piso de vidro para ligar sala e varanda torna o espa\u00e7o \u00fanico e com sensa\u00e7\u00e3o de continuidade.<\/p>\n<h3>Combina\u00e7\u00f5es criativas: vidro com madeira e elementos naturais<\/h3>\n<p>Voc\u00ea pode combinar o piso de vidro com madeira para equilibrar aconchego e modernidade, perfeito para decks e \u00e1reas externas.<\/p>\n<p>Outra ideia \u00e9 criar um piso com elementos naturais, como pedras ou areia sob o vidro, que trazem personalidade e facilidade na limpeza.<\/p>\n<img decoding=\"async\" src=\"https:\/\/www.aarquiteta.com.br\/blog\/wp-content\/uploads\/2026\/02\/Piso-de-vidro-inspire-se-com-ideias-criativas-para-transformar-seus-ambientes-02.jpg\" alt=\"Piso de vidro: inspire-se com ideias criativas para transformar seus ambientes\" width=\"1024\" height=\"1024\" title=\"\"> Piso de vidro: inspire-se com ideias criativas para transformar seus ambientes\/caption]\n<h3>Ideias para pisos de vidro decorativos<\/h3>\n<p>O piso de vidro tamb\u00e9m pode ser um destaque decorativo, com detalhes como cacos de espelho embutidos ou ilumina\u00e7\u00e3o que criam efeitos \u00fanicos.<\/p>\n<p>Ou at\u00e9 revestindo m\u00f3veis, como base para camas ou tapetes de vidro no quarto, dando charme e originalidade.<\/p>\n<h3>Pisos de vidro em \u00e1reas de lazer e mezaninos<\/h3>\n<p>Que tal usar piso de vidro em passarelas, mezaninos e pr\u00f3ximo \u00e0 piscina? <b>Isso garante leveza visual e transforma o espa\u00e7o em algo exclusivo.<\/b><\/p>\n<p>Al\u00e9m disso, o vidro permite que a luz natural circule melhor, aumentando o conforto do local.<\/p>\n<img decoding=\"async\" src=\"https:\/\/www.aarquiteta.com.br\/blog\/wp-content\/uploads\/2026\/02\/Piso-de-vidro-inspire-se-com-ideias-criativas-para-transformar-seus-ambientes-03.jpg\" alt=\"Piso de vidro: inspire-se com ideias criativas para transformar seus ambientes\" width=\"1024\" height=\"1024\" title=\"\"> Piso de vidro: inspire-se com ideias criativas para transformar seus ambientes\/caption]\n<h3>Vidro opaco versus vidro transparente<\/h3>\n<p>Nem sempre o piso de vidro precisa ser totalmente transparente. Vidros opacos s\u00e3o \u00f3timos para \u00e1reas p\u00fablicas ou mais formais.<\/p>\n<p>Essa varia\u00e7\u00e3o mant\u00e9m a sofistica\u00e7\u00e3o, mas garante privacidade e seguran\u00e7a visual, sem perder o charme.<\/p>\n<h3>Cuidados essenciais na escolha e manuten\u00e7\u00e3o<\/h3>\n<p>Para um projeto de piso de vidro, \u00e9 importante escolher vidro temperado de alta resist\u00eancia, garantindo seguran\u00e7a e durabilidade.<\/p>\n<p>Al\u00e9m disso, a limpeza \u00e9 simples, mas deve ser feita regularmente para manter o brilho e a transpar\u00eancia impec\u00e1veis.<\/p>\n<h3>Incorpore o piso de vidro no seu projeto e valorize seu espa\u00e7o<\/h3>\n<p>O piso de vidro eleva qualquer ambiente, seja para ampliar, decorar ou integrar espa\u00e7os com estilo e funcionalidade.<\/p>\n<p>Com tantas ideias incr\u00edveis, \u00e9 s\u00f3 escolher a que combina com seu projeto e deixar sua casa cheia de personalidade!<\/p>\n<table border=\"1\" cellpadding=\"10\" style=\"border-collapse: collapse; margin: 20px 0; width: 100%;\">\n<tr style=\"background-color: #f0f0f0;\">\n<th>Tipo de Piso de Vidro<\/th>\n<th>Funcionalidade<\/th>\n<th>Combina\u00e7\u00e3o Ideal<\/th>\n<th>Ambientes Indicados<\/th>\n<\/tr>\n<tr>\n<td>Vidro transparente<\/td>\n<td>Ampliar e integrar espa\u00e7os<\/td>\n<td>Madeira, metal, ilumina\u00e7\u00e3o<\/td>\n<td>Sala, varanda, passarelas<\/td>\n<\/tr>\n<tr>\n<td>Vidro opaco<\/td>\n<td>Privacidade e formalidade<\/td>\n<td>Metal, m\u00e1rmore, pedras<\/td>\n<td>Escrit\u00f3rios, \u00e1reas p\u00fablicas<\/td>\n<\/tr>\n<tr>\n<td>Vidro com elementos embutidos<\/td>\n<td>Decorativo e original<\/td>\n<td>Cacos de espelho, areia, pedras<\/td>\n<td>Quartos, corredores, decks<\/td>\n<\/tr>\n<tr>\n<td>Vidro em mezanino<\/td>\n<td>Leveza e ilumina\u00e7\u00e3o<\/td>\n<td>Madeira, vigas met\u00e1licas<\/td>\n<td>Mezaninos, escadas, \u00e1reas de lazer<\/td>\n<\/tr>\n<\/table>\n<p>Agora que voc\u00ea j\u00e1 conhece o poder transformador do piso de vidro, que tal pensar em como ele pode valorizar seu projeto? <b>Deixe sua casa mais moderna, iluminada e cheia de estilo com essa escolha inovadora.<\/b><\/p>\n<p>Curtiu as ideias? Conta aqui nos coment\u00e1rios qual combina\u00e7\u00e3o mais chamou sua aten\u00e7\u00e3o ou se voc\u00ea j\u00e1 usou piso de vidro na sua casa. E n\u00e3o esquece de explorar outros artigos para se inspirar ainda mais!<\/p>\n<img decoding=\"async\" src=\"https:\/\/www.aarquiteta.com.br\/blog\/wp-content\/uploads\/2026\/02\/Piso-de-vidro-inspire-se-com-ideias-criativas-para-transformar-seus-ambientes-04.jpg\" alt=\"Piso de vidro: inspire-se com ideias criativas para transformar seus ambientes\" width=\"1024\" height=\"1024\" title=\"\"> Piso de vidro: inspire-se com ideias criativas para transformar seus ambientes\/caption]\n","protected":false},"excerpt":{"rendered":"<p>Piso de vidro \u00e9 uma tend\u00eancia incr\u00edvel para quem quer modernidade, luz natural e ambientes integrados com estilo e muita criatividade. O que \u00e9 piso de vidro e por que usar Voc\u00ea j\u00e1 pensou em usar piso de vidro para transformar um c\u00f4modo? O vidro traz leveza e um toque de sofistica\u00e7\u00e3o inigual\u00e1veis. Al\u00e9m de [&hellip;]<\/p>\n","protected":false},"author":20,"featured_media":156590,"comment_status":"open","ping_status":"","sticky":false,"template":"","format":"standard","meta":{"footnotes":""},"categories":[],"tags":[],"class_list":["post-156591","post","type-post","status-publish","format-standard","has-post-thumbnail"],"_wp_attached_file":null,"_wp_attachment_metadata":null,"_wp_attachment_context":null,"_wp_attachment_is_custom_header":null,"geo_longitude":null,"geo_public":null,"geo_latitude":null,"_publicize_done_external":null,"_wpas_done_3897181":null,"publicize_twitter_user":null,"_wpas_done_3897175":null,"_wpas_skip_3897181":null,"_wpas_skip_3897175":null,"_wpas_skip_3924723":null,"_wpas_mess":null,"_wpas_done_3924723":null,"wps_subtitle":"","_links":{"self":[{"href":"https:\/\/www.aarquiteta.com.br\/blog\/wp-json\/wp\/v2\/posts\/156591","targetHints":{"allow":["GET"]}}],"collection":[{"href":"https:\/\/www.aarquiteta.com.br\/blog\/wp-json\/wp\/v2\/posts"}],"about":[{"href":"https:\/\/www.aarquiteta.com.br\/blog\/wp-json\/wp\/v2\/types\/post"}],"author":[{"embeddable":true,"href":"https:\/\/www.aarquiteta.com.br\/blog\/wp-json\/wp\/v2\/users\/20"}],"replies":[{"embeddable":true,"href":"https:\/\/www.aarquiteta.com.br\/blog\/wp-json\/wp\/v2\/comments?post=156591"}],"version-history":[{"count":0,"href":"https:\/\/www.aarquiteta.com.br\/blog\/wp-json\/wp\/v2\/posts\/156591\/revisions"}],"wp:featuredmedia":[{"embeddable":true,"href":"https:\/\/www.aarquiteta.com.br\/blog\/wp-json\/wp\/v2\/media\/156590"}],"wp:attachment":[{"href":"https:\/\/www.aarquiteta.com.br\/blog\/wp-json\/wp\/v2\/media?parent=156591"}],"wp:term":[{"taxonomy":"category","embeddable":true,"href":"https:\/\/www.aarquiteta.com.br\/blog\/wp-json\/wp\/v2\/categories?post=156591"},{"taxonomy":"post_tag","embeddable":true,"href":"https:\/\/www.aarquiteta.com.br\/blog\/wp-json\/wp\/v2\/tags?post=156591"}],"curies":[{"name":"wp","href":"https:\/\/api.w.org\/{rel}","templated":true}]}}