{"id":156586,"date":"2026-02-08T08:02:10","date_gmt":"2026-02-08T11:02:10","guid":{"rendered":"https:\/\/www.aarquiteta.com.br\/blog\/cores-que-combinam-com-amarelo\/"},"modified":"2026-02-08T08:02:10","modified_gmt":"2026-02-08T11:02:10","slug":"cores-que-combinam-com-amarelo","status":"publish","type":"post","link":"https:\/\/www.aarquiteta.com.br\/blog\/cores-que-combinam-com-amarelo\/","title":{"rendered":"Como combinar amarelo na decora\u00e7\u00e3o para criar ambientes alegres e acolhedores"},"content":{"rendered":"<p><b>Amarelo na decora\u00e7\u00e3o<\/b> transforma qualquer ambiente em um espa\u00e7o alegre e acolhedor, trazendo vida e personalidade com combina\u00e7\u00f5es certeiras.<\/p>\n<h3>Como combinar amarelo para criar ambientes radiantes<\/h3>\n<p>Voc\u00ea j\u00e1 notou como o amarelo pode mudar o humor de um ambiente? <b>Essa cor transmite alegria e aconchego<\/b>, perfeita para quem busca um espa\u00e7o mais vibrante.<\/p>\n<p>Mas combinar amarelo pode parecer um desafio. <b>Entender as cores que harmonizam com seus tons<\/b> \u00e9 o segredo para uma decora\u00e7\u00e3o equilibrada e cheia de vida.<\/p>\n<p>Hoje, vou mostrar como usar o amarelo com diferentes paletas para que seu ambiente fique alegre, convidativo e nada exagerado.<\/p>\n<img decoding=\"async\" src=\"https:\/\/www.aarquiteta.com.br\/blog\/wp-content\/uploads\/2026\/02\/Como-combinar-amarelo-na-decorayyo-para-criar-ambientes-alegres-e-acolhedores-01.jpg\" alt=\"Como combinar amarelo na decora\u00e7\u00e3o para criar ambientes alegres e acolhedores\" width=\"1024\" height=\"1024\" title=\"\"> Como combinar amarelo na decora\u00e7\u00e3o para criar ambientes alegres e acolhedores\/caption]\n<h3>1. Amarelo e azul: equil\u00edbrio entre alegria e tranquilidade<\/h3>\n<p><b>O azul \u00e9 a melhor companhia para o amarelo<\/b>. Juntos, criam uma atmosfera vintage ou contempor\u00e2nea, dependendo dos tons escolhidos.<\/p>\n<p>O amarelo-can\u00e1rio com azul m\u00e9dio d\u00e1 um toque moderno e divertido, ideal para cozinhas e salas de estar.<\/p>\n<h3>2. Verde e amarelo: sensa\u00e7\u00e3o de aconchego e frescor<\/h3>\n<p>A combina\u00e7\u00e3o do amarelo ouro com o verde escuro traz eleg\u00e2ncia e ousadia. J\u00e1 as vers\u00f5es claras das duas cores promovem leveza e conforto.<\/p>\n<h3>3. Tons terrosos e amarelo: calor e acolhimento instant\u00e2neos<\/h3>\n<p>Amarelo-mostarda com marrons ou bege cria espa\u00e7os acolhedores, perfeitos para quartos e varandas r\u00fasticas.<\/p>\n<p>Essa dupla <b>\u00e9 sin\u00f4nimo de aconchego<\/b>, ideal para quem quer um lar quentinho e convidativo.<\/p>\n<img decoding=\"async\" src=\"https:\/\/www.aarquiteta.com.br\/blog\/wp-content\/uploads\/2026\/02\/Como-combinar-amarelo-na-decorayyo-para-criar-ambientes-alegres-e-acolhedores-02.jpg\" alt=\"Como combinar amarelo na decora\u00e7\u00e3o para criar ambientes alegres e acolhedores\" width=\"1024\" height=\"1024\" title=\"\"> Como combinar amarelo na decora\u00e7\u00e3o para criar ambientes alegres e acolhedores\/caption]\n<h3>4. Branco e amarelo: combina\u00e7\u00e3o segura e luminosa<\/h3>\n<p>O branco valoriza o amarelo, evidenciando sua energia sem pesar na decora\u00e7\u00e3o.<\/p>\n<p>Al\u00e9m disso, o branco permite a entrada de outras cores, tornando o ambiente vers\u00e1til e equilibrado.<\/p>\n<h3>5. Rosa e amarelo: harmonia delicada e jovial<\/h3>\n<p>N\u00e3o \u00e9 s\u00f3 para crian\u00e7as! <b>Essa mistura traz delicadeza e alegria<\/b> para quartos e salas modernas, com toques suaves ou vibrantes.<\/p>\n<h3>6. Cinza e amarelo: sobriedade com toques de energia<\/h3>\n<p>O cinza traz calma e neutralidade. Com amarelo, cria decora\u00e7\u00e3o refinada em cozinhas, quartos e varandas.<\/p>\n<p><b>Essa combina\u00e7\u00e3o equilibra modernidade e conforto<\/b>, recomendada para quem quer estilo com leveza.<\/p>\n<img decoding=\"async\" src=\"https:\/\/www.aarquiteta.com.br\/blog\/wp-content\/uploads\/2026\/02\/Como-combinar-amarelo-na-decorayyo-para-criar-ambientes-alegres-e-acolhedores-03.jpg\" alt=\"Como combinar amarelo na decora\u00e7\u00e3o para criar ambientes alegres e acolhedores\" width=\"1024\" height=\"1024\" title=\"\"> Como combinar amarelo na decora\u00e7\u00e3o para criar ambientes alegres e acolhedores\/caption]\n<h3>7. Preto e amarelo: modernidade e personalidade forte<\/h3>\n<p>O preto adiciona um clima intimista e urbano. Associado ao amarelo, deixa o ambiente despojado e cheio de atitude.<\/p>\n<p>Perfeito para espa\u00e7os industriais, cozinhas e \u00e1reas de lazer contempor\u00e2neas.<\/p>\n<h3>8. Amarelo com tons past\u00e9is: suavidade e criatividade<\/h3>\n<p>Os past\u00e9is deixam o amarelo mais suave, criando cen\u00e1rios delicados e encantadores, \u00f3timos para quartos infantis e salas de brincar.<\/p>\n<table border=\"1\" cellpadding=\"8\" style=\"border-collapse: collapse; margin-top: 20px;\">\n<thead>\n<tr style=\"background-color: #ffeb3b;\">\n<th><b>Combina\u00e7\u00e3o<\/b><\/th>\n<th><b>Clima criado<\/b><\/th>\n<th><b>Exemplos de uso<\/b><\/th>\n<\/tr>\n<\/thead>\n<tbody>\n<tr>\n<td>Amarelo + Azul<\/td>\n<td>Alegria com tranquilidade<\/td>\n<td>Portas, almofadas, azulejos<\/td>\n<\/tr>\n<tr>\n<td>Amarelo + Verde<\/td>\n<td>Aconchego e frescor<\/td>\n<td>Paredes, m\u00f3veis, roupa de cama<\/td>\n<\/tr>\n<tr>\n<td>Amarelo + Tons terrosos<\/td>\n<td>Calor e acolhimento<\/td>\n<td>Quartos, varandas, marcenaria<\/td>\n<\/tr>\n<tr>\n<td>Amarelo + Branco<\/td>\n<td>Luminosidade e equil\u00edbrio<\/td>\n<td>Paredes, acess\u00f3rios, tetos<\/td>\n<\/tr>\n<tr>\n<td>Amarelo + Rosa<\/td>\n<td>Delicadeza jovial<\/td>\n<td>Quartos, almofadas, detalhes d\u00e9cor<\/td>\n<\/tr>\n<tr>\n<td>Amarelo + Cinza<\/td>\n<td>Sobriedade moderna<\/td>\n<td>Cozinhas, varandas, salas<\/td>\n<\/tr>\n<tr>\n<td>Amarelo + Preto<\/td>\n<td>Personalidade forte e moderna<\/td>\n<td>\u00c1reas industriais, cozinhas<\/td>\n<\/tr>\n<tr>\n<td>Amarelo + Tons past\u00e9is<\/td>\n<td>Suavidade criativa<\/td>\n<td>Sala de brincar, quartos infantis<\/td>\n<\/tr>\n<\/tbody>\n<\/table>\n<p><b>Combinar amarelo na decora\u00e7\u00e3o<\/b> \u00e9 se permitir brincar com cores que trazem vida e aconchego ao lar.<\/p>\n<p>Seja em detalhes, m\u00f3veis ou paredes, o amarelo \u00e9 a fa\u00edsca que aquece e alegra o ambiente, independentemente do estilo.<\/p>\n<p>Agora, que tal experimentar essas ideias no seu espa\u00e7o? <b>Compartilhe suas d\u00favidas nos coment\u00e1rios!<\/b> E fique de olho nas nossas dicas para criar ambientes sempre cheios de charme e personalidade.<\/p>\n<h3>Explorar mais conte\u00fados:<\/h3>\n<ul>\n<li><a href=\"#\">Dicas para usar cores vibrantes na decora\u00e7\u00e3o<\/a><\/li>\n<li><a href=\"#\">Como iluminar sua casa para ambientes mais acolhedores<\/a><\/li>\n<li><a href=\"#\">Ideias criativas para decorar quartos infantis<\/a><\/li>\n<\/ul>\n<img decoding=\"async\" src=\"https:\/\/www.aarquiteta.com.br\/blog\/wp-content\/uploads\/2026\/02\/Como-combinar-amarelo-na-decorayyo-para-criar-ambientes-alegres-e-acolhedores-04.jpg\" alt=\"Como combinar amarelo na decora\u00e7\u00e3o para criar ambientes alegres e acolhedores\" width=\"1024\" height=\"1024\" title=\"\"> Como combinar amarelo na decora\u00e7\u00e3o para criar ambientes alegres e acolhedores\/caption]\n","protected":false},"excerpt":{"rendered":"<p>Amarelo na decora\u00e7\u00e3o transforma qualquer ambiente em um espa\u00e7o alegre e acolhedor, trazendo vida e personalidade com combina\u00e7\u00f5es certeiras. Como combinar amarelo para criar ambientes radiantes Voc\u00ea j\u00e1 notou como o amarelo pode mudar o humor de um ambiente? Essa cor transmite alegria e aconchego, perfeita para quem busca um espa\u00e7o mais vibrante. Mas combinar [&hellip;]<\/p>\n","protected":false},"author":20,"featured_media":156585,"comment_status":"open","ping_status":"","sticky":false,"template":"","format":"standard","meta":{"footnotes":""},"categories":[],"tags":[],"class_list":["post-156586","post","type-post","status-publish","format-standard","has-post-thumbnail"],"_wp_attached_file":null,"_wp_attachment_metadata":null,"_wp_attachment_context":null,"_wp_attachment_is_custom_header":null,"geo_longitude":null,"geo_public":null,"geo_latitude":null,"_publicize_done_external":null,"_wpas_done_3897181":null,"publicize_twitter_user":null,"_wpas_done_3897175":null,"_wpas_skip_3897181":null,"_wpas_skip_3897175":null,"_wpas_skip_3924723":null,"_wpas_mess":null,"_wpas_done_3924723":null,"wps_subtitle":"","_links":{"self":[{"href":"https:\/\/www.aarquiteta.com.br\/blog\/wp-json\/wp\/v2\/posts\/156586","targetHints":{"allow":["GET"]}}],"collection":[{"href":"https:\/\/www.aarquiteta.com.br\/blog\/wp-json\/wp\/v2\/posts"}],"about":[{"href":"https:\/\/www.aarquiteta.com.br\/blog\/wp-json\/wp\/v2\/types\/post"}],"author":[{"embeddable":true,"href":"https:\/\/www.aarquiteta.com.br\/blog\/wp-json\/wp\/v2\/users\/20"}],"replies":[{"embeddable":true,"href":"https:\/\/www.aarquiteta.com.br\/blog\/wp-json\/wp\/v2\/comments?post=156586"}],"version-history":[{"count":0,"href":"https:\/\/www.aarquiteta.com.br\/blog\/wp-json\/wp\/v2\/posts\/156586\/revisions"}],"wp:featuredmedia":[{"embeddable":true,"href":"https:\/\/www.aarquiteta.com.br\/blog\/wp-json\/wp\/v2\/media\/156585"}],"wp:attachment":[{"href":"https:\/\/www.aarquiteta.com.br\/blog\/wp-json\/wp\/v2\/media?parent=156586"}],"wp:term":[{"taxonomy":"category","embeddable":true,"href":"https:\/\/www.aarquiteta.com.br\/blog\/wp-json\/wp\/v2\/categories?post=156586"},{"taxonomy":"post_tag","embeddable":true,"href":"https:\/\/www.aarquiteta.com.br\/blog\/wp-json\/wp\/v2\/tags?post=156586"}],"curies":[{"name":"wp","href":"https:\/\/api.w.org\/{rel}","templated":true}]}}