{"id":156581,"date":"2026-02-08T00:01:56","date_gmt":"2026-02-08T03:01:56","guid":{"rendered":"https:\/\/www.aarquiteta.com.br\/blog\/cadeiras-para-varanda-2\/"},"modified":"2026-02-08T00:01:56","modified_gmt":"2026-02-08T03:01:56","slug":"cadeiras-para-varanda-2","status":"publish","type":"post","link":"https:\/\/www.aarquiteta.com.br\/blog\/cadeiras-para-varanda-2\/","title":{"rendered":"Como escolher cadeiras para varanda que unem conforto, estilo e funcionalidade"},"content":{"rendered":"<p><b>Quer saber como escolher cadeiras para varanda que unem conforto, estilo e funcionalidade?<\/b> Vou te ajudar a acertar na escolha para transformar seu espa\u00e7o em um cantinho perfeito!<\/p>\n<h3>Por que o conforto \u00e9 fundamental nas cadeiras para varanda?<\/h3>\n<p>Sabe aquele lugar que voc\u00ea quer relaxar depois de um dia corrido? <b>Cadeiras confort\u00e1veis<\/b> s\u00e3o essenciais para garantir esse aconchego.<\/p>\n<p>Priorize modelos com assentos acolchoados e encostos ergon\u00f4micos. Isso faz toda a diferen\u00e7a para momentos de descanso.<\/p>\n<h3>Como o estilo da cadeira pode real\u00e7ar a decora\u00e7\u00e3o da varanda?<\/h3>\n<p>Al\u00e9m de confort\u00e1vel, a cadeira deve combinar com o estilo do ambiente. <b>Madeira, ferro ou vime<\/b> s\u00e3o materiais que trazem personalidade.<\/p>\n<p>Voc\u00ea pode apostar em cores neutras para um visual elegante ou tons vibrantes para criar um clima alegre e convidativo.<\/p>\n<img decoding=\"async\" src=\"https:\/\/www.aarquiteta.com.br\/blog\/wp-content\/uploads\/2026\/02\/Como-escolher-cadeiras-para-varanda-que-unem-conforto-estilo-e-funcionalidade-01.jpg\" alt=\"Como escolher cadeiras para varanda que unem conforto, estilo e funcionalidade\" width=\"1024\" height=\"1024\" title=\"\"> Como escolher cadeiras para varanda que unem conforto, estilo e funcionalidade\/caption]\n<h3>Funcionalidade no espa\u00e7o: escolha certa para cada tipo de varanda<\/h3>\n<p>Pense no tamanho e formato da sua varanda. <b>Cadeiras compactas e dobr\u00e1veis<\/b> s\u00e3o \u00f3timas para espa\u00e7os pequenos e flex\u00edveis.<\/p>\n<p>J\u00e1 em varandas amplas, cadeiras mais robustas e com designs marcantes valorizam o ambiente e sua usabilidade.<\/p>\n<h3>Estofados pr\u00e1ticos e f\u00e1ceis de combinar<\/h3>\n<p>Prefira tecidos que sejam leves, resistentes e que facilitem a manuten\u00e7\u00e3o, como o algod\u00e3o ou lona. <b>Estampas e tonalidades neutras<\/b> permitem varia\u00e7\u00f5es na decora\u00e7\u00e3o.<\/p>\n<p>Almofadas com tecidos imperme\u00e1veis s\u00e3o uma boa pedida para a prote\u00e7\u00e3o contra a umidade.<\/p>\n<h3>Combina\u00e7\u00f5es de cores e materiais que fazem sucesso na varanda<\/h3>\n<table border=\"1\" cellpadding=\"8\" cellspacing=\"0\" style=\"border-collapse: collapse; width: 100%;\">\n<thead>\n<tr>\n<th>Material<\/th>\n<th>Vantagens<\/th>\n<th>Indica\u00e7\u00e3o de cor<\/th>\n<th>Estilo de varanda<\/th>\n<\/tr>\n<\/thead>\n<tbody>\n<tr>\n<td><b>Madeira<\/b><\/td>\n<td>Durabilidade, toque natural<\/td>\n<td>Preto, tons neutros, cores vibrantes<\/td>\n<td>R\u00fastica, cl\u00e1ssica e moderna<\/td>\n<\/tr>\n<tr>\n<td><b>Ferro<\/b><\/td>\n<td>Resist\u00eancia e charme<\/td>\n<td>Preto, branco, metalizados<\/td>\n<td>Urbana, contempor\u00e2nea<\/td>\n<\/tr>\n<tr>\n<td><b>Vime ou Rattan<\/b><\/td>\n<td>Leveza e conforto<\/td>\n<td>Cores claras, naturais ou coloridas<\/td>\n<td>Boho, tropical, descontra\u00edda<\/td>\n<\/tr>\n<\/tbody>\n<\/table>\n<img decoding=\"async\" src=\"https:\/\/www.aarquiteta.com.br\/blog\/wp-content\/uploads\/2026\/02\/Como-escolher-cadeiras-para-varanda-que-unem-conforto-estilo-e-funcionalidade-02.jpg\" alt=\"Como escolher cadeiras para varanda que unem conforto, estilo e funcionalidade\" width=\"1024\" height=\"1024\" title=\"\"> Como escolher cadeiras para varanda que unem conforto, estilo e funcionalidade\/caption]\n<h3>Dicas para combinar cadeiras com o restante da decora\u00e7\u00e3o<\/h3>\n<ul>\n<li><b>Use almofadas estampadas<\/b> para dar um toque de personalidade.<\/li>\n<li>Invista em tapetes e mantas para compor um ambiente acolhedor.<\/li>\n<li><b>Varie nos modelos<\/b> para criar um visual din\u00e2mico e interessante.<\/li>\n<li>Combine o tom das cadeiras com plantas e demais acess\u00f3rios naturais.<\/li>\n<\/ul>\n<h3>Como garantir que sua varanda fique leve e vers\u00e1til?<\/h3>\n<p>Modelos mais altos ou transparentes <b>deixam o ambiente mais despojado e arejado<\/b>.<\/p>\n<p>Escolher cadeiras com estrutura leve facilita a movimenta\u00e7\u00e3o e permite v\u00e1rias disposi\u00e7\u00f5es no espa\u00e7o.<\/p>\n<img decoding=\"async\" src=\"https:\/\/www.aarquiteta.com.br\/blog\/wp-content\/uploads\/2026\/02\/Como-escolher-cadeiras-para-varanda-que-unem-conforto-estilo-e-funcionalidade-03.jpg\" alt=\"Como escolher cadeiras para varanda que unem conforto, estilo e funcionalidade\" width=\"1024\" height=\"1024\" title=\"\"> Como escolher cadeiras para varanda que unem conforto, estilo e funcionalidade\/caption]\n<h3>Cuidados para manter suas cadeiras sempre bonitas e funcionais<\/h3>\n<p>Evite materiais que exijam muita manuten\u00e7\u00e3o se voc\u00ea busca praticidade. <b>Limpeza f\u00e1cil e resist\u00eancia ao tempo<\/b> s\u00e3o pontos valiosos.<\/p>\n<p>Almofadas e estofados com capas remov\u00edveis facilitam a higieniza\u00e7\u00e3o e prolongam a vida \u00fatil das cadeiras.<\/p>\n<p>Com esses passos, voc\u00ea vai montar aquela varanda dos sonhos, cheia de estilo e conforto. Quer trocar ideias? Deixe seu coment\u00e1rio! E n\u00e3o esque\u00e7a de navegar em nosso blog para mais dicas incr\u00edveis.<\/p>\n<p><b>Sugest\u00f5es de leitura:<\/b> <a href=\"#\">Ideias para decorar varandas pequenas<\/a> | <a href=\"#\">Como escolher tapetes para \u00e1rea externa<\/a> | <a href=\"#\">Plantas que combinam com varanda decorada<\/a><\/p>\n<img decoding=\"async\" src=\"https:\/\/www.aarquiteta.com.br\/blog\/wp-content\/uploads\/2026\/02\/Como-escolher-cadeiras-para-varanda-que-unem-conforto-estilo-e-funcionalidade-04.jpg\" alt=\"Como escolher cadeiras para varanda que unem conforto, estilo e funcionalidade\" width=\"1024\" height=\"1024\" title=\"\"> Como escolher cadeiras para varanda que unem conforto, estilo e funcionalidade\/caption]\n","protected":false},"excerpt":{"rendered":"<p>Quer saber como escolher cadeiras para varanda que unem conforto, estilo e funcionalidade? Vou te ajudar a acertar na escolha para transformar seu espa\u00e7o em um cantinho perfeito! Por que o conforto \u00e9 fundamental nas cadeiras para varanda? Sabe aquele lugar que voc\u00ea quer relaxar depois de um dia corrido? Cadeiras confort\u00e1veis s\u00e3o essenciais para [&hellip;]<\/p>\n","protected":false},"author":20,"featured_media":156580,"comment_status":"open","ping_status":"","sticky":false,"template":"","format":"standard","meta":{"footnotes":""},"categories":[],"tags":[],"class_list":["post-156581","post","type-post","status-publish","format-standard","has-post-thumbnail"],"_wp_attached_file":null,"_wp_attachment_metadata":null,"_wp_attachment_context":null,"_wp_attachment_is_custom_header":null,"geo_longitude":null,"geo_public":null,"geo_latitude":null,"_publicize_done_external":null,"_wpas_done_3897181":null,"publicize_twitter_user":null,"_wpas_done_3897175":null,"_wpas_skip_3897181":null,"_wpas_skip_3897175":null,"_wpas_skip_3924723":null,"_wpas_mess":null,"_wpas_done_3924723":null,"wps_subtitle":"","_links":{"self":[{"href":"https:\/\/www.aarquiteta.com.br\/blog\/wp-json\/wp\/v2\/posts\/156581","targetHints":{"allow":["GET"]}}],"collection":[{"href":"https:\/\/www.aarquiteta.com.br\/blog\/wp-json\/wp\/v2\/posts"}],"about":[{"href":"https:\/\/www.aarquiteta.com.br\/blog\/wp-json\/wp\/v2\/types\/post"}],"author":[{"embeddable":true,"href":"https:\/\/www.aarquiteta.com.br\/blog\/wp-json\/wp\/v2\/users\/20"}],"replies":[{"embeddable":true,"href":"https:\/\/www.aarquiteta.com.br\/blog\/wp-json\/wp\/v2\/comments?post=156581"}],"version-history":[{"count":0,"href":"https:\/\/www.aarquiteta.com.br\/blog\/wp-json\/wp\/v2\/posts\/156581\/revisions"}],"wp:featuredmedia":[{"embeddable":true,"href":"https:\/\/www.aarquiteta.com.br\/blog\/wp-json\/wp\/v2\/media\/156580"}],"wp:attachment":[{"href":"https:\/\/www.aarquiteta.com.br\/blog\/wp-json\/wp\/v2\/media?parent=156581"}],"wp:term":[{"taxonomy":"category","embeddable":true,"href":"https:\/\/www.aarquiteta.com.br\/blog\/wp-json\/wp\/v2\/categories?post=156581"},{"taxonomy":"post_tag","embeddable":true,"href":"https:\/\/www.aarquiteta.com.br\/blog\/wp-json\/wp\/v2\/tags?post=156581"}],"curies":[{"name":"wp","href":"https:\/\/api.w.org\/{rel}","templated":true}]}}