{"id":156551,"date":"2026-02-06T00:02:13","date_gmt":"2026-02-06T03:02:13","guid":{"rendered":"https:\/\/www.aarquiteta.com.br\/blog\/sofa-branco-2\/"},"modified":"2026-02-06T00:02:13","modified_gmt":"2026-02-06T03:02:13","slug":"sofa-branco-2","status":"publish","type":"post","link":"https:\/\/www.aarquiteta.com.br\/blog\/sofa-branco-2\/","title":{"rendered":"Sof\u00e1 branco: ideias elegantes para transformar sua decora\u00e7\u00e3o"},"content":{"rendered":"<p><b>O sof\u00e1 branco \u00e9 a escolha perfeita para quem busca eleg\u00e2ncia e versatilidade na decora\u00e7\u00e3o da sala.<\/b> Ele combina com diversos estilos e cores, transformando qualquer ambiente com charme.<\/p>\n<h3>Por que escolher um sof\u00e1 branco na decora\u00e7\u00e3o?<\/h3>\n<p>Voc\u00ea j\u00e1 notou como um sof\u00e1 branco traz equil\u00edbrio e sofistica\u00e7\u00e3o para qualquer sala? <b>\u00c9 uma pe\u00e7a neutra que valoriza o espa\u00e7o e amplia ambientes pequenos.<\/b> Ainda por cima, mant\u00e9m um visual super moderno e clean.<\/p>\n<p>Al\u00e9m disso, o sof\u00e1 branco <b>funciona como base para voc\u00ea ousar nas cores dos acess\u00f3rios, como almofadas, tapetes e quadros.<\/b> Isso deixa o ambiente com a sua cara, seja mais discreto ou cheio de personalidade.<\/p>\n<img decoding=\"async\" src=\"https:\/\/www.aarquiteta.com.br\/blog\/wp-content\/uploads\/2026\/02\/Sofy-branco-ideias-elegantes-para-transformar-sua-decorayyo-01.jpg\" alt=\"Sof\u00e1 branco: ideias elegantes para transformar sua decora\u00e7\u00e3o\" width=\"1024\" height=\"1024\" title=\"\"> Sof\u00e1 branco: ideias elegantes para transformar sua decora\u00e7\u00e3o\/caption]\n<h3>Estilos de decora\u00e7\u00e3o que combinam com sof\u00e1 branco<\/h3>\n<ul>\n<li><b>Minimalista:<\/b> linhas simples e poucos itens, o sof\u00e1 branco se destaca pela pureza e suavidade.<\/li>\n<li><b>Moderno:<\/b> combina com metais, vidro e cores fortes nas paredes ou objetos.<\/li>\n<li><b>R\u00fastico:<\/b> o branco cria contraste com m\u00f3veis de madeira e detalhes naturais.<\/li>\n<li><b>Cl\u00e1ssico:<\/b> o branco transmite requinte e pode receber acess\u00f3rios em tons dourados ou pretos.<\/li>\n<\/ul>\n<h3>Como cuidar do sof\u00e1 branco para durar mais?<\/h3>\n<p><b>Manter o sof\u00e1 branco limpo pode parecer dif\u00edcil, mas algumas dicas ajudam bastante.<\/b> Use capas remov\u00edveis que facilitam a lavagem e prefira tecidos resistentes, como sarja ou couro sint\u00e9tico.<\/p>\n<p>Evite comer perto do sof\u00e1 e limpe manchas imediatamente. <b>Produtos especializados preservam cor e textura, aumentando a vida \u00fatil do m\u00f3vel.<\/b><\/p>\n<img decoding=\"async\" src=\"https:\/\/www.aarquiteta.com.br\/blog\/wp-content\/uploads\/2026\/02\/Sofy-branco-ideias-elegantes-para-transformar-sua-decorayyo-02.jpg\" alt=\"Sof\u00e1 branco: ideias elegantes para transformar sua decora\u00e7\u00e3o\" width=\"1024\" height=\"1024\" title=\"\"> Sof\u00e1 branco: ideias elegantes para transformar sua decora\u00e7\u00e3o\/caption]\n<h3>Modelos de sof\u00e1 branco para diferentes ambientes<\/h3>\n<table border=\"1\" cellpadding=\"6\" cellspacing=\"0\" style=\"border-collapse: collapse; width: 100%;\">\n<thead>\n<tr>\n<th>Modelo<\/th>\n<th>Caracter\u00edsticas<\/th>\n<th>Ideal para<\/th>\n<\/tr>\n<\/thead>\n<tbody>\n<tr>\n<td>Sof\u00e1 de canto<\/td>\n<td>Espa\u00e7oso, confort\u00e1vel e aconchegante<\/td>\n<td>Salas grandes e fam\u00edlias que gostam de receber<\/td>\n<\/tr>\n<tr>\n<td>Sof\u00e1 2 lugares<\/td>\n<td>Compacto e vers\u00e1til<\/td>\n<td>Ambientes pequenos ou apartamentos<\/td>\n<\/tr>\n<tr>\n<td>Sof\u00e1 retr\u00e1til<\/td>\n<td>Aumenta o espa\u00e7o para relaxar<\/td>\n<td>Salas de TV e \u00e1reas de conviv\u00eancia<\/td>\n<\/tr>\n<tr>\n<td>Sof\u00e1 branco de couro<\/td>\n<td>Elegante e f\u00e1cil de limpar<\/td>\n<td>Salas sofisticadas que valorizam o design<\/td>\n<\/tr>\n<\/tbody>\n<\/table>\n<h3>Combina\u00e7\u00f5es de cores que funcionam com sof\u00e1 branco<\/h3>\n<p><b>O branco abre uma paleta gigante para harmonizar cores na decora\u00e7\u00e3o.<\/b> Voc\u00ea pode apostar em acess\u00f3rios vibrantes como amarelo, azul e verde para um toque alegre e moderno.<\/p>\n<p>Ou optar por cores neutras como bege, cinza e tons de madeira para um ambiente mais calmo e equilibrado. <b>O sof\u00e1 branco \u00e9 o protagonista que aceita qualquer paleta com charme.<\/b><\/p>\n<img decoding=\"async\" src=\"https:\/\/www.aarquiteta.com.br\/blog\/wp-content\/uploads\/2026\/02\/Sofy-branco-ideias-elegantes-para-transformar-sua-decorayyo-03.jpg\" alt=\"Sof\u00e1 branco: ideias elegantes para transformar sua decora\u00e7\u00e3o\" width=\"1024\" height=\"1024\" title=\"\"> Sof\u00e1 branco: ideias elegantes para transformar sua decora\u00e7\u00e3o\/caption]\n<h3>Aposte nas almofadas e tapetes para transformar o ambiente<\/h3>\n<p>Quer renovar o visual da sala sem trocar o sof\u00e1? <b>As almofadas coloridas e os tapetes estampados s\u00e3o aliados perfeitos.<\/b> Eles trazem vida e personalidade ao espa\u00e7o.<\/p>\n<p>Experimente usar pe\u00e7as com texturas diferentes e cores que se complementam. Voc\u00ea vai perceber como o sof\u00e1 branco deixa tudo mais harm\u00f4nico e agrad\u00e1vel.<\/p>\n<h3>Sof\u00e1 branco: enxergue a versatilidade como um investimento<\/h3>\n<p>O sof\u00e1 branco \u00e9 um investimento inteligente porque <b>permite mudar a decora\u00e7\u00e3o ao seu gosto, sem precisar trocar o m\u00f3vel.<\/b> \u00c9 um curinga que eleva o ambiente, tornando-o elegante, confort\u00e1vel e acolhedor.<\/p>\n<p>Com cuidados simples, essa pe\u00e7a vai estar sempre linda para receber visitas ou para voc\u00ea relaxar no seu espa\u00e7o favorito.<\/p>\n<h3>Explore o poder do sof\u00e1 branco para sua decora\u00e7\u00e3o<\/h3>\n<p>Que tal experimentar o sof\u00e1 branco na sua casa e transformar o visual da sala? <b>Use as ideias aqui para criar um ambiente que une beleza, conforto e personalidade.<\/b><\/p>\n<p>Conte nos coment\u00e1rios como voc\u00ea gosta de decorar seu sof\u00e1 branco ou d\u00favidas que tiver sobre o tema.<\/p>\n<p>Quer continuar se inspirando? Confira tamb\u00e9m nossas dicas sobre:<\/p>\n<ul>\n<li>Como escolher almofadas que valorizam seu sof\u00e1;<\/li>\n<li>Tapetes para salas pequenas;<\/li>\n<li>Combina\u00e7\u00f5es de cores para ambientes modernos;<\/li>\n<li>Dicas para manter o couro sempre novo.<\/li>\n<\/ul>\n<img decoding=\"async\" src=\"https:\/\/www.aarquiteta.com.br\/blog\/wp-content\/uploads\/2026\/02\/Sofy-branco-ideias-elegantes-para-transformar-sua-decorayyo-04.jpg\" alt=\"Sof\u00e1 branco: ideias elegantes para transformar sua decora\u00e7\u00e3o\" width=\"1024\" height=\"1024\" title=\"\"> Sof\u00e1 branco: ideias elegantes para transformar sua decora\u00e7\u00e3o\/caption]\n","protected":false},"excerpt":{"rendered":"<p>O sof\u00e1 branco \u00e9 a escolha perfeita para quem busca eleg\u00e2ncia e versatilidade na decora\u00e7\u00e3o da sala. Ele combina com diversos estilos e cores, transformando qualquer ambiente com charme. Por que escolher um sof\u00e1 branco na decora\u00e7\u00e3o? Voc\u00ea j\u00e1 notou como um sof\u00e1 branco traz equil\u00edbrio e sofistica\u00e7\u00e3o para qualquer sala? \u00c9 uma pe\u00e7a neutra [&hellip;]<\/p>\n","protected":false},"author":20,"featured_media":156550,"comment_status":"open","ping_status":"","sticky":false,"template":"","format":"standard","meta":{"footnotes":""},"categories":[],"tags":[],"class_list":["post-156551","post","type-post","status-publish","format-standard","has-post-thumbnail"],"_wp_attached_file":null,"_wp_attachment_metadata":null,"_wp_attachment_context":null,"_wp_attachment_is_custom_header":null,"geo_longitude":null,"geo_public":null,"geo_latitude":null,"_publicize_done_external":null,"_wpas_done_3897181":null,"publicize_twitter_user":null,"_wpas_done_3897175":null,"_wpas_skip_3897181":null,"_wpas_skip_3897175":null,"_wpas_skip_3924723":null,"_wpas_mess":null,"_wpas_done_3924723":null,"wps_subtitle":"","_links":{"self":[{"href":"https:\/\/www.aarquiteta.com.br\/blog\/wp-json\/wp\/v2\/posts\/156551","targetHints":{"allow":["GET"]}}],"collection":[{"href":"https:\/\/www.aarquiteta.com.br\/blog\/wp-json\/wp\/v2\/posts"}],"about":[{"href":"https:\/\/www.aarquiteta.com.br\/blog\/wp-json\/wp\/v2\/types\/post"}],"author":[{"embeddable":true,"href":"https:\/\/www.aarquiteta.com.br\/blog\/wp-json\/wp\/v2\/users\/20"}],"replies":[{"embeddable":true,"href":"https:\/\/www.aarquiteta.com.br\/blog\/wp-json\/wp\/v2\/comments?post=156551"}],"version-history":[{"count":0,"href":"https:\/\/www.aarquiteta.com.br\/blog\/wp-json\/wp\/v2\/posts\/156551\/revisions"}],"wp:featuredmedia":[{"embeddable":true,"href":"https:\/\/www.aarquiteta.com.br\/blog\/wp-json\/wp\/v2\/media\/156550"}],"wp:attachment":[{"href":"https:\/\/www.aarquiteta.com.br\/blog\/wp-json\/wp\/v2\/media?parent=156551"}],"wp:term":[{"taxonomy":"category","embeddable":true,"href":"https:\/\/www.aarquiteta.com.br\/blog\/wp-json\/wp\/v2\/categories?post=156551"},{"taxonomy":"post_tag","embeddable":true,"href":"https:\/\/www.aarquiteta.com.br\/blog\/wp-json\/wp\/v2\/tags?post=156551"}],"curies":[{"name":"wp","href":"https:\/\/api.w.org\/{rel}","templated":true}]}}