{"id":156536,"date":"2026-02-05T00:02:07","date_gmt":"2026-02-05T03:02:07","guid":{"rendered":"https:\/\/www.aarquiteta.com.br\/blog\/decoracao-praia-2\/"},"modified":"2026-02-05T00:02:07","modified_gmt":"2026-02-05T03:02:07","slug":"decoracao-praia-2","status":"publish","type":"post","link":"https:\/\/www.aarquiteta.com.br\/blog\/decoracao-praia-2\/","title":{"rendered":"Decora\u00e7\u00e3o de praia: ideias inspiradoras para criar ambientes acolhedores e com estilo litoral"},"content":{"rendered":"<p><b>Quer deixar sua casa com a energia e o aconchego da praia?<\/b> Vou mostrar ideias simples e estilosas para criar um ambiente com aquela vibe litoral que todos amam.<\/p>\n<h3>A ess\u00eancia da decora\u00e7\u00e3o de praia: conforto e personalidade<\/h3>\n<p>Voc\u00ea j\u00e1 percebeu como um detalhe pode virar o ponto alto de uma decora\u00e7\u00e3o praiana? <b>A decora\u00e7\u00e3o de praia<\/b> n\u00e3o \u00e9 s\u00f3 sobre cores claras, mas tamb\u00e9m sobre trazer um clima leve e acolhedor.<\/p>\n<p>Confesso que, para mim, o segredo est\u00e1 em combinar elementos naturais com toques de personalidade. Essa mistura cria um espa\u00e7o que parece abra\u00e7ar a gente, sabe?<\/p>\n<p>Vou te contar como escolher m\u00f3veis, cores e texturas para o seu cantinho ficar com a energia do mar, sem perder a sua cara.<\/p>\n<img decoding=\"async\" src=\"https:\/\/www.aarquiteta.com.br\/blog\/wp-content\/uploads\/2026\/02\/Decorayyo-de-praia-ideias-inspiradoras-para-criar-ambientes-acolhedores-e-com-estilo-litoral-01.jpg\" alt=\"Decora\u00e7\u00e3o de praia: ideias inspiradoras para criar ambientes acolhedores e com estilo litoral\" width=\"1024\" height=\"1024\" title=\"\"> Decora\u00e7\u00e3o de praia: ideias inspiradoras para criar ambientes acolhedores e com estilo litoral\/caption]\n<h3>Paleta de cores: do azul profundo ao bege areia<\/h3>\n<p><b>As cores s\u00e3o o cora\u00e7\u00e3o da decora\u00e7\u00e3o de praia.<\/b> Tons de azul remetem diretamente ao mar, enquanto os beges evocam a areia quente.<\/p>\n<p>Mas n\u00e3o se prenda s\u00f3 a eles! Cores vibrantes e detalhes coloridos tamb\u00e9m fazem parte do jogo, trazendo alegria sem perder o estilo.<\/p>\n<h3>Material natural e r\u00fastico para um toque especial<\/h3>\n<p><b>Madeira, vime, palha e fibras naturais<\/b> s\u00e3o campe\u00f5es na decora\u00e7\u00e3o \u00e0 beira-mar. Eles adicionam textura e delineiam o clima acolhedor.<\/p>\n<p>Al\u00e9m disso, usar m\u00f3veis com aspecto r\u00fastico ou at\u00e9 pe\u00e7as recicladas valoriza a simplicidade charmosa do litoral.<\/p>\n<img decoding=\"async\" src=\"https:\/\/www.aarquiteta.com.br\/blog\/wp-content\/uploads\/2026\/02\/Decorayyo-de-praia-ideias-inspiradoras-para-criar-ambientes-acolhedores-e-com-estilo-litoral-02.jpg\" alt=\"Decora\u00e7\u00e3o de praia: ideias inspiradoras para criar ambientes acolhedores e com estilo litoral\" width=\"1024\" height=\"1024\" title=\"\"> Decora\u00e7\u00e3o de praia: ideias inspiradoras para criar ambientes acolhedores e com estilo litoral\/caption]\n<h3>Ilumina\u00e7\u00e3o suave para um clima relaxante<\/h3>\n<p>Invista em luzes indiretas, abajures de fibra natural e velas para criar aquela <b>atm osfera tranquila e convidativa<\/b>.<\/p>\n<p>Deixe a luz natural invadir sempre que poss\u00edvel \u2014 nada como a luz do sol para completar o cen\u00e1rio praiano.<\/p>\n<h3>Elementos decorativos com estilo n\u00e1utico<\/h3>\n<ul>\n<li><b>Quadros e objetos com conchas, redes e acess\u00f3rios de esportes aqu\u00e1ticos<\/b> d\u00e3o identidade ao ambiente.<\/li>\n<li>Vale apostar em detalhes listrados ou objetos feitos \u00e0 m\u00e3o, como macram\u00ea, para refor\u00e7ar o clima litor\u00e2neo.<\/li>\n<li>M\u00f3veis e objetos antigos tamb\u00e9m trazem um charme cl\u00e1ssico muito bem-vindo.<\/li>\n<\/ul>\n<h3>Prote\u00e7\u00e3o e praticidade: cuidados para a praia<\/h3>\n<p>Ambientes perto do mar exigem aten\u00e7\u00e3o na escolha dos materiais. <b>Capas de tecido resistentes<\/b> ajudam a proteger sof\u00e1s da maresia sem perder o conforto.<\/p>\n<p>Use revestimentos f\u00e1ceis de limpar, como pisos de cimento queimado ou ladrilhos hidr\u00e1ulicos, que unem beleza e praticidade.<\/p>\n<img decoding=\"async\" src=\"https:\/\/www.aarquiteta.com.br\/blog\/wp-content\/uploads\/2026\/02\/Decorayyo-de-praia-ideias-inspiradoras-para-criar-ambientes-acolhedores-e-com-estilo-litoral-03.jpg\" alt=\"Decora\u00e7\u00e3o de praia: ideias inspiradoras para criar ambientes acolhedores e com estilo litoral\" width=\"1024\" height=\"1024\" title=\"\"> Decora\u00e7\u00e3o de praia: ideias inspiradoras para criar ambientes acolhedores e com estilo litoral\/caption]\n<h3>M\u00f3veis e disposi\u00e7\u00e3o: conforto em primeiro lugar<\/h3>\n<p><b>O mobili\u00e1rio deve ser acolhedor<\/b> para garantir momentos de descanso e divers\u00e3o com a fam\u00edlia e amigos.<\/p>\n<p>Cadeiras com encosto de palha, redes para relaxar e mesas feitas com pallets s\u00e3o escolhas certeiras para deixar o ambiente descontra\u00eddo e funcional.<\/p>\n<h3>Tabela comparativa: materiais e efeitos na decora\u00e7\u00e3o de praia<\/h3>\n<table border=\"1\" cellpadding=\"8\" cellspacing=\"0\" style=\"border-collapse: collapse; width: 100%;\">\n<thead>\n<tr>\n<th>Material<\/th>\n<th>Caracter\u00edstica<\/th>\n<th>Benef\u00edcio<\/th>\n<th>Uso Ideal<\/th>\n<\/tr>\n<\/thead>\n<tbody>\n<tr>\n<td>Madeira r\u00fastica<\/td>\n<td>Dur\u00e1vel, aconchegante<\/td>\n<td>Adiciona calor natural ao ambiente<\/td>\n<td>M\u00f3veis, vigas, mesas<\/td>\n<\/tr>\n<tr>\n<td>Vime e palha<\/td>\n<td>Leve, respir\u00e1vel<\/td>\n<td>Cria clima despojado e tropical<\/td>\n<td>Cadeiras, lumin\u00e1rias, objetos decorativos<\/td>\n<\/tr>\n<tr>\n<td>Cimento queimado<\/td>\n<td>Moderno e resistente<\/td>\n<td>Praticidade aliada ao design<\/td>\n<td>Pisos e paredes<\/td>\n<\/tr>\n<tr>\n<td>Ladrilhos hidr\u00e1ulicos<\/td>\n<td>Colorido, vers\u00e1til<\/td>\n<td>Toque art\u00edstico e alegre<\/td>\n<td>Cozinhas, lavabos, varandas<\/td>\n<\/tr>\n<\/tbody>\n<\/table>\n<h3>Inspira\u00e7\u00e3o e personalidade: o segredo do seu ref\u00fagio praiano<\/h3>\n<p>N\u00e3o tenha medo de ousar e trazer elementos que falem de voc\u00ea. <b>Seja atrav\u00e9s de objetos colecionados ou cores preferidas<\/b>, tudo conta para compor um espa\u00e7o com alma.<\/p>\n<p>O mais importante \u00e9 que sua casa na praia seja um ref\u00fagio, um lugar para recarregar as energias, relaxar e aproveitar momentos preciosos.<\/p>\n<p>Quer mais dicas e inspira\u00e7\u00f5es para transformar sua casa? Deixe seu coment\u00e1rio e descubra conte\u00fados incr\u00edveis que v\u00e3o al\u00e9m da decora\u00e7\u00e3o! Vamos juntos criar espa\u00e7os cheios de estilo e conforto.<\/p>\n<img decoding=\"async\" src=\"https:\/\/www.aarquiteta.com.br\/blog\/wp-content\/uploads\/2026\/02\/Decorayyo-de-praia-ideias-inspiradoras-para-criar-ambientes-acolhedores-e-com-estilo-litoral-04.jpg\" alt=\"Decora\u00e7\u00e3o de praia: ideias inspiradoras para criar ambientes acolhedores e com estilo litoral\" width=\"1024\" height=\"1024\" title=\"\"> Decora\u00e7\u00e3o de praia: ideias inspiradoras para criar ambientes acolhedores e com estilo litoral\/caption]\n","protected":false},"excerpt":{"rendered":"<p>Quer deixar sua casa com a energia e o aconchego da praia? Vou mostrar ideias simples e estilosas para criar um ambiente com aquela vibe litoral que todos amam. A ess\u00eancia da decora\u00e7\u00e3o de praia: conforto e personalidade Voc\u00ea j\u00e1 percebeu como um detalhe pode virar o ponto alto de uma decora\u00e7\u00e3o praiana? A decora\u00e7\u00e3o [&hellip;]<\/p>\n","protected":false},"author":20,"featured_media":156535,"comment_status":"open","ping_status":"","sticky":false,"template":"","format":"standard","meta":{"footnotes":""},"categories":[],"tags":[],"class_list":["post-156536","post","type-post","status-publish","format-standard","has-post-thumbnail"],"_wp_attached_file":null,"_wp_attachment_metadata":null,"_wp_attachment_context":null,"_wp_attachment_is_custom_header":null,"geo_longitude":null,"geo_public":null,"geo_latitude":null,"_publicize_done_external":null,"_wpas_done_3897181":null,"publicize_twitter_user":null,"_wpas_done_3897175":null,"_wpas_skip_3897181":null,"_wpas_skip_3897175":null,"_wpas_skip_3924723":null,"_wpas_mess":null,"_wpas_done_3924723":null,"wps_subtitle":"","_links":{"self":[{"href":"https:\/\/www.aarquiteta.com.br\/blog\/wp-json\/wp\/v2\/posts\/156536","targetHints":{"allow":["GET"]}}],"collection":[{"href":"https:\/\/www.aarquiteta.com.br\/blog\/wp-json\/wp\/v2\/posts"}],"about":[{"href":"https:\/\/www.aarquiteta.com.br\/blog\/wp-json\/wp\/v2\/types\/post"}],"author":[{"embeddable":true,"href":"https:\/\/www.aarquiteta.com.br\/blog\/wp-json\/wp\/v2\/users\/20"}],"replies":[{"embeddable":true,"href":"https:\/\/www.aarquiteta.com.br\/blog\/wp-json\/wp\/v2\/comments?post=156536"}],"version-history":[{"count":0,"href":"https:\/\/www.aarquiteta.com.br\/blog\/wp-json\/wp\/v2\/posts\/156536\/revisions"}],"wp:featuredmedia":[{"embeddable":true,"href":"https:\/\/www.aarquiteta.com.br\/blog\/wp-json\/wp\/v2\/media\/156535"}],"wp:attachment":[{"href":"https:\/\/www.aarquiteta.com.br\/blog\/wp-json\/wp\/v2\/media?parent=156536"}],"wp:term":[{"taxonomy":"category","embeddable":true,"href":"https:\/\/www.aarquiteta.com.br\/blog\/wp-json\/wp\/v2\/categories?post=156536"},{"taxonomy":"post_tag","embeddable":true,"href":"https:\/\/www.aarquiteta.com.br\/blog\/wp-json\/wp\/v2\/tags?post=156536"}],"curies":[{"name":"wp","href":"https:\/\/api.w.org\/{rel}","templated":true}]}}