{"id":156531,"date":"2026-02-04T16:02:24","date_gmt":"2026-02-04T19:02:24","guid":{"rendered":"https:\/\/www.aarquiteta.com.br\/blog\/parede-rosa-2\/"},"modified":"2026-02-04T16:02:24","modified_gmt":"2026-02-04T19:02:24","slug":"parede-rosa-2","status":"publish","type":"post","link":"https:\/\/www.aarquiteta.com.br\/blog\/parede-rosa-2\/","title":{"rendered":"Transforme seus ambientes com a versatilidade e charme da parede rosa"},"content":{"rendered":"<p><b>Quer dar um toque \u00fanico e cheio de charme aos seus ambientes?<\/b> A parede rosa \u00e9 a escolha perfeita para transformar qualquer espa\u00e7o da sua casa com versatilidade e estilo.<\/p>\n<h3>Por que a parede rosa \u00e9 t\u00e3o vers\u00e1til na decora\u00e7\u00e3o?<\/h3>\n<p><b>Quando pensamos em parede rosa, logo lembramos do quarto infantil, certo?<\/b> Mas essa cor vai muito al\u00e9m disso.<\/p>\n<p>Ela se adapta a diversos ambientes, do living \u00e0 lavanderia, trazendo suavidade ou at\u00e9 um toque vibrante.<\/p>\n<img decoding=\"async\" src=\"https:\/\/www.aarquiteta.com.br\/blog\/wp-content\/uploads\/2026\/02\/Transforme-seus-ambientes-com-a-versatilidade-e-charme-da-parede-rosa-01.jpg\" alt=\"Transforme seus ambientes com a versatilidade e charme da parede rosa\" width=\"1024\" height=\"1024\" title=\"\"> Transforme seus ambientes com a versatilidade e charme da parede rosa\/caption]\n<h3>Como escolher o tom certo de rosa para sua parede?<\/h3>\n<p>Existe uma infinidade de tons de rosa, do mais clarinho ao rosa queimado e pink.<\/p>\n<p><b>O segredo \u00e9 escolher a intensidade que conversa com seu estilo e ambiente.<\/b><\/p>\n<h3>Ideias para usar a parede rosa na sala de estar<\/h3>\n<ul>\n<li><b>Pinte uma parede inteira<\/b> para foco e personalidade;<\/li>\n<li>Use rosa combinado com cinza para um equil\u00edbrio elegante;<\/li>\n<li>Detalhes em rosa, como molduras ou nichos, s\u00e3o sutis e charmosos.<\/li>\n<\/ul>\n<img decoding=\"async\" src=\"https:\/\/www.aarquiteta.com.br\/blog\/wp-content\/uploads\/2026\/02\/Transforme-seus-ambientes-com-a-versatilidade-e-charme-da-parede-rosa-02.jpg\" alt=\"Transforme seus ambientes com a versatilidade e charme da parede rosa\" width=\"1024\" height=\"1024\" title=\"\"> Transforme seus ambientes com a versatilidade e charme da parede rosa\/caption]\n<h3>Parede rosa no quarto: suave ou vibrante?<\/h3>\n<p><b>Para quartos, os tons past\u00e9is oferecem calma e aconchego.<\/b> J\u00e1 o rosa vibrante traz energia e modernidade.<\/p>\n<p>Voc\u00ea pode at\u00e9 brincar com mesclas de tons para um efeito \u00fanico.<\/p>\n<h3>Banheiros e cozinhas com parede rosa: charme garantido<\/h3>\n<p><b>Azulejos rosas ou revestimentos 3D trazem textura e sofistica\u00e7\u00e3o.<\/b> Para quem gosta de ousar, o rosa queimado \u00e9 uma linda escolha.<\/p>\n<h3>Dicas para combinar a parede rosa com outras cores<\/h3>\n<table border=\"1\" cellpadding=\"6\" cellspacing=\"0\" style=\"border-collapse: collapse; width: 100%;\">\n<thead>\n<tr>\n<th style=\"text-align:left;\">Cor<\/th>\n<th style=\"text-align:left;\">Resultado na decora\u00e7\u00e3o<\/th>\n<th style=\"text-align:left;\">Sugest\u00f5es<\/th>\n<\/tr>\n<\/thead>\n<tbody>\n<tr>\n<td>Cinza<\/td>\n<td>Eleg\u00e2ncia e equil\u00edbrio<\/td>\n<td>M\u00f3veis neutros, tapetes cinza claro<\/td>\n<\/tr>\n<tr>\n<td>Verde<\/td>\n<td>Contraste vibrante e natural<\/td>\n<td>Plantas, almofadas verdes<\/td>\n<\/tr>\n<tr>\n<td>Branco<\/td>\n<td>Leveza e amplitude<\/td>\n<td>M\u00f3veis minimalistas, ilumina\u00e7\u00e3o clara<\/td>\n<\/tr>\n<tr>\n<td>Madeira<\/td>\n<td>Calor e aconchego<\/td>\n<td>Piso ou m\u00f3veis em tons m\u00e9dios a escuros<\/td>\n<\/tr>\n<\/tbody>\n<\/table>\n<img decoding=\"async\" src=\"https:\/\/www.aarquiteta.com.br\/blog\/wp-content\/uploads\/2026\/02\/Transforme-seus-ambientes-com-a-versatilidade-e-charme-da-parede-rosa-03.jpg\" alt=\"Transforme seus ambientes com a versatilidade e charme da parede rosa\" width=\"1024\" height=\"1024\" title=\"\"> Transforme seus ambientes com a versatilidade e charme da parede rosa\/caption]\n<h3>Como usar a parede rosa para ambientes pequenos<\/h3>\n<p><b>Em espa\u00e7os modestos, o rosa claro amplia e ilumina.<\/b> J\u00e1 detalhes em rosa ajudam a destacar sem cansar o olhar.<\/p>\n<p>Vale investir em espelhos para refletir a cor e ampliar o espa\u00e7o visualmente.<\/p>\n<h3>Parede rosa: um toque de personalidade em qualquer espa\u00e7o<\/h3>\n<p><b>Voc\u00ea pode abusar da parede rosa com muita criatividade.<\/b> Seja em uma reforma inovadora ou um cantinho especial, a cor vai trazer vida.<\/p>\n<p>Al\u00e9m de valorizar seu lar, ela traz aquela sensa\u00e7\u00e3o gostosa de aconchego e estilo.<\/p>\n<h3>Que tal dar vida nova \u00e0 sua casa com a parede rosa?<\/h3>\n<p>Agora que voc\u00ea j\u00e1 sabe como usar essa cor vers\u00e1til, <b>por que n\u00e3o experimentar?<\/b> Que tal come\u00e7ar com um detalhe ou uma parede inteira?<\/p>\n<p>Comente aqui qual ambiente voc\u00ea escolheria para a sua parede rosa e compartilhe suas ideias!<\/p>\n<h3>Conte\u00fados que voc\u00ea pode gostar:<\/h3>\n<ul>\n<li><a href=\"#\">Cores para home office: aumente o foco e o bem-estar<\/a><\/li>\n<li><a href=\"#\">Decora\u00e7\u00e3o n\u00e1utica: sua casa com clima de mar<\/a><\/li>\n<li><a href=\"#\">Teto colorido: ideias para transformar seus ambientes<\/a><\/li>\n<li><a href=\"#\">7 cores que acalmam e como usar no seu lar<\/a><\/li>\n<\/ul>\n<img decoding=\"async\" src=\"https:\/\/www.aarquiteta.com.br\/blog\/wp-content\/uploads\/2026\/02\/Transforme-seus-ambientes-com-a-versatilidade-e-charme-da-parede-rosa-04.jpg\" alt=\"Transforme seus ambientes com a versatilidade e charme da parede rosa\" width=\"1024\" height=\"1024\" title=\"\"> Transforme seus ambientes com a versatilidade e charme da parede rosa\/caption]\n","protected":false},"excerpt":{"rendered":"<p>Quer dar um toque \u00fanico e cheio de charme aos seus ambientes? A parede rosa \u00e9 a escolha perfeita para transformar qualquer espa\u00e7o da sua casa com versatilidade e estilo. Por que a parede rosa \u00e9 t\u00e3o vers\u00e1til na decora\u00e7\u00e3o? Quando pensamos em parede rosa, logo lembramos do quarto infantil, certo? Mas essa cor vai [&hellip;]<\/p>\n","protected":false},"author":20,"featured_media":156530,"comment_status":"open","ping_status":"","sticky":false,"template":"","format":"standard","meta":{"footnotes":""},"categories":[],"tags":[],"class_list":["post-156531","post","type-post","status-publish","format-standard","has-post-thumbnail"],"_wp_attached_file":null,"_wp_attachment_metadata":null,"_wp_attachment_context":null,"_wp_attachment_is_custom_header":null,"geo_longitude":null,"geo_public":null,"geo_latitude":null,"_publicize_done_external":null,"_wpas_done_3897181":null,"publicize_twitter_user":null,"_wpas_done_3897175":null,"_wpas_skip_3897181":null,"_wpas_skip_3897175":null,"_wpas_skip_3924723":null,"_wpas_mess":null,"_wpas_done_3924723":null,"wps_subtitle":"","_links":{"self":[{"href":"https:\/\/www.aarquiteta.com.br\/blog\/wp-json\/wp\/v2\/posts\/156531","targetHints":{"allow":["GET"]}}],"collection":[{"href":"https:\/\/www.aarquiteta.com.br\/blog\/wp-json\/wp\/v2\/posts"}],"about":[{"href":"https:\/\/www.aarquiteta.com.br\/blog\/wp-json\/wp\/v2\/types\/post"}],"author":[{"embeddable":true,"href":"https:\/\/www.aarquiteta.com.br\/blog\/wp-json\/wp\/v2\/users\/20"}],"replies":[{"embeddable":true,"href":"https:\/\/www.aarquiteta.com.br\/blog\/wp-json\/wp\/v2\/comments?post=156531"}],"version-history":[{"count":0,"href":"https:\/\/www.aarquiteta.com.br\/blog\/wp-json\/wp\/v2\/posts\/156531\/revisions"}],"wp:featuredmedia":[{"embeddable":true,"href":"https:\/\/www.aarquiteta.com.br\/blog\/wp-json\/wp\/v2\/media\/156530"}],"wp:attachment":[{"href":"https:\/\/www.aarquiteta.com.br\/blog\/wp-json\/wp\/v2\/media?parent=156531"}],"wp:term":[{"taxonomy":"category","embeddable":true,"href":"https:\/\/www.aarquiteta.com.br\/blog\/wp-json\/wp\/v2\/categories?post=156531"},{"taxonomy":"post_tag","embeddable":true,"href":"https:\/\/www.aarquiteta.com.br\/blog\/wp-json\/wp\/v2\/tags?post=156531"}],"curies":[{"name":"wp","href":"https:\/\/api.w.org\/{rel}","templated":true}]}}