{"id":156524,"date":"2026-02-04T08:02:06","date_gmt":"2026-02-04T11:02:06","guid":{"rendered":"https:\/\/www.aarquiteta.com.br\/blog\/divisoria-de-vidro-4\/"},"modified":"2026-02-04T08:02:06","modified_gmt":"2026-02-04T11:02:06","slug":"divisoria-de-vidro-4","status":"publish","type":"post","link":"https:\/\/www.aarquiteta.com.br\/blog\/divisoria-de-vidro-4\/","title":{"rendered":"Divis\u00f3rias de vidro: a solu\u00e7\u00e3o elegante para organizar e valorizar seus ambientes"},"content":{"rendered":"<p><b>Divis\u00f3rias de vidro<\/b> s\u00e3o a escolha perfeita para dividir e valorizar seus ambientes, trazendo charme, ilumina\u00e7\u00e3o e organiza\u00e7\u00e3o com eleg\u00e2ncia.<\/p>\n<h3>Por que a divis\u00f3ria de vidro \u00e9 a melhor op\u00e7\u00e3o para organizar ambientes?<\/h3>\n<p>Voc\u00ea j\u00e1 pensou em <b>transformar sua casa sem perder a sensa\u00e7\u00e3o de espa\u00e7o?<\/b> As divis\u00f3rias de vidro fazem isso com maestria.<\/p>\n<p>Al\u00e9m de separar os ambientes, elas <b>deixam a ilumina\u00e7\u00e3o natural fluir livremente<\/b>, criando um ambiente leve e moderno.<\/p>\n<p>Sem contar que s\u00e3o vers\u00e1teis e combinam com todos os estilos de decora\u00e7\u00e3o.<\/p>\n<img decoding=\"async\" src=\"https:\/\/www.aarquiteta.com.br\/blog\/wp-content\/uploads\/2026\/02\/Divisyrias-de-vidro-a-soluyyo-elegante-para-organizar-e-valorizar-seus-ambientes-01.jpg\" alt=\"Divis\u00f3rias de vidro: a solu\u00e7\u00e3o elegante para organizar e valorizar seus ambientes\" width=\"1024\" height=\"1024\" title=\"\"> Divis\u00f3rias de vidro: a solu\u00e7\u00e3o elegante para organizar e valorizar seus ambientes\/caption]\n<h3>Principais benef\u00edcios das divis\u00f3rias de vidro<\/h3>\n<ul>\n<li><b>Economia de espa\u00e7o:<\/b> divis\u00f3rias s\u00e3o finas e aproveitam melhor o local.<\/li>\n<li><b>Ilumina\u00e7\u00e3o natural:<\/b> o vidro deixa a luz passar para todos os cantinhos.<\/li>\n<li><b>Isolamento ac\u00fastico:<\/b> ajuda a reduzir ru\u00eddos entre ambientes.<\/li>\n<li><b>Est\u00e9tica refinada:<\/b> torna a decora\u00e7\u00e3o mais charmosa e sofisticada.<\/li>\n<li><b>Personaliza\u00e7\u00e3o:<\/b> \u00e9 poss\u00edvel escolher vidro liso, canelado ou jateado, fixo ou m\u00f3vel.<\/li>\n<\/ul>\n<img decoding=\"async\" src=\"https:\/\/www.aarquiteta.com.br\/blog\/wp-content\/uploads\/2026\/02\/Divisyrias-de-vidro-a-soluyyo-elegante-para-organizar-e-valorizar-seus-ambientes-02.jpg\" alt=\"Divis\u00f3rias de vidro: a solu\u00e7\u00e3o elegante para organizar e valorizar seus ambientes\" width=\"1024\" height=\"1024\" title=\"\"> Divis\u00f3rias de vidro: a solu\u00e7\u00e3o elegante para organizar e valorizar seus ambientes\/caption]\n<h3>Como escolher o modelo ideal para seu projeto?<\/h3>\n<p>Pense no uso do espa\u00e7o: a divis\u00f3ria pode ser de vidro de correr para otimizar circula\u00e7\u00e3o.<\/p>\n<p>Vidros jateados garantem privacidade e estilo, \u00f3timos para banheiros e \u00e1reas \u00edntimas.<\/p>\n<p>J\u00e1 o vidro transparente cria ambientes integrados, perfeitos para salas e escrit\u00f3rios.<\/p>\n<h3>Tabela comparativa: modelos de divis\u00f3rias de vidro e suas fun\u00e7\u00f5es<\/h3>\n<table border=\"1\" cellpadding=\"8\" cellspacing=\"0\">\n<thead>\n<tr>\n<th>Tipo de Vidro<\/th>\n<th>Privacidade<\/th>\n<th>Aplica\u00e7\u00e3o Indicada<\/th>\n<th>Vantagens<\/th>\n<\/tr>\n<\/thead>\n<tbody>\n<tr>\n<td>Vidro Transparente<\/td>\n<td>Baixa<\/td>\n<td>Salas, escrit\u00f3rios, cozinhas<\/td>\n<td>Ilumina\u00e7\u00e3o e sensa\u00e7\u00e3o de amplitude<\/td>\n<\/tr>\n<tr>\n<td>Vidro Jateado<\/td>\n<td>Alta<\/td>\n<td>Banheiros, quartos, \u00e1reas reservadas<\/td>\n<td>Privacidade sem perder o charme<\/td>\n<\/tr>\n<tr>\n<td>Vidro Canelado<\/td>\n<td>M\u00e9dia<\/td>\n<td>Corredores, \u00e1reas de servi\u00e7o<\/td>\n<td>Visual elegante com leve oculta\u00e7\u00e3o<\/td>\n<\/tr>\n<tr>\n<td>Vidro de Correr<\/td>\n<td>Vari\u00e1vel<\/td>\n<td>Ambientes que exigem flexibilidade<\/td>\n<td>Praticidade e melhor circula\u00e7\u00e3o<\/td>\n<\/tr>\n<\/tbody>\n<\/table>\n<img decoding=\"async\" src=\"https:\/\/www.aarquiteta.com.br\/blog\/wp-content\/uploads\/2026\/02\/Divisyrias-de-vidro-a-soluyyo-elegante-para-organizar-e-valorizar-seus-ambientes-03.jpg\" alt=\"Divis\u00f3rias de vidro: a solu\u00e7\u00e3o elegante para organizar e valorizar seus ambientes\" width=\"1024\" height=\"1024\" title=\"\"> Divis\u00f3rias de vidro: a solu\u00e7\u00e3o elegante para organizar e valorizar seus ambientes\/caption]\n<h3>Quanto custa uma divis\u00f3ria de vidro sob medida?<\/h3>\n<p>O investimento varia entre <b>R$ 1.700 e R$ 3.500<\/b>, dependendo do tamanho, tipo do vidro e acabamento escolhido.<\/p>\n<p>Optar pela medida certa \u00e9 fundamental para garantir resultado funcional e est\u00e9tico.<\/p>\n<p>Vale considerar tamb\u00e9m a instala\u00e7\u00e3o profissional para seguran\u00e7a e durabilidade.<\/p>\n<h3>Como as divis\u00f3rias de vidro valorizam ambientes pequenos?<\/h3>\n<p>Ambientes reduzidos ganham <b>uma sensa\u00e7\u00e3o maior de espa\u00e7o<\/b> com o vidro, porque ele n\u00e3o bloqueia a luz e mant\u00e9m o espa\u00e7o visual aberto.<\/p>\n<p>Al\u00e9m disso, a organiza\u00e7\u00e3o fica evidente, pois cada \u00e1rea tem sua fun\u00e7\u00e3o delimitada, sem bagun\u00e7a.<\/p>\n<h3>Dicas para combinar a divis\u00f3ria de vidro com a decora\u00e7\u00e3o<\/h3>\n<ul>\n<li><b>Estilo industrial:<\/b> combine vidro com estrutura met\u00e1lica para um toque contempor\u00e2neo.<\/li>\n<li><b>Toques naturais:<\/b> use plantas pr\u00f3ximas \u00e0 divis\u00f3ria para suavizar e integrar o ambiente.<\/li>\n<li><b>Ilumina\u00e7\u00e3o:<\/b> aposte em luzes indiretas para destacar a transpar\u00eancia sem ofuscar.<\/li>\n<li><b>Complementos:<\/b> cortinas leves podem ajudar a controlar privacidade sem perder a leveza.<\/li>\n<\/ul>\n<h3>A instala\u00e7\u00e3o da divis\u00f3ria de vidro pode ser em qualquer ambiente?<\/h3>\n<p>Sim! Elas s\u00e3o indicadas para a cozinha, banheiro, escrit\u00f3rio, salas e at\u00e9 \u00e1reas externas, garantindo funcionalidade em todos os espa\u00e7os.<\/p>\n<p>Para espa\u00e7os externos, escolha vidros com tratamento especial para resistir ao clima.<\/p>\n<p>Assim, seu investimento fica protegido e com estilo garantido por muito tempo.<\/p>\n<p>Agora que j\u00e1 sabe o quanto a <b>divis\u00f3ria de vidro transforma qualquer ambiente<\/b>, que tal repensar seus espa\u00e7os com essa solu\u00e7\u00e3o pr\u00e1tica e elegante?<\/p>\n<p>Compartilhe nos coment\u00e1rios suas d\u00favidas ou inspira\u00e7\u00f5es, e aproveite para navegar por mais dicas incr\u00edveis no nosso blog!<\/p>\n<h3>Sugest\u00f5es de conte\u00fados relacionados:<\/h3>\n<ul>\n<li>Cores para home office: aumente seu foco e bem-estar<\/li>\n<li>Decora\u00e7\u00e3o industrial: como aplicar no seu espa\u00e7o<\/li>\n<li>Ideias para integrar ambientes pequenos com estilo<\/li>\n<\/ul>\n<img decoding=\"async\" src=\"https:\/\/www.aarquiteta.com.br\/blog\/wp-content\/uploads\/2026\/02\/Divisyrias-de-vidro-a-soluyyo-elegante-para-organizar-e-valorizar-seus-ambientes-04.jpg\" alt=\"Divis\u00f3rias de vidro: a solu\u00e7\u00e3o elegante para organizar e valorizar seus ambientes\" width=\"1024\" height=\"1024\" title=\"\"> Divis\u00f3rias de vidro: a solu\u00e7\u00e3o elegante para organizar e valorizar seus ambientes\/caption]\n","protected":false},"excerpt":{"rendered":"<p>Divis\u00f3rias de vidro s\u00e3o a escolha perfeita para dividir e valorizar seus ambientes, trazendo charme, ilumina\u00e7\u00e3o e organiza\u00e7\u00e3o com eleg\u00e2ncia. Por que a divis\u00f3ria de vidro \u00e9 a melhor op\u00e7\u00e3o para organizar ambientes? Voc\u00ea j\u00e1 pensou em transformar sua casa sem perder a sensa\u00e7\u00e3o de espa\u00e7o? As divis\u00f3rias de vidro fazem isso com maestria. Al\u00e9m [&hellip;]<\/p>\n","protected":false},"author":20,"featured_media":156523,"comment_status":"open","ping_status":"","sticky":false,"template":"","format":"standard","meta":{"footnotes":""},"categories":[],"tags":[],"class_list":["post-156524","post","type-post","status-publish","format-standard","has-post-thumbnail"],"_wp_attached_file":null,"_wp_attachment_metadata":null,"_wp_attachment_context":null,"_wp_attachment_is_custom_header":null,"geo_longitude":null,"geo_public":null,"geo_latitude":null,"_publicize_done_external":null,"_wpas_done_3897181":null,"publicize_twitter_user":null,"_wpas_done_3897175":null,"_wpas_skip_3897181":null,"_wpas_skip_3897175":null,"_wpas_skip_3924723":null,"_wpas_mess":null,"_wpas_done_3924723":null,"wps_subtitle":"","_links":{"self":[{"href":"https:\/\/www.aarquiteta.com.br\/blog\/wp-json\/wp\/v2\/posts\/156524","targetHints":{"allow":["GET"]}}],"collection":[{"href":"https:\/\/www.aarquiteta.com.br\/blog\/wp-json\/wp\/v2\/posts"}],"about":[{"href":"https:\/\/www.aarquiteta.com.br\/blog\/wp-json\/wp\/v2\/types\/post"}],"author":[{"embeddable":true,"href":"https:\/\/www.aarquiteta.com.br\/blog\/wp-json\/wp\/v2\/users\/20"}],"replies":[{"embeddable":true,"href":"https:\/\/www.aarquiteta.com.br\/blog\/wp-json\/wp\/v2\/comments?post=156524"}],"version-history":[{"count":0,"href":"https:\/\/www.aarquiteta.com.br\/blog\/wp-json\/wp\/v2\/posts\/156524\/revisions"}],"wp:featuredmedia":[{"embeddable":true,"href":"https:\/\/www.aarquiteta.com.br\/blog\/wp-json\/wp\/v2\/media\/156523"}],"wp:attachment":[{"href":"https:\/\/www.aarquiteta.com.br\/blog\/wp-json\/wp\/v2\/media?parent=156524"}],"wp:term":[{"taxonomy":"category","embeddable":true,"href":"https:\/\/www.aarquiteta.com.br\/blog\/wp-json\/wp\/v2\/categories?post=156524"},{"taxonomy":"post_tag","embeddable":true,"href":"https:\/\/www.aarquiteta.com.br\/blog\/wp-json\/wp\/v2\/tags?post=156524"}],"curies":[{"name":"wp","href":"https:\/\/api.w.org\/{rel}","templated":true}]}}