{"id":156468,"date":"2026-01-31T06:22:34","date_gmt":"2026-01-31T09:22:34","guid":{"rendered":"https:\/\/www.aarquiteta.com.br\/blog\/cozinha-vermelha-e-preta-3\/"},"modified":"2026-01-31T06:22:34","modified_gmt":"2026-01-31T09:22:34","slug":"cozinha-vermelha-e-preta-3","status":"publish","type":"post","link":"https:\/\/www.aarquiteta.com.br\/blog\/cozinha-vermelha-e-preta-3\/","title":{"rendered":"Descubra 10 inspira\u00e7\u00f5es para uma cozinha vermelha e preta de impacto"},"content":{"rendered":"<p>Voc\u00ea est\u00e1 pensando em dar um upgrade na sua cozinha? A combina\u00e7\u00e3o de vermelho e preto pode transformar qualquer espa\u00e7o em algo surpreendente e cheio de estilo.<\/p>\n<figure style=\"width: 1024px\" class=\"wp-caption aligncenter\"><img decoding=\"async\" src=\"https:\/\/www.aarquiteta.com.br\/blog\/wp-content\/uploads\/2026\/01\/cozinha-vermelha-e-preta01.jpg\" alt=\"cozinha-vermelha-e-preta\" width=\"1024\" height=\"1024\" title=\"\"><figcaption class=\"wp-caption-text\">cozinha-vermelha-e-preta<\/figcaption><\/figure>\n<p>Essas cores criam um ambiente que \u00e9 tanto elegante quanto ousado, perfeito para quem n\u00e3o tem medo de inovar. Vamos explorar essas <b>incr\u00edveis inspira\u00e7\u00f5es<\/b> para sua cozinha vermelha e preta!<\/p>\n<figure style=\"width: 1024px\" class=\"wp-caption aligncenter\"><img decoding=\"async\" src=\"https:\/\/www.aarquiteta.com.br\/blog\/wp-content\/uploads\/2026\/01\/cozinha-vermelha-e-preta02.jpg\" alt=\"cozinha-vermelha-e-preta\" width=\"1024\" height=\"1024\" title=\"\"><figcaption class=\"wp-caption-text\">cozinha-vermelha-e-preta<\/figcaption><\/figure>\n<h3>1. Decora\u00e7\u00e3o para Ousados<\/h3>\n<p>A cozinha vermelha e preta \u00e9 ideal para quem <b>n\u00e3o tem medo de ousar<\/b>. Usar essas cores traz um ar moderno e vibrante, transformando o espa\u00e7o.<\/p>\n<figure style=\"width: 1024px\" class=\"wp-caption aligncenter\"><img decoding=\"async\" src=\"https:\/\/www.aarquiteta.com.br\/blog\/wp-content\/uploads\/2026\/01\/cozinha-vermelha-e-preta03.jpg\" alt=\"cozinha-vermelha-e-preta\" width=\"1024\" height=\"1024\" title=\"\"><figcaption class=\"wp-caption-text\">cozinha-vermelha-e-preta<\/figcaption><\/figure>\n<h3>2. Harmoniza\u00e7\u00e3o Perfeita<\/h3>\n<p>O equil\u00edbrio entre o vermelho e o preto \u00e9 essencial. Voc\u00ea pode <b>alternar os tons<\/b> entre paredes, m\u00f3veis e acess\u00f3rios para um resultado incr\u00edvel.<\/p>\n<h3>3. Melhores Acess\u00f3rios<\/h3>\n<p>Uma mesa vermelha, por exemplo, pode se tornar o <b>destaque<\/b> do ambiente, dando vida ao espa\u00e7o e chamando a aten\u00e7\u00e3o.<\/p>\n<h3>4. Arm\u00e1rios Marcantes<\/h3>\n<p>Que tal usar arm\u00e1rios pretos com portas vermelhas? Essa combina\u00e7\u00e3o \u00e9 <b>super estilosa<\/b> e garantidamente chama a aten\u00e7\u00e3o.<\/p>\n<h3>5. Utens\u00edlios como Destaque<\/h3>\n<p>Se voc\u00ea prefere um toque mais delicado, utens\u00edlios vermelhos em um fundo preto t\u00eam um <b>impacto fascinante<\/b> e tornam a cozinha mais interessante.<\/p>\n<h3>6. Geladeira Vibrante<\/h3>\n<p>Quem n\u00e3o sonha em ter uma geladeira vermelha? Esse elemento pode ser o <b>ponto focal<\/b> da sua cozinha.<\/p>\n<p><div class=\"youtube-embed\" data-video_id=\"V73AufGGTnU\"><iframe title=\"Minha cozinha vermelha e preta\" width=\"696\" height=\"392\" src=\"https:\/\/www.youtube.com\/embed\/V73AufGGTnU?feature=oembed&#038;enablejsapi=1\" frameborder=\"0\" allow=\"accelerometer; autoplay; clipboard-write; encrypted-media; gyroscope; picture-in-picture; web-share\" referrerpolicy=\"strict-origin-when-cross-origin\" allowfullscreen><\/iframe><\/div>\n<\/p>\n<h3>7. Revestimentos em Pastilhas<\/h3>\n<p>Revestimentos em pastilhas em tons de vermelho e preto trazem textura e <b>movimento<\/b> ao ambiente, criando uma atmosfera aconchegante.<\/p>\n<h3>8. Estilo Industrial<\/h3>\n<p>A combina\u00e7\u00e3o de vermelho e preto \u00e9 perfeita para um estilo <b>industrial<\/b>. Elementos met\u00e1licos e acabamentos r\u00fasticos funcionam muito bem.<\/p>\n<h3>9. Toques de Branco para Suavizar<\/h3>\n<p>Pode inserir o branco para <b>suavizar<\/b> o ambiente. Isso traz leveza e ajuda a destacar os tons vibrantes do vermelho.<\/p>\n<h3>10. Cuide dos Detalhes<\/h3>\n<p>Por fim, n\u00e3o se esque\u00e7a dos pequenos detalhes! Os <b>acess\u00f3rios e ilumina\u00e7\u00e3o<\/b> tamb\u00e9m devem refletir a ousadia dessa combina\u00e7\u00e3o de cores.<\/p>\n<table>\n<tr>\n<th>Inspira\u00e7\u00f5es<\/th>\n<th>Detalhes<\/th>\n<\/tr>\n<tr>\n<td>Decora\u00e7\u00e3o para Ousados<\/td>\n<td>Cores vibrantes que trazem modernidade.<\/td>\n<\/tr>\n<tr>\n<td>Harmoniza\u00e7\u00e3o Perfeita<\/td>\n<td>Equil\u00edbrio entre vermelho e preto.<\/td>\n<\/tr>\n<tr>\n<td>Melhores Acess\u00f3rios<\/td>\n<td>Mesas e utens\u00edlios impactantes.<\/td>\n<\/tr>\n<tr>\n<td>Arm\u00e1rios Marcantes<\/td>\n<td>Combina\u00e7\u00f5es de cores estilizadas.<\/td>\n<\/tr>\n<tr>\n<td>Estilo Industrial<\/td>\n<td>Elementos modernos e r\u00fasticos.<\/td>\n<\/tr>\n<\/table>\n<p>Com todas essas <b>inspira\u00e7\u00f5es para sua cozinha vermelha e preta<\/b>, \u00e9 hora de pensar em como dar aquele toque pessoal. Na decora\u00e7\u00e3o, sempre h\u00e1 espa\u00e7o para a criatividade.<\/p>\n<p>Quero saber: qual dessas ideias voc\u00ea mais gostou? Compartilhe suas experi\u00eancias ou crie suas pr\u00f3prias combina\u00e7\u00f5es e vamos interagir! Explore mais conte\u00fados e arrase na decora\u00e7\u00e3o da sua cozinha!<\/p>\n","protected":false},"excerpt":{"rendered":"<p>Descubra 10 inspira\u00e7\u00f5es para uma cozinha vermelha e preta de impacto<\/p>\n","protected":false},"author":102,"featured_media":156465,"comment_status":"open","ping_status":"","sticky":false,"template":"","format":"standard","meta":{"footnotes":""},"categories":[1484],"tags":[],"class_list":["post-156468","post","type-post","status-publish","format-standard","has-post-thumbnail","category-decoracao"],"_wp_attached_file":null,"_wp_attachment_metadata":null,"_wp_attachment_context":null,"_wp_attachment_is_custom_header":null,"geo_longitude":null,"geo_public":null,"geo_latitude":null,"_publicize_done_external":null,"_wpas_done_3897181":null,"publicize_twitter_user":null,"_wpas_done_3897175":null,"_wpas_skip_3897181":null,"_wpas_skip_3897175":null,"_wpas_skip_3924723":null,"_wpas_mess":null,"_wpas_done_3924723":null,"wps_subtitle":"","_links":{"self":[{"href":"https:\/\/www.aarquiteta.com.br\/blog\/wp-json\/wp\/v2\/posts\/156468","targetHints":{"allow":["GET"]}}],"collection":[{"href":"https:\/\/www.aarquiteta.com.br\/blog\/wp-json\/wp\/v2\/posts"}],"about":[{"href":"https:\/\/www.aarquiteta.com.br\/blog\/wp-json\/wp\/v2\/types\/post"}],"author":[{"embeddable":true,"href":"https:\/\/www.aarquiteta.com.br\/blog\/wp-json\/wp\/v2\/users\/102"}],"replies":[{"embeddable":true,"href":"https:\/\/www.aarquiteta.com.br\/blog\/wp-json\/wp\/v2\/comments?post=156468"}],"version-history":[{"count":0,"href":"https:\/\/www.aarquiteta.com.br\/blog\/wp-json\/wp\/v2\/posts\/156468\/revisions"}],"wp:featuredmedia":[{"embeddable":true,"href":"https:\/\/www.aarquiteta.com.br\/blog\/wp-json\/wp\/v2\/media\/156465"}],"wp:attachment":[{"href":"https:\/\/www.aarquiteta.com.br\/blog\/wp-json\/wp\/v2\/media?parent=156468"}],"wp:term":[{"taxonomy":"category","embeddable":true,"href":"https:\/\/www.aarquiteta.com.br\/blog\/wp-json\/wp\/v2\/categories?post=156468"},{"taxonomy":"post_tag","embeddable":true,"href":"https:\/\/www.aarquiteta.com.br\/blog\/wp-json\/wp\/v2\/tags?post=156468"}],"curies":[{"name":"wp","href":"https:\/\/api.w.org\/{rel}","templated":true}]}}