{"id":156447,"date":"2026-01-29T14:23:37","date_gmt":"2026-01-29T17:23:37","guid":{"rendered":"https:\/\/www.aarquiteta.com.br\/blog\/cozinha-planejada-com-ilha\/"},"modified":"2026-01-29T14:23:37","modified_gmt":"2026-01-29T17:23:37","slug":"cozinha-planejada-com-ilha","status":"publish","type":"post","link":"https:\/\/www.aarquiteta.com.br\/blog\/cozinha-planejada-com-ilha\/","title":{"rendered":"10 inspira\u00e7\u00f5es para transformar sua cozinha planejada com ilha"},"content":{"rendered":"<p>Transformar sua cozinha planejada com <b>ilha<\/b> pode ser mais f\u00e1cil do que voc\u00ea imagina. Esse espa\u00e7o pode ganhar novo ar, praticidade e funcionalidade. Aqui, vou te dar 10 inspira\u00e7\u00f5es para deixar sua cozinha incr\u00edvel!<\/p>\n<figure style=\"width: 1024px\" class=\"wp-caption aligncenter\"><img decoding=\"async\" src=\"https:\/\/www.aarquiteta.com.br\/blog\/wp-content\/uploads\/2026\/01\/cozinha-planejada-com-ilha01.jpg\" alt=\"cozinha-planejada-com-ilha\" width=\"1024\" height=\"1024\" title=\"\"><figcaption class=\"wp-caption-text\">cozinha-planejada-com-ilha<\/figcaption><\/figure>\n<h3>1. Funcionalidade em primeiro lugar<\/h3>\n<p>Uma <b>cozinha planejada com ilha<\/b> deve ser funcional. Invista em um layout que facilite o fluxo de trabalho. Pense na disposi\u00e7\u00e3o dos eletrodom\u00e9sticos e na \u00e1rea de circula\u00e7\u00e3o.<\/p>\n<figure style=\"width: 1024px\" class=\"wp-caption aligncenter\"><img decoding=\"async\" src=\"https:\/\/www.aarquiteta.com.br\/blog\/wp-content\/uploads\/2026\/01\/cozinha-planejada-com-ilha02.jpg\" alt=\"cozinha-planejada-com-ilha\" width=\"1024\" height=\"1024\" title=\"\"><figcaption class=\"wp-caption-text\">cozinha-planejada-com-ilha<\/figcaption><\/figure>\n<h3>2. Mistura de estilos<\/h3>\n<p>Combinar elementos contempor\u00e2neos com <b>r\u00fasticos<\/b> pode criar um ambiente harm\u00f4nico e acolhedor. Utilizar madeira e a\u00e7o inox, por exemplo, \u00e9 uma \u00f3tima escolha.<\/p>\n<figure style=\"width: 1024px\" class=\"wp-caption aligncenter\"><img decoding=\"async\" src=\"https:\/\/www.aarquiteta.com.br\/blog\/wp-content\/uploads\/2026\/01\/cozinha-planejada-com-ilha03.jpg\" alt=\"cozinha-planejada-com-ilha\" width=\"1024\" height=\"1024\" title=\"\"><figcaption class=\"wp-caption-text\">cozinha-planejada-com-ilha<\/figcaption><\/figure>\n<h3>3. Ilumina\u00e7\u00e3o adequada<\/h3>\n<p>A ilumina\u00e7\u00e3o \u00e9 crucial. Lumin\u00e1rias pendentes acima da ilha n\u00e3o s\u00f3 iluminam bem, mas tamb\u00e9m s\u00e3o uma <b>decore\u00e7\u00e3o<\/b> charmosa. Pense em apostar em l\u00e2mpadas de LED diferentes.<\/p>\n<h3>4. Island bar: espa\u00e7o para refei\u00e7\u00f5es<\/h3>\n<p>Transforme a ilha em um bar r\u00e1pido, com lugares para <b>refei\u00e7\u00f5es<\/b>. Isso traz praticidade e um espa\u00e7o agrad\u00e1vel para a fam\u00edlia. Basta adicionar um par de banquetas!<\/p>\n<h3>5. Prateleiras a\u00e9reas<\/h3>\n<p>Adicione <b>prateleiras a\u00e9reas<\/b> para otimizar espa\u00e7o. Elas ajudam a organizar utens\u00edlios e s\u00e3o uma \u00f3tima forma de exibir a sua lou\u00e7a mais bonita.<\/p>\n<h3>6. Coifa: essencial para ambientes abertos<\/h3>\n<p>Se o seu espa\u00e7o \u00e9 integrado com a sala, n\u00e3o se esque\u00e7a da <b>coifa<\/b>. Ela controla cheiros e fuma\u00e7a, mantendo o ambiente sempre agrad\u00e1vel.<\/p>\n<h3>7. Escolha das cores<\/h3>\n<p>Atente-se \u00e0 <b>paleta de cores<\/b>. Cores s\u00f3brias e claras ampliam o espa\u00e7o visualmente, enquanto as mais escuras trazem sofistica\u00e7\u00e3o.<\/p>\n<p><div class=\"youtube-embed\" data-video_id=\"1b1-oEes3iU\"><iframe title=\"Um super certo na minha cozinha planejada. Arm\u00e1rio para eletrodom\u00e9sticos\" width=\"696\" height=\"392\" src=\"https:\/\/www.youtube.com\/embed\/1b1-oEes3iU?feature=oembed&#038;enablejsapi=1\" frameborder=\"0\" allow=\"accelerometer; autoplay; clipboard-write; encrypted-media; gyroscope; picture-in-picture; web-share\" referrerpolicy=\"strict-origin-when-cross-origin\" allowfullscreen><\/iframe><\/div>\n<\/p>\n<h3>8. Materiais de qualidade<\/h3>\n<p>A escolha dos <b>materiais<\/b> deve ser pr\u00e1tica e est\u00e9tica. Opte por superf\u00edcies f\u00e1ceis de limpar e que oferecem durabilidade.<\/p>\n<h3>9. A ilha como centro da cozinha<\/h3>\n<p>Designe a sua ilha como o ponto focal da cozinha. Use tons vibrantes ou azulejos decorados para **dar vida** ao espa\u00e7o.<\/p>\n<h3>10. A afetividade do espa\u00e7o<\/h3>\n<p>Por \u00faltimo, lembre-se de que a <b>cozinha \u00e9 o cora\u00e7\u00e3o do lar<\/b>. Integre elementos que reflitam a sua personalidade e estilo de vida.<\/p>\n<table>\n<tr>\n<th>Inspira\u00e7\u00e3o<\/th>\n<th>Descri\u00e7\u00e3o<\/th>\n<\/tr>\n<tr>\n<td>Funcionalidade<\/td>\n<td>Planeje a disposi\u00e7\u00e3o dos eletrodom\u00e9sticos para facilitar a circula\u00e7\u00e3o.<\/td>\n<\/tr>\n<tr>\n<td>Estilos misturados<\/td>\n<td>Combine madeira com a\u00e7o inox para aconchego e modernidade.<\/td>\n<\/tr>\n<tr>\n<td>Ilumina\u00e7\u00e3o adequada<\/td>\n<td>Use pendentes para funcionalidade e estilo.<\/td>\n<\/tr>\n<tr>\n<td>Espa\u00e7o para refei\u00e7\u00f5es<\/td>\n<td>Adicione banquetas na ilha.<\/td>\n<\/tr>\n<tr>\n<td>Prateleiras a\u00e9reas<\/td>\n<td>Aumente a organiza\u00e7\u00e3o e a exibi\u00e7\u00e3o de utens\u00edlios.<\/td>\n<\/tr>\n<tr>\n<td>Coifa<\/td>\n<td>Essencial para ambientes abertos, controla cheiros.<\/td>\n<\/tr>\n<tr>\n<td>Escolha das cores<\/td>\n<td>Cores claras ampliam o espa\u00e7o; as escuras trazem sofistica\u00e7\u00e3o.<\/td>\n<\/tr>\n<tr>\n<td>Materiais de qualidade<\/td>\n<td>Escolha superf\u00edcies pr\u00e1ticas e dur\u00e1veis.<\/td>\n<\/tr>\n<tr>\n<td>Ponto focal<\/td>\n<td>Use tons vibrantes ou azulejos decorados.<\/td>\n<\/tr>\n<tr>\n<td>A afetividade do espa\u00e7o<\/td>\n<td>Curta a cozinha com elementos pessoais.<\/td>\n<\/tr>\n<\/table>\n<p>Com estas <b>inspira\u00e7\u00f5es<\/b>, sua cozinha pode ser um verdadeiro templo para a culin\u00e1ria! Que tal come\u00e7ar a transforma\u00e7\u00e3o agora mesmo? Compartilhe suas ideias e conte o que achou dessas sugest\u00f5es. Vamos juntos evoluir nesse projeto!<\/p>\n","protected":false},"excerpt":{"rendered":"<p>10 inspira\u00e7\u00f5es para transformar sua cozinha planejada com ilha<\/p>\n","protected":false},"author":102,"featured_media":156444,"comment_status":"open","ping_status":"","sticky":false,"template":"","format":"standard","meta":{"footnotes":""},"categories":[1484],"tags":[],"class_list":["post-156447","post","type-post","status-publish","format-standard","has-post-thumbnail","category-decoracao"],"_wp_attached_file":null,"_wp_attachment_metadata":null,"_wp_attachment_context":null,"_wp_attachment_is_custom_header":null,"geo_longitude":null,"geo_public":null,"geo_latitude":null,"_publicize_done_external":null,"_wpas_done_3897181":null,"publicize_twitter_user":null,"_wpas_done_3897175":null,"_wpas_skip_3897181":null,"_wpas_skip_3897175":null,"_wpas_skip_3924723":null,"_wpas_mess":null,"_wpas_done_3924723":null,"wps_subtitle":"","_links":{"self":[{"href":"https:\/\/www.aarquiteta.com.br\/blog\/wp-json\/wp\/v2\/posts\/156447","targetHints":{"allow":["GET"]}}],"collection":[{"href":"https:\/\/www.aarquiteta.com.br\/blog\/wp-json\/wp\/v2\/posts"}],"about":[{"href":"https:\/\/www.aarquiteta.com.br\/blog\/wp-json\/wp\/v2\/types\/post"}],"author":[{"embeddable":true,"href":"https:\/\/www.aarquiteta.com.br\/blog\/wp-json\/wp\/v2\/users\/102"}],"replies":[{"embeddable":true,"href":"https:\/\/www.aarquiteta.com.br\/blog\/wp-json\/wp\/v2\/comments?post=156447"}],"version-history":[{"count":0,"href":"https:\/\/www.aarquiteta.com.br\/blog\/wp-json\/wp\/v2\/posts\/156447\/revisions"}],"wp:featuredmedia":[{"embeddable":true,"href":"https:\/\/www.aarquiteta.com.br\/blog\/wp-json\/wp\/v2\/media\/156444"}],"wp:attachment":[{"href":"https:\/\/www.aarquiteta.com.br\/blog\/wp-json\/wp\/v2\/media?parent=156447"}],"wp:term":[{"taxonomy":"category","embeddable":true,"href":"https:\/\/www.aarquiteta.com.br\/blog\/wp-json\/wp\/v2\/categories?post=156447"},{"taxonomy":"post_tag","embeddable":true,"href":"https:\/\/www.aarquiteta.com.br\/blog\/wp-json\/wp\/v2\/tags?post=156447"}],"curies":[{"name":"wp","href":"https:\/\/api.w.org\/{rel}","templated":true}]}}