{"id":156442,"date":"2026-01-29T06:23:09","date_gmt":"2026-01-29T09:23:09","guid":{"rendered":"https:\/\/www.aarquiteta.com.br\/blog\/mesa-varanda-3\/"},"modified":"2026-01-29T06:23:09","modified_gmt":"2026-01-29T09:23:09","slug":"mesa-varanda-3","status":"publish","type":"post","link":"https:\/\/www.aarquiteta.com.br\/blog\/mesa-varanda-3\/","title":{"rendered":"Descubra 10 ideias de mesa para transformar sua varanda em um ref\u00fagio"},"content":{"rendered":"<p>Transformar sua varanda em um ref\u00fagio pode ser mais f\u00e1cil do que voc\u00ea imagina. Com algumas ideias de mesa, voc\u00ea torna esse espa\u00e7o incr\u00edvel e aconchegante. Aqui est\u00e3o 10 sugest\u00f5es pr\u00e1ticas e inspiradoras!<\/p>\n<figure style=\"width: 1024px\" class=\"wp-caption aligncenter\"><img decoding=\"async\" src=\"https:\/\/www.aarquiteta.com.br\/blog\/wp-content\/uploads\/2026\/01\/mesa-varanda01.jpg\" alt=\"mesa-varanda\" width=\"1024\" height=\"1024\" title=\"\"><figcaption class=\"wp-caption-text\">mesa-varanda<\/figcaption><\/figure>\n<h3>1. Mesa Redonda: Conforto e Amizade<\/h3>\n<p>A mesa redonda \u00e9 perfeita para um clima acolhedor. Proporciona <b>conversas mais fluidas<\/b> entre os convidados. Ideal para varandas menores, ela se encaixa em qualquer canto!<\/p>\n<figure style=\"width: 1024px\" class=\"wp-caption aligncenter\"><img decoding=\"async\" src=\"https:\/\/www.aarquiteta.com.br\/blog\/wp-content\/uploads\/2026\/01\/mesa-varanda02.jpg\" alt=\"mesa-varanda\" width=\"1024\" height=\"1024\" title=\"\"><figcaption class=\"wp-caption-text\">mesa-varanda<\/figcaption><\/figure>\n<h3>2. Mesa Retangular: Praticidade e Estilo<\/h3>\n<p>Uma mesa retangular com cadeiras confort\u00e1veis <b>otimiza o espa\u00e7o<\/b> e garante que todos os convidados fiquem \u00e0 vontade. Combine com uma decora\u00e7\u00e3o leve e descontra\u00edda.<\/p>\n<figure style=\"width: 1024px\" class=\"wp-caption aligncenter\"><img decoding=\"async\" src=\"https:\/\/www.aarquiteta.com.br\/blog\/wp-content\/uploads\/2026\/01\/mesa-varanda03.jpg\" alt=\"mesa-varanda\" width=\"1024\" height=\"1024\" title=\"\"><figcaption class=\"wp-caption-text\">mesa-varanda<\/figcaption><\/figure>\n<h3>3. Mesa de Bistr\u00f4: Charmosa e Compacta<\/h3>\n<p>Perfeita para varandas pequenas, a mesa de bistr\u00f4 traz um ar de <b>caf\u00e9 europeu<\/b> ao ambiente. \u00c9 ideal para um caf\u00e9 da manh\u00e3 ou uma ta\u00e7a de vinho \u00e0 noite.<\/p>\n<h3>4. Mesa de Madeira: Aconchego e Resist\u00eancia<\/h3>\n<p>Uma mesa de madeira maci\u00e7a proporciona um toque <b>r\u00fastico e elegante<\/b>. \u00c9 resistente e combina com diversos estilos, do cl\u00e1ssico ao moderno.<\/p>\n<h3>5. Mesa Laqueada: Brilho e Sofistica\u00e7\u00e3o<\/h3>\n<p>A mesa laqueada adiciona um toque de <b>sofistica\u00e7\u00e3o<\/b> \u00e0 sua varanda. Escolha cores que contrastem com o ambiente, criando um visual atraente e contempor\u00e2neo.<\/p>\n<h3>6. Mesa com Banco: O Estilo Piquenique<\/h3>\n<p>Mesas com bancos s\u00e3o a escolha perfeita para <b>refei\u00e7\u00f5es ao ar livre<\/b>. Elas trazem um ar de descontra\u00e7\u00e3o e convidam a longas conversas e momentos de confraterniza\u00e7\u00e3o.<\/p>\n<h3>7. Mesa de Vidro: Leveza e Modernidade<\/h3>\n<p>O vidro oferece uma sensa\u00e7\u00e3o de leveza e modernidade. Uni\u00e3o de beleza e <b>praticidade<\/b>, s\u00e3o f\u00e1ceis de limpar e mant\u00eam a luminosidade do ambiente.<\/p>\n<p><div class=\"youtube-embed\" data-video_id=\"3UW5qPelTLQ\"><iframe title=\"Como fazer mesa grande para varanda\" width=\"696\" height=\"392\" src=\"https:\/\/www.youtube.com\/embed\/3UW5qPelTLQ?feature=oembed&#038;enablejsapi=1\" frameborder=\"0\" allow=\"accelerometer; autoplay; clipboard-write; encrypted-media; gyroscope; picture-in-picture; web-share\" referrerpolicy=\"strict-origin-when-cross-origin\" allowfullscreen><\/iframe><\/div>\n<\/p>\n<h3>8. Mesa Artesanal: Personalidade e Charme<\/h3>\n<p>Uma mesa artesanal traz um toque <b>pessoal e \u00fanico<\/b> \u00e0 varanda. Cada pe\u00e7a conta uma hist\u00f3ria e adiciona um charme especial ao espa\u00e7o.<\/p>\n<h3>9. Mesa com Estilo Industrial: Atraente e Moderna<\/h3>\n<p>Uma mesa de estilo industrial combina metal e madeira, trazendo um ar <b>despojado e contempor\u00e2neo<\/b>. Ideal para quem quer fugir do convencional!<\/p>\n<h3>10. Mesa de Centro: Versatilidade e Carinho<\/h3>\n<p>Uma mesa de centro na varanda \u00e9 multifuncional. Ela pode servir para refei\u00e7\u00f5es r\u00e1pidas e ainda pode ser uma \u00f3tima op\u00e7\u00e3o para <b>decora\u00e7\u00e3o floral<\/b>.<\/p>\n<table>\n<tr>\n<th>Tipo de Mesa<\/th>\n<th>Vantagens<\/th>\n<\/tr>\n<tr>\n<td>Mesa Redonda<\/td>\n<td>Conforto e conversas fluidas<\/td>\n<\/tr>\n<tr>\n<td>Mesa Retangular<\/td>\n<td>Otimiza\u00e7\u00e3o do espa\u00e7o<\/td>\n<\/tr>\n<tr>\n<td>Mesa de Bistr\u00f4<\/td>\n<td>Charmosa e compacta<\/td>\n<\/tr>\n<tr>\n<td>Mesa de Madeira<\/td>\n<td>Aconchego e resist\u00eancia<\/td>\n<\/tr>\n<tr>\n<td>Mesa Laqueada<\/td>\n<td>Brilho e sofistica\u00e7\u00e3o<\/td>\n<\/tr>\n<tr>\n<td>Mesas com Banco<\/td>\n<td>Estilo piquenique<\/td>\n<\/tr>\n<tr>\n<td>Mesa de Vidro<\/td>\n<td>Leveza e modernidade<\/td>\n<\/tr>\n<tr>\n<td>Mesa Artesanal<\/td>\n<td>Personalidade e charme<\/td>\n<\/tr>\n<tr>\n<td>Mesa Estilo Industrial<\/td>\n<td>Atraente e moderna<\/td>\n<\/tr>\n<tr>\n<td>Mesa de Centro<\/td>\n<td>Versatilidade<\/td>\n<\/tr>\n<\/table>\n<p>Essas <b>ideias de mesa<\/b> v\u00e3o fazer da sua varanda um lugar incr\u00edvel para relaxar e receber amigos. Entre, navegue e descubra mais sobre como transformar seu lar!<\/p>\n<p>Se voc\u00ea gostou dessas dicas e quer ver mais sobre decora\u00e7\u00e3o e design, deixe seu coment\u00e1rio. Estou aqui para ajudar voc\u00ea a sonhar e realizar o seu ref\u00fagio perfeito!<\/p>\n","protected":false},"excerpt":{"rendered":"<p>Descubra 10 ideias de mesa para transformar sua varanda em um ref\u00fagio<\/p>\n","protected":false},"author":102,"featured_media":156439,"comment_status":"open","ping_status":"","sticky":false,"template":"","format":"standard","meta":{"footnotes":""},"categories":[1484],"tags":[],"class_list":["post-156442","post","type-post","status-publish","format-standard","has-post-thumbnail","category-decoracao"],"_wp_attached_file":null,"_wp_attachment_metadata":null,"_wp_attachment_context":null,"_wp_attachment_is_custom_header":null,"geo_longitude":null,"geo_public":null,"geo_latitude":null,"_publicize_done_external":null,"_wpas_done_3897181":null,"publicize_twitter_user":null,"_wpas_done_3897175":null,"_wpas_skip_3897181":null,"_wpas_skip_3897175":null,"_wpas_skip_3924723":null,"_wpas_mess":null,"_wpas_done_3924723":null,"wps_subtitle":"","_links":{"self":[{"href":"https:\/\/www.aarquiteta.com.br\/blog\/wp-json\/wp\/v2\/posts\/156442","targetHints":{"allow":["GET"]}}],"collection":[{"href":"https:\/\/www.aarquiteta.com.br\/blog\/wp-json\/wp\/v2\/posts"}],"about":[{"href":"https:\/\/www.aarquiteta.com.br\/blog\/wp-json\/wp\/v2\/types\/post"}],"author":[{"embeddable":true,"href":"https:\/\/www.aarquiteta.com.br\/blog\/wp-json\/wp\/v2\/users\/102"}],"replies":[{"embeddable":true,"href":"https:\/\/www.aarquiteta.com.br\/blog\/wp-json\/wp\/v2\/comments?post=156442"}],"version-history":[{"count":0,"href":"https:\/\/www.aarquiteta.com.br\/blog\/wp-json\/wp\/v2\/posts\/156442\/revisions"}],"wp:featuredmedia":[{"embeddable":true,"href":"https:\/\/www.aarquiteta.com.br\/blog\/wp-json\/wp\/v2\/media\/156439"}],"wp:attachment":[{"href":"https:\/\/www.aarquiteta.com.br\/blog\/wp-json\/wp\/v2\/media?parent=156442"}],"wp:term":[{"taxonomy":"category","embeddable":true,"href":"https:\/\/www.aarquiteta.com.br\/blog\/wp-json\/wp\/v2\/categories?post=156442"},{"taxonomy":"post_tag","embeddable":true,"href":"https:\/\/www.aarquiteta.com.br\/blog\/wp-json\/wp\/v2\/tags?post=156442"}],"curies":[{"name":"wp","href":"https:\/\/api.w.org\/{rel}","templated":true}]}}