{"id":156437,"date":"2026-01-28T22:22:43","date_gmt":"2026-01-29T01:22:43","guid":{"rendered":"https:\/\/www.aarquiteta.com.br\/blog\/enfeites-para-sala-2\/"},"modified":"2026-01-28T22:22:43","modified_gmt":"2026-01-29T01:22:43","slug":"enfeites-para-sala-2","status":"publish","type":"post","link":"https:\/\/www.aarquiteta.com.br\/blog\/enfeites-para-sala-2\/","title":{"rendered":"10 Inspira\u00e7\u00f5es para transformar sua sala com enfeites criativos"},"content":{"rendered":"<p>Voc\u00ea j\u00e1 parou para pensar como enfeites criativos podem transformar sua sala? <b>Hoje vou te mostrar 10 inspira\u00e7\u00f5es<\/b> para deixar esse espa\u00e7o cheio de estilo e personalidade.<\/p>\n<figure style=\"width: 1024px\" class=\"wp-caption aligncenter\"><img decoding=\"async\" src=\"https:\/\/www.aarquiteta.com.br\/blog\/wp-content\/uploads\/2026\/01\/enfeites-para-sala01.jpg\" alt=\"enfeites-para-sala\" width=\"1024\" height=\"1024\" title=\"\"><figcaption class=\"wp-caption-text\">enfeites-para-sala<\/figcaption><\/figure>\n<h3>1. Objetos Artesanais<\/h3>\n<p>Uma maneira incr\u00edvel de trazer <b>personalidade<\/b> \u00e0 sua sala \u00e9 utilizar objetos artesanais. Eles contam uma hist\u00f3ria \u00fanica e ajudam a criar um ambiente acolhedor.<\/p>\n<figure style=\"width: 1024px\" class=\"wp-caption aligncenter\"><img decoding=\"async\" src=\"https:\/\/www.aarquiteta.com.br\/blog\/wp-content\/uploads\/2026\/01\/enfeites-para-sala02.jpg\" alt=\"enfeites-para-sala\" width=\"1024\" height=\"1024\" title=\"\"><figcaption class=\"wp-caption-text\">enfeites-para-sala<\/figcaption><\/figure>\n<h3>2. Vasos de Vidro<\/h3>\n<p>Os <b>vasos de vidro<\/b> s\u00e3o cl\u00e1ssicos e combinam com v\u00e1rias decora\u00e7\u00f5es, especialmente as minimalistas. Utilize-os para adicionar sutileza ao ambiente.<\/p>\n<figure style=\"width: 1024px\" class=\"wp-caption aligncenter\"><img decoding=\"async\" src=\"https:\/\/www.aarquiteta.com.br\/blog\/wp-content\/uploads\/2026\/01\/enfeites-para-sala03.jpg\" alt=\"enfeites-para-sala\" width=\"1024\" height=\"1024\" title=\"\"><figcaption class=\"wp-caption-text\">enfeites-para-sala<\/figcaption><\/figure>\n<h3>3. Esculturas Decorativas<\/h3>\n<p>Investir em uma escultura pode ser o toque que faltava. <b>Essas pe\u00e7as chamam a aten\u00e7\u00e3o<\/b> e servem como verdadeiros \u00edcones da sua personalidade.<\/p>\n<h3>4. Livros como Atra\u00e7\u00e3o<\/h3>\n<p>Os livros s\u00e3o mais que objetos; eles adicionam <b>estilo e eleg\u00e2ncia<\/b> \u00e0 sua sala. Organize-os de maneira criativa para um visual convidativo.<\/p>\n<h3>5. Arranjos de Plantas<\/h3>\n<p>Se voc\u00ea ama natureza, ter <b>plantas em sua sala<\/b> \u00e9 essencial. Elas trazem frescor e vida, al\u00e9m de melhorar a atmosfera.<\/p>\n<h3>6. Velas Decorativas<\/h3>\n<p>As velas n\u00e3o apenas iluminam; com elas, voc\u00ea cria um <b>clima rom\u00e2ntico e relaxante<\/b>, perfeito para momentos especiais.<\/p>\n<h3>7. Mantas e Almofadas<\/h3>\n<p>Invista em mantas e <b>almofadas coloridas<\/b>. Al\u00e9m de confort\u00e1veis, elas permitem que voc\u00ea brinque com texturas e cores.<\/p>\n<p><div class=\"youtube-embed\" data-video_id=\"sZJgbdmymgo\"><iframe title=\"VEJA IDEIAS  LINDAS DE ENFEITES DE PAREDE  PARA SALA\/ SE INSPIRE NESTAS IDEIAS \ud83d\udca1 \" width=\"696\" height=\"522\" src=\"https:\/\/www.youtube.com\/embed\/sZJgbdmymgo?feature=oembed&#038;enablejsapi=1\" frameborder=\"0\" allow=\"accelerometer; autoplay; clipboard-write; encrypted-media; gyroscope; picture-in-picture; web-share\" referrerpolicy=\"strict-origin-when-cross-origin\" allowfullscreen><\/iframe><\/div>\n<\/p>\n<h3>8. Quadros e Fotografias<\/h3>\n<p>Uma parede com <b>quadros e fotos<\/b> \u00e9 um jeito incr\u00edvel de personalizar o espa\u00e7o e compartilhar mem\u00f3rias afetivas.<\/p>\n<h3>9. Bandejas Decorativas<\/h3>\n<p>Use bandejas para organizar e exibir objetos. elas trazem <b>praticidade e beleza<\/b>, al\u00e9m de serem \u00f3timas para composi\u00e7\u00f5es.<\/p>\n<h3>10. Elementos de Luz<\/h3>\n<p>Ilumina\u00e7\u00e3o \u00e9 tudo! Lumin\u00e1rias e abajures ajudam a criar ambiente e destacam a sua <b>decora\u00e7\u00e3o criativa<\/b>.<\/p>\n<table>\n<tr>\n<th>Inspira\u00e7\u00f5es<\/th>\n<th>Caracter\u00edsticas<\/th>\n<\/tr>\n<tr>\n<td>Objetos Artesanais<\/td>\n<td>Contam hist\u00f3rias e personalizam o ambiente<\/td>\n<\/tr>\n<tr>\n<td>Vasos de Vidro<\/td>\n<td>Eleg\u00e2ncia e versatilidade em cores e formas<\/td>\n<\/tr>\n<tr>\n<td>Esculturas Decorativas<\/td>\n<td>Pe\u00e7as que se destacam e encantam<\/td>\n<\/tr>\n<tr>\n<td>Livros<\/td>\n<td>Estilo e conhecimento em harmonia<\/td>\n<\/tr>\n<tr>\n<td>Arranjos de Plantas<\/td>\n<td>Vida e frescor na decora\u00e7\u00e3o<\/td>\n<\/tr>\n<tr>\n<td>Velas Decorativas<\/td>\n<td>Ambiente rom\u00e2ntico e relaxante<\/td>\n<\/tr>\n<tr>\n<td>Mantas e Almofadas<\/td>\n<td>Conforto e cor<\/td>\n<\/tr>\n<tr>\n<td>Quadros e Fotografias<\/td>\n<td>Mem\u00f3rias e estilo na parede<\/td>\n<\/tr>\n<tr>\n<td>Bandejas Decorativas<\/td>\n<td>Organiza\u00e7\u00e3o e beleza<\/td>\n<\/tr>\n<tr>\n<td>Elementos de Luz<\/td>\n<td>Ilumina\u00e7\u00e3o que cria ambiente<\/td>\n<\/tr>\n<\/table>\n<p>Essas <b>inspir a\u00e7\u00f5es<\/b> v\u00e3o te ajudar a transformar sua sala em um espa\u00e7o cheio de estilo e aconchego. Afinal, cada detalhe tem a sua import\u00e2ncia. <b>Curtiu as dicas?<\/b> Comente abaixo e compartilhe suas ideias de decora\u00e7\u00e3o!<\/p>\n","protected":false},"excerpt":{"rendered":"<p>10 Inspira\u00e7\u00f5es para transformar sua sala com enfeites criativos<\/p>\n","protected":false},"author":102,"featured_media":156434,"comment_status":"open","ping_status":"","sticky":false,"template":"","format":"standard","meta":{"footnotes":""},"categories":[1484],"tags":[],"class_list":["post-156437","post","type-post","status-publish","format-standard","has-post-thumbnail","category-decoracao"],"_wp_attached_file":null,"_wp_attachment_metadata":null,"_wp_attachment_context":null,"_wp_attachment_is_custom_header":null,"geo_longitude":null,"geo_public":null,"geo_latitude":null,"_publicize_done_external":null,"_wpas_done_3897181":null,"publicize_twitter_user":null,"_wpas_done_3897175":null,"_wpas_skip_3897181":null,"_wpas_skip_3897175":null,"_wpas_skip_3924723":null,"_wpas_mess":null,"_wpas_done_3924723":null,"wps_subtitle":"","_links":{"self":[{"href":"https:\/\/www.aarquiteta.com.br\/blog\/wp-json\/wp\/v2\/posts\/156437","targetHints":{"allow":["GET"]}}],"collection":[{"href":"https:\/\/www.aarquiteta.com.br\/blog\/wp-json\/wp\/v2\/posts"}],"about":[{"href":"https:\/\/www.aarquiteta.com.br\/blog\/wp-json\/wp\/v2\/types\/post"}],"author":[{"embeddable":true,"href":"https:\/\/www.aarquiteta.com.br\/blog\/wp-json\/wp\/v2\/users\/102"}],"replies":[{"embeddable":true,"href":"https:\/\/www.aarquiteta.com.br\/blog\/wp-json\/wp\/v2\/comments?post=156437"}],"version-history":[{"count":0,"href":"https:\/\/www.aarquiteta.com.br\/blog\/wp-json\/wp\/v2\/posts\/156437\/revisions"}],"wp:featuredmedia":[{"embeddable":true,"href":"https:\/\/www.aarquiteta.com.br\/blog\/wp-json\/wp\/v2\/media\/156434"}],"wp:attachment":[{"href":"https:\/\/www.aarquiteta.com.br\/blog\/wp-json\/wp\/v2\/media?parent=156437"}],"wp:term":[{"taxonomy":"category","embeddable":true,"href":"https:\/\/www.aarquiteta.com.br\/blog\/wp-json\/wp\/v2\/categories?post=156437"},{"taxonomy":"post_tag","embeddable":true,"href":"https:\/\/www.aarquiteta.com.br\/blog\/wp-json\/wp\/v2\/tags?post=156437"}],"curies":[{"name":"wp","href":"https:\/\/api.w.org\/{rel}","templated":true}]}}