{"id":156422,"date":"2026-01-27T22:23:04","date_gmt":"2026-01-28T01:23:04","guid":{"rendered":"https:\/\/www.aarquiteta.com.br\/blog\/decoracao-2025-tendencias-2\/"},"modified":"2026-01-27T22:23:04","modified_gmt":"2026-01-28T01:23:04","slug":"decoracao-2025-tendencias-2","status":"publish","type":"post","link":"https:\/\/www.aarquiteta.com.br\/blog\/decoracao-2025-tendencias-2\/","title":{"rendered":"Descubra as 6 tend\u00eancias de decora\u00e7\u00e3o que v\u00e3o transformar sua casa em 2025"},"content":{"rendered":"<p>2025 chega com <b>tend\u00eancias incr\u00edveis<\/b> de decora\u00e7\u00e3o para transformar sua casa. Vamos juntos descobrir como renovar seu lar!<\/p>\n<figure style=\"width: 1024px\" class=\"wp-caption aligncenter\"><img decoding=\"async\" src=\"https:\/\/www.aarquiteta.com.br\/blog\/wp-content\/uploads\/2026\/01\/decoracao-2025-tendencias01.jpg\" alt=\"decoracao-2025-tendencias\" width=\"1024\" height=\"1024\" title=\"\"><figcaption class=\"wp-caption-text\">decoracao-2025-tendencias<\/figcaption><\/figure>\n<h3>As Novas Abordagens para Decora\u00e7\u00e3o<\/h3>\n<p>Com a chegada do novo ano, novas <b>tend\u00eancias de decora\u00e7\u00e3o<\/b> surgem, priorizando um ambiente consciente e sofisticado. Se voc\u00ea deseja um lar mais acolhedor, est\u00e1 no lugar certo.<\/p>\n<figure style=\"width: 1024px\" class=\"wp-caption aligncenter\"><img decoding=\"async\" src=\"https:\/\/www.aarquiteta.com.br\/blog\/wp-content\/uploads\/2026\/01\/decoracao-2025-tendencias02.jpg\" alt=\"decoracao-2025-tendencias\" width=\"1024\" height=\"1024\" title=\"\"><figcaption class=\"wp-caption-text\">decoracao-2025-tendencias<\/figcaption><\/figure>\n<h3>Tons Neutros e Marcantes<\/h3>\n<p>A cartela de <b>cores para 2025<\/b> traz tons neutros que fazem toda a diferen\u00e7a. Esses tons ajudam a criar um visual harm\u00f4nico, ideal para qualquer c\u00f4modo. A ideia \u00e9 deixar sua casa ainda mais estilosa!<\/p>\n<figure style=\"width: 1024px\" class=\"wp-caption aligncenter\"><img decoding=\"async\" src=\"https:\/\/www.aarquiteta.com.br\/blog\/wp-content\/uploads\/2026\/01\/decoracao-2025-tendencias03.jpg\" alt=\"decoracao-2025-tendencias\" width=\"1024\" height=\"1024\" title=\"\"><figcaption class=\"wp-caption-text\">decoracao-2025-tendencias<\/figcaption><\/figure>\n<h3>Espa\u00e7os Multifuncionais<\/h3>\n<p>Atualmente, o foco da decora\u00e7\u00e3o \u00e9 <b>integrar \u00e1reas<\/b> de trabalho, descanso e conviv\u00eancia. M\u00f3veis planejados e camas retr\u00e1teis otimizam o espa\u00e7o sem comprometer o estilo e o conforto.<\/p>\n<h3>Uso de Materiais Naturais<\/h3>\n<p>A combina\u00e7\u00e3o de <b>materiais naturais<\/b>, como madeira e m\u00e1rmore, traz uma sensa\u00e7\u00e3o de tranquilidade. Almofadas terrosas e lumin\u00e1rias org\u00e2nicas adicionam um toque especial ao ambiente.<\/p>\n<table>\n<tr>\n<th>Tend\u00eancia<\/th>\n<th>Descri\u00e7\u00e3o<\/th>\n<\/tr>\n<tr>\n<td>Cores Neutras<\/td>\n<td>Tons que trazem um visual harm\u00f4nico e acolhedor.<\/td>\n<\/tr>\n<tr>\n<td>Espa\u00e7os Multifuncionais<\/td>\n<td>Uni\u00e3o de \u00e1reas para otimiza\u00e7\u00e3o e conforto.<\/td>\n<\/tr>\n<tr>\n<td>Materiais Naturais<\/td>\n<td>Uso de madeira e m\u00e1rmore para serenidade.<\/td>\n<\/tr>\n<tr>\n<td>T\u00eaxteis Avan\u00e7ados<\/td>\n<td>Tecidos tecnol\u00f3gicos que combinam estilo e funcionalidade.<\/td>\n<\/tr>\n<\/table>\n<h3>Texturas Leves e Funcionais<\/h3>\n<p>As <b>texturas leves<\/b>, em tons terrosos, criam uma atmosfera intimista. Apostar em estofados delicados e cortinas de linho \u00e9 uma \u00f3tima escolha para 2025!<\/p>\n<h3>Recupera\u00e7\u00e3o de M\u00f3veis<\/h3>\n<p>A decora\u00e7\u00e3o sustent\u00e1vel est\u00e1 em alta! <b>Reaproveitar m\u00f3veis<\/b> antigos n\u00e3o s\u00f3 deixa a casa charmosa, mas tamb\u00e9m \u00e9 uma solu\u00e7\u00e3o econ\u00f4mica e repleta de estilo.<\/p>\n<h3>Chamada para a A\u00e7\u00e3o<\/h3>\n<p>As tend\u00eancias de 2025 podem ser o que voc\u00ea estava esperando para mudar sua casa. Explore a Vibra Residencial e descubra os apartamentos decorados que podem ser o seu novo lar. Vamos transformar seu espa\u00e7o juntos!<\/p>\n<p><div class=\"youtube-embed\" data-video_id=\"Hik41-6nvl0\"><iframe title=\"7 ESTILOS DE DECORA\u00c7\u00c3O - TEND\u00caNCIAS 2025\" width=\"696\" height=\"392\" src=\"https:\/\/www.youtube.com\/embed\/Hik41-6nvl0?feature=oembed&#038;enablejsapi=1\" frameborder=\"0\" allow=\"accelerometer; autoplay; clipboard-write; encrypted-media; gyroscope; picture-in-picture; web-share\" referrerpolicy=\"strict-origin-when-cross-origin\" allowfullscreen><\/iframe><\/div>\n<\/p>\n<p>Se voc\u00ea curtiu as dicas, n\u00e3o esque\u00e7a de comentar e continuar navegando no blog. Aqui temos sempre mais <b>ideias inspiradoras<\/b> para o seu lar!<\/p>\n","protected":false},"excerpt":{"rendered":"<p>Descubra as 6 tend\u00eancias de decora\u00e7\u00e3o que v\u00e3o transformar sua casa em 2025<\/p>\n","protected":false},"author":102,"featured_media":156419,"comment_status":"open","ping_status":"","sticky":false,"template":"","format":"standard","meta":{"footnotes":""},"categories":[1484],"tags":[],"class_list":["post-156422","post","type-post","status-publish","format-standard","has-post-thumbnail","category-decoracao"],"_wp_attached_file":null,"_wp_attachment_metadata":null,"_wp_attachment_context":null,"_wp_attachment_is_custom_header":null,"geo_longitude":null,"geo_public":null,"geo_latitude":null,"_publicize_done_external":null,"_wpas_done_3897181":null,"publicize_twitter_user":null,"_wpas_done_3897175":null,"_wpas_skip_3897181":null,"_wpas_skip_3897175":null,"_wpas_skip_3924723":null,"_wpas_mess":null,"_wpas_done_3924723":null,"wps_subtitle":"","_links":{"self":[{"href":"https:\/\/www.aarquiteta.com.br\/blog\/wp-json\/wp\/v2\/posts\/156422","targetHints":{"allow":["GET"]}}],"collection":[{"href":"https:\/\/www.aarquiteta.com.br\/blog\/wp-json\/wp\/v2\/posts"}],"about":[{"href":"https:\/\/www.aarquiteta.com.br\/blog\/wp-json\/wp\/v2\/types\/post"}],"author":[{"embeddable":true,"href":"https:\/\/www.aarquiteta.com.br\/blog\/wp-json\/wp\/v2\/users\/102"}],"replies":[{"embeddable":true,"href":"https:\/\/www.aarquiteta.com.br\/blog\/wp-json\/wp\/v2\/comments?post=156422"}],"version-history":[{"count":0,"href":"https:\/\/www.aarquiteta.com.br\/blog\/wp-json\/wp\/v2\/posts\/156422\/revisions"}],"wp:featuredmedia":[{"embeddable":true,"href":"https:\/\/www.aarquiteta.com.br\/blog\/wp-json\/wp\/v2\/media\/156419"}],"wp:attachment":[{"href":"https:\/\/www.aarquiteta.com.br\/blog\/wp-json\/wp\/v2\/media?parent=156422"}],"wp:term":[{"taxonomy":"category","embeddable":true,"href":"https:\/\/www.aarquiteta.com.br\/blog\/wp-json\/wp\/v2\/categories?post=156422"},{"taxonomy":"post_tag","embeddable":true,"href":"https:\/\/www.aarquiteta.com.br\/blog\/wp-json\/wp\/v2\/tags?post=156422"}],"curies":[{"name":"wp","href":"https:\/\/api.w.org\/{rel}","templated":true}]}}