{"id":156407,"date":"2026-01-26T06:23:21","date_gmt":"2026-01-26T09:23:21","guid":{"rendered":"https:\/\/www.aarquiteta.com.br\/blog\/porta-pao-4\/"},"modified":"2026-01-26T06:23:21","modified_gmt":"2026-01-26T09:23:21","slug":"porta-pao-4","status":"publish","type":"post","link":"https:\/\/www.aarquiteta.com.br\/blog\/porta-pao-4\/","title":{"rendered":"10 inspira\u00e7\u00f5es de porta-p\u00e3o que transformam sua cozinha"},"content":{"rendered":"<p>Voc\u00ea sabia que o <b>porta-p\u00e3o<\/b> pode trazer um charme todo especial para a sua cozinha? Al\u00e9m de ser pr\u00e1tico para armazenar p\u00e3es, ele transforma o ambiente, conferindo estilo e sofistica\u00e7\u00e3o. Ent\u00e3o, que tal conferir 10 inspira\u00e7\u00f5es incr\u00edveis para deixar sua cozinha mais linda e funcional?<\/p>\n<figure style=\"width: 1024px\" class=\"wp-caption aligncenter\"><img decoding=\"async\" src=\"https:\/\/www.aarquiteta.com.br\/blog\/wp-content\/uploads\/2026\/01\/porta-pao01.jpg\" alt=\"porta-pao\" width=\"1024\" height=\"1024\" title=\"\"><figcaption class=\"wp-caption-text\">porta-pao<\/figcaption><\/figure>\n<h3>1. Porta-p\u00e3o de bambu elegante<\/h3>\n<p>Um <b>porta-p\u00e3o de bambu<\/b> \u00e9 sin\u00f4nimo de beleza e naturalidade. Ele combina facilmente com diversos estilos de decora\u00e7\u00e3o e \u00e9 super pr\u00e1tico para o dia a dia.<\/p>\n<figure style=\"width: 1024px\" class=\"wp-caption aligncenter\"><img decoding=\"async\" src=\"https:\/\/www.aarquiteta.com.br\/blog\/wp-content\/uploads\/2026\/01\/porta-pao02.jpg\" alt=\"porta-pao\" width=\"1024\" height=\"1024\" title=\"\"><figcaption class=\"wp-caption-text\">porta-pao<\/figcaption><\/figure>\n<h3>2. Acess\u00f3rios charmosos<\/h3>\n<p>Colocar alguns <b>acess\u00f3rios em cima<\/b> do porta-p\u00e3o, como frutas ou utens\u00edlios, ajuda a dar um toque especial ao ambiente, deixando tudo mais charmoso.<\/p>\n<figure style=\"width: 1024px\" class=\"wp-caption aligncenter\"><img decoding=\"async\" src=\"https:\/\/www.aarquiteta.com.br\/blog\/wp-content\/uploads\/2026\/01\/porta-pao03.jpg\" alt=\"porta-pao\" width=\"1024\" height=\"1024\" title=\"\"><figcaption class=\"wp-caption-text\">porta-pao<\/figcaption><\/figure>\n<h3>3. Modelo vintage retr\u00f4<\/h3>\n<p>Um <b>porta-p\u00e3o vintage<\/b> \u00e9 ideal para quem quer dar um ar retr\u00f4 \u00e0 cozinha. Ele traz nostalgia, al\u00e9m de estilosidade, completando com um toque cl\u00e1ssico.<\/p>\n<h3>4. Porta-p\u00e3o de tecido artesanal<\/h3>\n<p>Um <b>porta-p\u00e3o de tecido<\/b> traz um toque artesanal \u00e0 sua decora\u00e7\u00e3o, sendo \u00f3timo para quem ama costurar. \u00c9 leve e pode ser levado a qualquer lugar.<\/p>\n<h3>5. Modernidade com inox<\/h3>\n<p>Para quem aprecia um ambiente mais <b>moderno<\/b>, um porta-p\u00e3o de inox \u00e9 a escolha perfeita. Elegante e funcional, ele combina com diversas cores e estilos.<\/p>\n<h3>6. Sofistica\u00e7\u00e3o em lata<\/h3>\n<p>Um <b>grande porta-p\u00e3o de lata<\/b> traz um charme especial e ajuda a manter os p\u00e3es fresquinhos por mais tempo. Al\u00e9m disso, ele \u00e9 muito estiloso!<\/p>\n<h3>7. O charme do porta-biscoitos<\/h3>\n<p>Combin\u00e1-lo com um <b>porta-biscoitos<\/b> pode ser uma \u00f3tima ideia. Dessa forma, voc\u00ea tem um espa\u00e7o dedicado \u00e0 sua boulangerie bem organizadinho.<\/p>\n<p>https:\/\/www.youtube.com\/watch?v=<\/p>\n<h3>8. Rusticidade da madeira<\/h3>\n<p>O <b>porta-p\u00e3o de madeira<\/b> traz rusticidade e aconchego ao ambiente. \u00c9 ideal para quem ama a decora\u00e7\u00e3o com elementos naturais.<\/p>\n<h3>9. Eleg\u00e2ncia de madeira e vidro<\/h3>\n<p>Um modelo de <b>madeira e vidro<\/b> \u00e9 o auge da eleg\u00e2ncia. Com um design mais requintado, ele se destaca e traz sofistica\u00e7\u00e3o \u00e0 sua cozinha.<\/p>\n<h3>10. Criatividade com tecido xadrez<\/h3>\n<p>Um <b>porta-p\u00e3o de tecido xadrez<\/b> \u00e9 uma \u00f3tima op\u00e7\u00e3o para quem gosta de personalizar. E, com uma redinha de prote\u00e7\u00e3o, mant\u00e9m os p\u00e3es frescos e seguros.<\/p>\n<table>\n<thead>\n<tr>\n<th>Modelo<\/th>\n<th>Material<\/th>\n<th>Estilo<\/th>\n<\/tr>\n<\/thead>\n<tbody>\n<tr>\n<td>1. Bambu<\/td>\n<td>Bambu<\/td>\n<td>Natural<\/td>\n<\/tr>\n<tr>\n<td>2. Vintage<\/td>\n<td>V\u00e1rios<\/td>\n<td>Retr\u00f4<\/td>\n<\/tr>\n<tr>\n<td>3. Tecido<\/td>\n<td>Tecido<\/td>\n<td>Artesanal<\/td>\n<\/tr>\n<tr>\n<td>4. Inox<\/td>\n<td>Inox<\/td>\n<td>Moderno<\/td>\n<\/tr>\n<tr>\n<td>5. Lata<\/td>\n<td>Lata<\/td>\n<td>Sofisticado<\/td>\n<\/tr>\n<tr>\n<td>6. Madeira<\/td>\n<td>Madeira<\/td>\n<td>Rustico<\/td>\n<\/tr>\n<tr>\n<td>7. Madeira e vidro<\/td>\n<td>Madeira e vidro<\/td>\n<td>Elegante<\/td>\n<\/tr>\n<\/tbody>\n<\/table>\n<p>Como vimos, um <b>porta-p\u00e3o<\/b> \u00e9 muito mais do que um simples acess\u00f3rio. Ele \u00e9 uma pe\u00e7a chave na decora\u00e7\u00e3o da sua cozinha. Agora \u00e9 a sua vez! Que tal escolher um modelo e dar aquele toque especial ao seu espa\u00e7o? N\u00e3o esque\u00e7a de compartilhar suas escolhas e inspira\u00e7\u00f5es nos coment\u00e1rios!<\/p>\n","protected":false},"excerpt":{"rendered":"<p>10 inspira\u00e7\u00f5es de porta-p\u00e3o que transformam sua cozinha<\/p>\n","protected":false},"author":102,"featured_media":156404,"comment_status":"open","ping_status":"","sticky":false,"template":"","format":"standard","meta":{"footnotes":""},"categories":[1484],"tags":[],"class_list":["post-156407","post","type-post","status-publish","format-standard","has-post-thumbnail","category-decoracao"],"_wp_attached_file":null,"_wp_attachment_metadata":null,"_wp_attachment_context":null,"_wp_attachment_is_custom_header":null,"geo_longitude":null,"geo_public":null,"geo_latitude":null,"_publicize_done_external":null,"_wpas_done_3897181":null,"publicize_twitter_user":null,"_wpas_done_3897175":null,"_wpas_skip_3897181":null,"_wpas_skip_3897175":null,"_wpas_skip_3924723":null,"_wpas_mess":null,"_wpas_done_3924723":null,"wps_subtitle":"","_links":{"self":[{"href":"https:\/\/www.aarquiteta.com.br\/blog\/wp-json\/wp\/v2\/posts\/156407","targetHints":{"allow":["GET"]}}],"collection":[{"href":"https:\/\/www.aarquiteta.com.br\/blog\/wp-json\/wp\/v2\/posts"}],"about":[{"href":"https:\/\/www.aarquiteta.com.br\/blog\/wp-json\/wp\/v2\/types\/post"}],"author":[{"embeddable":true,"href":"https:\/\/www.aarquiteta.com.br\/blog\/wp-json\/wp\/v2\/users\/102"}],"replies":[{"embeddable":true,"href":"https:\/\/www.aarquiteta.com.br\/blog\/wp-json\/wp\/v2\/comments?post=156407"}],"version-history":[{"count":0,"href":"https:\/\/www.aarquiteta.com.br\/blog\/wp-json\/wp\/v2\/posts\/156407\/revisions"}],"wp:featuredmedia":[{"embeddable":true,"href":"https:\/\/www.aarquiteta.com.br\/blog\/wp-json\/wp\/v2\/media\/156404"}],"wp:attachment":[{"href":"https:\/\/www.aarquiteta.com.br\/blog\/wp-json\/wp\/v2\/media?parent=156407"}],"wp:term":[{"taxonomy":"category","embeddable":true,"href":"https:\/\/www.aarquiteta.com.br\/blog\/wp-json\/wp\/v2\/categories?post=156407"},{"taxonomy":"post_tag","embeddable":true,"href":"https:\/\/www.aarquiteta.com.br\/blog\/wp-json\/wp\/v2\/tags?post=156407"}],"curies":[{"name":"wp","href":"https:\/\/api.w.org\/{rel}","templated":true}]}}