{"id":156380,"date":"2026-01-24T06:22:33","date_gmt":"2026-01-24T09:22:33","guid":{"rendered":"https:\/\/www.aarquiteta.com.br\/blog\/vidro-jateado-2\/"},"modified":"2026-01-24T06:22:33","modified_gmt":"2026-01-24T09:22:33","slug":"vidro-jateado-2","status":"publish","type":"post","link":"https:\/\/www.aarquiteta.com.br\/blog\/vidro-jateado-2\/","title":{"rendered":"Descubra 10 ideias de vidro jateado que transformam sua casa"},"content":{"rendered":"<p>Est\u00e1 pensando em dar um up na sua decora\u00e7\u00e3o? O vidro jateado \u00e9 a solu\u00e7\u00e3o perfeita para transformar o ambiente, trazendo sofistica\u00e7\u00e3o e privacidade!<\/p>\n<figure style=\"width: 1024px\" class=\"wp-caption aligncenter\"><img decoding=\"async\" src=\"https:\/\/www.aarquiteta.com.br\/blog\/wp-content\/uploads\/2026\/01\/vidro-jateado01.jpg\" alt=\"vidro-jateado\" width=\"1024\" height=\"1024\" title=\"\"><figcaption class=\"wp-caption-text\">vidro-jateado<\/figcaption><\/figure>\n<h3>Descubra 10 ideias de vidro jateado que transformam sua casa<\/h3>\n<p>Se voc\u00ea quer renovar seus espa\u00e7os com uma solu\u00e7\u00e3o que \u00e9 ao mesmo tempo <b>pr\u00e1tica<\/b> e <b>estilosa<\/b>, o vidro jateado \u00e9 uma excelente escolha. Ele n\u00e3o s\u00f3 proporciona <b>privacidade<\/b>, mas tamb\u00e9m garante uma <b>eleg\u00e2ncia<\/b> \u00edmpar aos ambientes. Que tal explorar algumas ideias para incorporar essa tend\u00eancia no seu lar?<\/p>\n<figure style=\"width: 1024px\" class=\"wp-caption aligncenter\"><img decoding=\"async\" src=\"https:\/\/www.aarquiteta.com.br\/blog\/wp-content\/uploads\/2026\/01\/vidro-jateado02.jpg\" alt=\"vidro-jateado\" width=\"1024\" height=\"1024\" title=\"\"><figcaption class=\"wp-caption-text\">vidro-jateado<\/figcaption><\/figure>\n<h3>O que \u00e9 vidro jateado?<\/h3>\n<p>O vidro jateado \u00e9 aquele que, atrav\u00e9s de um processo espec\u00edfico, ganha um acabamento <b>fosco<\/b>. Isso \u00e9 feito aplicando gr\u00e3os de areia em alta velocidade, resultando em um efeito diferenciado.<\/p>\n<figure style=\"width: 1024px\" class=\"wp-caption aligncenter\"><img decoding=\"async\" src=\"https:\/\/www.aarquiteta.com.br\/blog\/wp-content\/uploads\/2026\/01\/vidro-jateado03.jpg\" alt=\"vidro-jateado\" width=\"1024\" height=\"1024\" title=\"\"><figcaption class=\"wp-caption-text\">vidro-jateado<\/figcaption><\/figure>\n<p>Al\u00e9m do vidro jateado, existem adesivos que simulam esse efeito, garantindo um ambiente mais <b>opaco<\/b> e com melhor controle da <b>luminosidade<\/b>.<\/p>\n<h3>10 ideias para usar vidro jateado<\/h3>\n<ol>\n<li><b>Divis\u00f3rias de ambientes:<\/b> Use vidro jateado para separar c\u00f4modos sem perder a luminosidade.<\/li>\n<li><b>Portas:<\/b> \u00d3timo para portas de entrada e interiores, mant\u00e9m a privacidade.<\/li>\n<li><b>Box de banheiro:<\/b> Funcional e elegante, garante conforto e discri\u00e7\u00e3o.<\/li>\n<li><b>Closets:<\/b> Ideal para arm\u00e1rios, deixando tudo vis\u00edvel sem abrir m\u00e3o da privacidade.<\/li>\n<li><b>Janelas:<\/b> Permite entrada de luz sem expor o interior da casa.<\/li>\n<li><b>Mesas:<\/b> Tampo de vidro jateado traz modernidade ao espa\u00e7o de refei\u00e7\u00f5es.<\/li>\n<li><b>Pain\u00e9is decorativos:<\/b> Use em ambientes como divis\u00e3o entre home office e sala.<\/li>\n<li><b>Portas do banheiro:<\/b> Garante seguran\u00e7a e um toque de classe.<\/li>\n<li><b>Elementos decorativos:<\/b> Vasos e quadros em vidro jateado d\u00e3o um charme a mais.<\/li>\n<li><b>Fachadas:<\/b> Vidro jateado na fachada garante privacidade para dentro de casa.<\/li>\n<\/ol>\n<h3>Benef\u00edcios do vidro jateado<\/h3>\n<p>Usar vidro jateado tem suas vantagens. Al\u00e9m de controlar a luz, ele ainda <b>facilita a limpeza<\/b> e \u00e9 resistente ao desgaste. Te agrada? Deixe seu ambiente mais <b>confort\u00e1vel<\/b> e <b>charmoso<\/b>.<\/p>\n<h3>Como limpar o vidro jateado<\/h3>\n<p>Limpar \u00e9 <b>simples<\/b>: evite produtos abrasivos, como \u00e1gua sanit\u00e1ria. Um pano \u00famido e detergente neutro funcionam bem.<\/p>\n<table>\n<tr>\n<th><b>Tipo de Uso<\/b><\/th>\n<th><b>Ambiente<\/b><\/th>\n<th><b>Benef\u00edcios<\/b><\/th>\n<\/tr>\n<tr>\n<td>Divis\u00f3rias<\/td>\n<td>Salas, escrit\u00f3rios<\/td>\n<td>Privacidade e ilumina\u00e7\u00e3o<\/td>\n<\/tr>\n<tr>\n<td>Portas<\/td>\n<td>Banheiros, entradas<\/td>\n<td>Sofistica\u00e7\u00e3o e funcionalidade<\/td>\n<\/tr>\n<tr>\n<td>Box<\/td>\n<td>Banheiros<\/td>\n<td>Conforto e estilo<\/td>\n<\/tr>\n<\/table>\n<p><b>O vidro jateado<\/b> \u00e9 uma \u00f3tima op\u00e7\u00e3o para quem busca um <b>toque moderno<\/b> e elegante no lar. Aproveite as dicas que compartilhei e transforme seus espa\u00e7os hoje mesmo!<\/p>\n<p>Continue navegando e descubra mais sobre dicas de decora\u00e7\u00e3o e ideias criativas para deixar seu lar incr\u00edvel!<\/p>\n<p><div class=\"youtube-embed\" data-video_id=\"sdo9YST2MBY\"><iframe title=\"DIY: Incr\u00edvel RECEITA de Como fazer JATEADO CASEIRO | F\u00e1cil e econ\u00f4mico\" width=\"696\" height=\"392\" src=\"https:\/\/www.youtube.com\/embed\/sdo9YST2MBY?feature=oembed&#038;enablejsapi=1\" frameborder=\"0\" allow=\"accelerometer; autoplay; clipboard-write; encrypted-media; gyroscope; picture-in-picture; web-share\" referrerpolicy=\"strict-origin-when-cross-origin\" allowfullscreen><\/iframe><\/div><\/p>\n","protected":false},"excerpt":{"rendered":"<p>Descubra 10 ideias de vidro jateado que transformam sua casa<\/p>\n","protected":false},"author":102,"featured_media":156377,"comment_status":"open","ping_status":"","sticky":false,"template":"","format":"standard","meta":{"footnotes":""},"categories":[1484],"tags":[],"class_list":["post-156380","post","type-post","status-publish","format-standard","has-post-thumbnail","category-decoracao"],"_wp_attached_file":null,"_wp_attachment_metadata":null,"_wp_attachment_context":null,"_wp_attachment_is_custom_header":null,"geo_longitude":null,"geo_public":null,"geo_latitude":null,"_publicize_done_external":null,"_wpas_done_3897181":null,"publicize_twitter_user":null,"_wpas_done_3897175":null,"_wpas_skip_3897181":null,"_wpas_skip_3897175":null,"_wpas_skip_3924723":null,"_wpas_mess":null,"_wpas_done_3924723":null,"wps_subtitle":"","_links":{"self":[{"href":"https:\/\/www.aarquiteta.com.br\/blog\/wp-json\/wp\/v2\/posts\/156380","targetHints":{"allow":["GET"]}}],"collection":[{"href":"https:\/\/www.aarquiteta.com.br\/blog\/wp-json\/wp\/v2\/posts"}],"about":[{"href":"https:\/\/www.aarquiteta.com.br\/blog\/wp-json\/wp\/v2\/types\/post"}],"author":[{"embeddable":true,"href":"https:\/\/www.aarquiteta.com.br\/blog\/wp-json\/wp\/v2\/users\/102"}],"replies":[{"embeddable":true,"href":"https:\/\/www.aarquiteta.com.br\/blog\/wp-json\/wp\/v2\/comments?post=156380"}],"version-history":[{"count":0,"href":"https:\/\/www.aarquiteta.com.br\/blog\/wp-json\/wp\/v2\/posts\/156380\/revisions"}],"wp:featuredmedia":[{"embeddable":true,"href":"https:\/\/www.aarquiteta.com.br\/blog\/wp-json\/wp\/v2\/media\/156377"}],"wp:attachment":[{"href":"https:\/\/www.aarquiteta.com.br\/blog\/wp-json\/wp\/v2\/media?parent=156380"}],"wp:term":[{"taxonomy":"category","embeddable":true,"href":"https:\/\/www.aarquiteta.com.br\/blog\/wp-json\/wp\/v2\/categories?post=156380"},{"taxonomy":"post_tag","embeddable":true,"href":"https:\/\/www.aarquiteta.com.br\/blog\/wp-json\/wp\/v2\/tags?post=156380"}],"curies":[{"name":"wp","href":"https:\/\/api.w.org\/{rel}","templated":true}]}}