{"id":156376,"date":"2026-01-23T22:23:06","date_gmt":"2026-01-24T01:23:06","guid":{"rendered":"https:\/\/www.aarquiteta.com.br\/blog\/cortina-de-croche\/"},"modified":"2026-01-23T22:23:06","modified_gmt":"2026-01-24T01:23:06","slug":"cortina-de-croche","status":"publish","type":"post","link":"https:\/\/www.aarquiteta.com.br\/blog\/cortina-de-croche\/","title":{"rendered":"Transforme sua casa com 10 cortinas de croch\u00ea irresist\u00edveis"},"content":{"rendered":"<p><b>Transformar sua casa com cortinas de croch\u00ea pode ser mais f\u00e1cil do que voc\u00ea imagina.<\/b> Essas pe\u00e7as trazem um toque especial \u00e0 decora\u00e7\u00e3o, tornando os ambientes mais aconchegantes. Neste artigo, vou te mostrar 10 op\u00e7\u00f5es irresist\u00edveis de cortinas que v\u00e3o encantar sua casa.<\/p>\n<figure style=\"width: 1024px\" class=\"wp-caption aligncenter\"><img decoding=\"async\" src=\"https:\/\/www.aarquiteta.com.br\/blog\/wp-content\/uploads\/2026\/01\/cortina-de-croche01.jpg\" alt=\"cortina-de-croche\" width=\"1024\" height=\"1024\" title=\"\"><figcaption class=\"wp-caption-text\">cortina-de-croche<\/figcaption><\/figure>\n<p>As <b>cortinas de croch\u00ea<\/b> est\u00e3o em alta e s\u00e3o ideais para quem busca um estilo mais r\u00fastico e acolhedor. Essas pe\u00e7as artesanais n\u00e3o servem apenas para embelezar a janela, mas tamb\u00e9m oferecem privacidade e controle de luminosidade. Vamos explorar as tend\u00eancias e como elas podem se incorporar \u00e0 sua decora\u00e7\u00e3o.<\/p>\n<figure style=\"width: 1024px\" class=\"wp-caption aligncenter\"><img decoding=\"async\" src=\"https:\/\/www.aarquiteta.com.br\/blog\/wp-content\/uploads\/2026\/01\/cortina-de-croche02.jpg\" alt=\"cortina-de-croche\" width=\"1024\" height=\"1024\" title=\"\"><figcaption class=\"wp-caption-text\">cortina-de-croche<\/figcaption><\/figure>\n<h3>1. Cortinas de Croch\u00ea Tradicional<\/h3>\n<p>Perfeitas para ambientes cl\u00e1ssicos. As cortinas com desenhos elaborados e cores neutras combinam bem com m\u00f3veis de madeira e detalhes em ferro.<\/p>\n<figure style=\"width: 1024px\" class=\"wp-caption aligncenter\"><img decoding=\"async\" src=\"https:\/\/www.aarquiteta.com.br\/blog\/wp-content\/uploads\/2026\/01\/cortina-de-croche03.jpg\" alt=\"cortina-de-croche\" width=\"1024\" height=\"1024\" title=\"\"><figcaption class=\"wp-caption-text\">cortina-de-croche<\/figcaption><\/figure>\n<h3>2. Cortinas com Franja<\/h3>\n<p>Curtas ou longas, as franjas trazem movimento e um toque boho. Funciona bem em quartos e salas que pedem uma atmosfera descontra\u00edda.<\/p>\n<h3>3. Cortinas de Croch\u00ea com Forro<\/h3>\n<p>Al\u00e9m da beleza, o forro \u00e9 \u00f3timo para bloquear a luz. Essa combina\u00e7\u00e3o \u00e9 perfeita para quartos, garantindo mais escurid\u00e3o e conforto.<\/p>\n<h3>4. Cortinas de Croch\u00ea Coloridas<\/h3>\n<p>Um jeito divertido de adicionar cor ao ambiente. Escolha tons vibrantes para alegrar salas de estar ou quartos infantis.<\/p>\n<h3>5. Cortinas Longas de Croch\u00ea<\/h3>\n<p>Estas cortinas criam uma sensa\u00e7\u00e3o de eleg\u00e2ncia instant\u00e2nea. S\u00e3o ideais para janelas altas e em ambientes que buscam uma etiqueta de sofistica\u00e7\u00e3o.<\/p>\n<h3>6. Cortinas de Croch\u00ea com Apliques<\/h3>\n<p>A inclus\u00e3o de apliques em croch\u00ea cria um visual \u00fanico. Essa varia\u00e7\u00e3o \u00e9 perfeita para quem quer um toque personalizado.<\/p>\n<p>https:\/\/www.youtube.com\/watch?v=<\/p>\n<h3>7. Cortinas de Croch\u00ea para Cozinhas<\/h3>\n<p>As cortinas neste espa\u00e7o devem ser pr\u00e1ticas e combin\u00e1veis. Opte por estilo mais leve, que permite a entrada de luz.<\/p>\n<h3>8. Cortinas para Varandas<\/h3>\n<p>Um charme a mais para esse espa\u00e7o! Escolha furos e tramas mais abertas para manter a ventila\u00e7\u00e3o e privacidade ao mesmo tempo.<\/p>\n<table>\n<tr>\n<th>Tipo de Cortina<\/th>\n<th>Estilo<\/th>\n<th>Ambiente Recomendado<\/th>\n<\/tr>\n<tr>\n<td>Cortina Tradicional<\/td>\n<td>Cl\u00e1ssico<\/td>\n<td>Salas e quartos<\/td>\n<\/tr>\n<tr>\n<td>Cortina com Franja<\/td>\n<td>Boho<\/td>\n<td>Quartos<\/td>\n<\/tr>\n<tr>\n<td>Cortina com Forro<\/td>\n<td>Funcional<\/td>\n<td>Quartos<\/td>\n<\/tr>\n<tr>\n<td>Cortina Colorida<\/td>\n<td>Divertido<\/td>\n<td>Salas infantis<\/td>\n<\/tr>\n<tr>\n<td>Cortina Longa<\/td>\n<td>Elegante<\/td>\n<td>Janelas altas<\/td>\n<\/tr>\n<\/table>\n<p><b>Incorporar cortinas de croch\u00ea na decora\u00e7\u00e3o da sua casa \u00e9 uma tend\u00eancia que traz sofistica\u00e7\u00e3o e aconchego.<\/b> Escolha as que mais combinam com seu estilo e experimente essa transforma\u00e7\u00e3o. Estou super animado para saber quais dessas op\u00e7\u00f5es voc\u00eas mais amaram!<\/p>\n<p>Deixe um coment\u00e1rio e compartilhe a sua experi\u00eancia, ou quem sabe, uma foto do seu novo ambiente decorado!<\/p>\n","protected":false},"excerpt":{"rendered":"<p>Transforme sua casa com 10 cortinas de croch\u00ea irresist\u00edveis<\/p>\n","protected":false},"author":102,"featured_media":156373,"comment_status":"open","ping_status":"","sticky":false,"template":"","format":"standard","meta":{"footnotes":""},"categories":[1484],"tags":[],"class_list":["post-156376","post","type-post","status-publish","format-standard","has-post-thumbnail","category-decoracao"],"_wp_attached_file":null,"_wp_attachment_metadata":null,"_wp_attachment_context":null,"_wp_attachment_is_custom_header":null,"geo_longitude":null,"geo_public":null,"geo_latitude":null,"_publicize_done_external":null,"_wpas_done_3897181":null,"publicize_twitter_user":null,"_wpas_done_3897175":null,"_wpas_skip_3897181":null,"_wpas_skip_3897175":null,"_wpas_skip_3924723":null,"_wpas_mess":null,"_wpas_done_3924723":null,"wps_subtitle":"","_links":{"self":[{"href":"https:\/\/www.aarquiteta.com.br\/blog\/wp-json\/wp\/v2\/posts\/156376","targetHints":{"allow":["GET"]}}],"collection":[{"href":"https:\/\/www.aarquiteta.com.br\/blog\/wp-json\/wp\/v2\/posts"}],"about":[{"href":"https:\/\/www.aarquiteta.com.br\/blog\/wp-json\/wp\/v2\/types\/post"}],"author":[{"embeddable":true,"href":"https:\/\/www.aarquiteta.com.br\/blog\/wp-json\/wp\/v2\/users\/102"}],"replies":[{"embeddable":true,"href":"https:\/\/www.aarquiteta.com.br\/blog\/wp-json\/wp\/v2\/comments?post=156376"}],"version-history":[{"count":0,"href":"https:\/\/www.aarquiteta.com.br\/blog\/wp-json\/wp\/v2\/posts\/156376\/revisions"}],"wp:featuredmedia":[{"embeddable":true,"href":"https:\/\/www.aarquiteta.com.br\/blog\/wp-json\/wp\/v2\/media\/156373"}],"wp:attachment":[{"href":"https:\/\/www.aarquiteta.com.br\/blog\/wp-json\/wp\/v2\/media?parent=156376"}],"wp:term":[{"taxonomy":"category","embeddable":true,"href":"https:\/\/www.aarquiteta.com.br\/blog\/wp-json\/wp\/v2\/categories?post=156376"},{"taxonomy":"post_tag","embeddable":true,"href":"https:\/\/www.aarquiteta.com.br\/blog\/wp-json\/wp\/v2\/tags?post=156376"}],"curies":[{"name":"wp","href":"https:\/\/api.w.org\/{rel}","templated":true}]}}