{"id":156333,"date":"2026-01-21T10:08:54","date_gmt":"2026-01-21T13:08:54","guid":{"rendered":"https:\/\/www.aarquiteta.com.br\/blog\/sala-estilo-industrial-2\/"},"modified":"2026-01-21T10:08:54","modified_gmt":"2026-01-21T13:08:54","slug":"sala-estilo-industrial-2","status":"publish","type":"post","link":"https:\/\/www.aarquiteta.com.br\/blog\/sala-estilo-industrial-2\/","title":{"rendered":"10 Inspira\u00e7\u00f5es para Transformar a Sala com Estilo Industrial"},"content":{"rendered":"<p>Voc\u00ea j\u00e1 pensou em como um toque de design industrial pode <b>transformar sua sala<\/b>? A combina\u00e7\u00e3o de elementos r\u00fasticos e modernos cria um ambiente <b>incr\u00edvel e aconchegante<\/b>. Vamos explorar <b>10 inspira\u00e7\u00f5es<\/b> que v\u00e3o deixar seu espa\u00e7o mais estiloso!<\/p>\n<figure style=\"width: 1024px\" class=\"wp-caption aligncenter\"><img decoding=\"async\" src=\"https:\/\/www.aarquiteta.com.br\/blog\/wp-content\/uploads\/2026\/01\/sala-estilo-industrial01.jpg\" alt=\"sala-estilo-industrial\" width=\"1024\" height=\"1024\" title=\"\"><figcaption class=\"wp-caption-text\">sala-estilo-industrial<\/figcaption><\/figure>\n<h3>1. Tijolinhos Expostos<\/h3>\n<p>O <b>tijolinho aparente<\/b> \u00e9 um cl\u00e1ssico que traz personalidade ao ambiente. Ele \u00e9 perfeito, seja em cores naturais ou pintado da sua maneira favorita.<\/p>\n<figure style=\"width: 1024px\" class=\"wp-caption aligncenter\"><img decoding=\"async\" src=\"https:\/\/www.aarquiteta.com.br\/blog\/wp-content\/uploads\/2026\/01\/sala-estilo-industrial02.jpg\" alt=\"sala-estilo-industrial\" width=\"1024\" height=\"1024\" title=\"\"><figcaption class=\"wp-caption-text\">sala-estilo-industrial<\/figcaption><\/figure>\n<h3>2. Acabamento em Cimento Queimado<\/h3>\n<p>Menos trabalhoso e <b>elegante<\/b>, o cimento queimado nas paredes ou no piso traz uma est\u00e9tica r\u00fastica, al\u00e9m de chique. Um verdadeiro charme!<\/p>\n<figure style=\"width: 1024px\" class=\"wp-caption aligncenter\"><img decoding=\"async\" src=\"https:\/\/www.aarquiteta.com.br\/blog\/wp-content\/uploads\/2026\/01\/sala-estilo-industrial03.jpg\" alt=\"sala-estilo-industrial\" width=\"1024\" height=\"1024\" title=\"\"><figcaption class=\"wp-caption-text\">sala-estilo-industrial<\/figcaption><\/figure>\n<h3>3. Ilumina\u00e7\u00e3o com Eletrodutos<\/h3>\n<p>Trias estruturas com <b>eletrodutos expostos<\/b> ou trilhos de ilumina\u00e7\u00e3o criam um efeito visual interessante, al\u00e9m de garantir uma boa luminosidade.<\/p>\n<h3>4. Mistura de Materiais<\/h3>\n<p>Combine <b>madeira e metal<\/b> para um visual sofisticado. Esse casamento traz conforto e \u00e9 uma assinatura do estilo industrial.<\/p>\n<h3>5. Tons de Cinza<\/h3>\n<p>Cores s\u00f3brias como o <b>cinza<\/b> ajudam a alcan\u00e7ar uma atmosfera industrial. Sof\u00e1s ou paredes cinzentas s\u00e3o escolhas acertadas.<\/p>\n<h3>6. Sof\u00e1 de Couro<\/h3>\n<p>Um <b>sof\u00e1 de couro<\/b> n\u00e3o s\u00f3 \u00e9 elegante, mas tamb\u00e9m muito duradouro. Ideal para uma sala que deseja um toque de sofistica\u00e7\u00e3o.<\/p>\n<h3>7. Elementos Decorativos Coloridos<\/h3>\n<p>Cores vivas como <b>vermelho ou amarelo<\/b> podem ser adicionadas atrav\u00e9s de quadros ou almofadas. Elas trazem alegria ao ambiente sem perder o estilo.<\/p>\n<p><div class=\"youtube-embed\" data-video_id=\"ApDy9lyk04U\"><iframe title=\"\u270525 IDEAS \ud83d\udc49 Estilo Industrial Tendencia 2025\" width=\"696\" height=\"392\" src=\"https:\/\/www.youtube.com\/embed\/ApDy9lyk04U?feature=oembed&#038;enablejsapi=1\" frameborder=\"0\" allow=\"accelerometer; autoplay; clipboard-write; encrypted-media; gyroscope; picture-in-picture; web-share\" referrerpolicy=\"strict-origin-when-cross-origin\" allowfullscreen><\/iframe><\/div>\n<\/p>\n<h3>8. Check-in Espa\u00e7oso<\/h3>\n<p>N\u00e3o importa o espa\u00e7o, sempre d\u00e1 para incluir elementos industriais. Uma parede r\u00fastica pode deixar um apartamento pequeno <b>deslumbrante<\/b>.<\/p>\n<h3>9. Incorporando Plantas<\/h3>\n<p>Plantas <b>verdes<\/b> adicionam um toque de frescor e descontra\u00e7\u00e3o, rompendo a rigidez do ambiente industrial.<\/p>\n<h3>10. Uso Criativo das Texturas<\/h3>\n<p>Texturas como <b>madeira<\/b>, metal e tecidos encorpados geram equil\u00edbrio e conforto. Invista em tapetes e mantas para aquecer a sala.<\/p>\n<table>\n<tr>\n<th>Inspira\u00e7\u00e3o<\/th>\n<th>Descri\u00e7\u00e3o<\/th>\n<\/tr>\n<tr>\n<td>Tijolinhos Expostos<\/td>\n<td>Elementos r\u00fasticos que trazem personalidade e estilo.<\/td>\n<\/tr>\n<tr>\n<td>Cimento Queimado<\/td>\n<td>Acabamento elegante e de f\u00e1cil manuten\u00e7\u00e3o.<\/td>\n<\/tr>\n<tr>\n<td>Ilumina\u00e7\u00e3o com Eletrodutos<\/td>\n<td>Estruturas expostas que valorizam o ambiente.<\/td>\n<\/tr>\n<tr>\n<td>Mistura de Materiais<\/td>\n<td>Combina\u00e7\u00e3o de madeira e metal para um look sofisticado.<\/td>\n<\/tr>\n<tr>\n<td>Tons de Cinza<\/td>\n<td>Ideal para criar uma atmosfera industrial.<\/td>\n<\/tr>\n<tr>\n<td>Sof\u00e1 de Couro<\/td>\n<td>Durabilidade e eleg\u00e2ncia.<\/td>\n<\/tr>\n<tr>\n<td>Plantinhas<\/td>\n<td>Verde que traz vida ao ambiente.<\/td>\n<\/tr>\n<\/table>\n<p>Essas <b>inspira\u00e7\u00f5es<\/b> s\u00e3o \u00f3timas para quem quer criar uma sala com estilo industrial, cheia de personalidade e conforto. Aproveite cada dica e arrase na decora\u00e7\u00e3o!<\/p>\n<p><b>Gostou das dicas?<\/b> Comente abaixo e compartilhe suas ideias!<\/p>\n","protected":false},"excerpt":{"rendered":"<p>10 Inspira\u00e7\u00f5es para Transformar a Sala com Estilo Industrial<\/p>\n","protected":false},"author":102,"featured_media":156330,"comment_status":"open","ping_status":"","sticky":false,"template":"","format":"standard","meta":{"footnotes":""},"categories":[1484],"tags":[],"class_list":["post-156333","post","type-post","status-publish","format-standard","has-post-thumbnail","category-decoracao"],"_wp_attached_file":null,"_wp_attachment_metadata":null,"_wp_attachment_context":null,"_wp_attachment_is_custom_header":null,"geo_longitude":null,"geo_public":null,"geo_latitude":null,"_publicize_done_external":null,"_wpas_done_3897181":null,"publicize_twitter_user":null,"_wpas_done_3897175":null,"_wpas_skip_3897181":null,"_wpas_skip_3897175":null,"_wpas_skip_3924723":null,"_wpas_mess":null,"_wpas_done_3924723":null,"wps_subtitle":"","_links":{"self":[{"href":"https:\/\/www.aarquiteta.com.br\/blog\/wp-json\/wp\/v2\/posts\/156333","targetHints":{"allow":["GET"]}}],"collection":[{"href":"https:\/\/www.aarquiteta.com.br\/blog\/wp-json\/wp\/v2\/posts"}],"about":[{"href":"https:\/\/www.aarquiteta.com.br\/blog\/wp-json\/wp\/v2\/types\/post"}],"author":[{"embeddable":true,"href":"https:\/\/www.aarquiteta.com.br\/blog\/wp-json\/wp\/v2\/users\/102"}],"replies":[{"embeddable":true,"href":"https:\/\/www.aarquiteta.com.br\/blog\/wp-json\/wp\/v2\/comments?post=156333"}],"version-history":[{"count":0,"href":"https:\/\/www.aarquiteta.com.br\/blog\/wp-json\/wp\/v2\/posts\/156333\/revisions"}],"wp:featuredmedia":[{"embeddable":true,"href":"https:\/\/www.aarquiteta.com.br\/blog\/wp-json\/wp\/v2\/media\/156330"}],"wp:attachment":[{"href":"https:\/\/www.aarquiteta.com.br\/blog\/wp-json\/wp\/v2\/media?parent=156333"}],"wp:term":[{"taxonomy":"category","embeddable":true,"href":"https:\/\/www.aarquiteta.com.br\/blog\/wp-json\/wp\/v2\/categories?post=156333"},{"taxonomy":"post_tag","embeddable":true,"href":"https:\/\/www.aarquiteta.com.br\/blog\/wp-json\/wp\/v2\/tags?post=156333"}],"curies":[{"name":"wp","href":"https:\/\/api.w.org\/{rel}","templated":true}]}}