{"id":156328,"date":"2026-01-17T14:23:13","date_gmt":"2026-01-17T17:23:13","guid":{"rendered":"https:\/\/www.aarquiteta.com.br\/blog\/biblioteca-em-casa-2\/"},"modified":"2026-01-17T14:23:13","modified_gmt":"2026-01-17T17:23:13","slug":"biblioteca-em-casa-2","status":"publish","type":"post","link":"https:\/\/www.aarquiteta.com.br\/blog\/biblioteca-em-casa-2\/","title":{"rendered":"10 Inspira\u00e7\u00f5es para criar uma biblioteca caseira e transformar seu canto de leitura"},"content":{"rendered":"<p>Voc\u00ea sonha em ter uma biblioteca caseira que seja o seu cantinho de leitura? Aqui voc\u00ea vai encontrar <b>inspira\u00e7\u00f5es pr\u00e1ticas<\/b> que v\u00e3o transformar esse desejo em realidade!<\/p>\n<figure style=\"width: 1024px\" class=\"wp-caption aligncenter\"><img decoding=\"async\" src=\"https:\/\/www.aarquiteta.com.br\/blog\/wp-content\/uploads\/2026\/01\/biblioteca-em-casa01.jpg\" alt=\"biblioteca-em-casa\" width=\"1024\" height=\"1024\" title=\"\"><figcaption class=\"wp-caption-text\">biblioteca-em-casa<\/figcaption><\/figure>\n<h3>1. Escolha o espa\u00e7o ideal<\/h3>\n<p>Voc\u00ea pode usar um <b>c\u00f4modo espec\u00edfico<\/b> ou um canto da sala. Um cantinho aconchegante faz toda a diferen\u00e7a na hora da leitura.<\/p>\n<figure style=\"width: 1024px\" class=\"wp-caption aligncenter\"><img decoding=\"async\" src=\"https:\/\/www.aarquiteta.com.br\/blog\/wp-content\/uploads\/2026\/01\/biblioteca-em-casa02.jpg\" alt=\"biblioteca-em-casa\" width=\"1024\" height=\"1024\" title=\"\"><figcaption class=\"wp-caption-text\">biblioteca-em-casa<\/figcaption><\/figure>\n<h3>2. Montando uma estante estilosa<\/h3>\n<p>Uma <b>estante adequada<\/b> \u00e9 essencial! Procure por modelos que combinem com sua decora\u00e7\u00e3o e que aproveitem bem o espa\u00e7o dispon\u00edvel.<\/p>\n<figure style=\"width: 1024px\" class=\"wp-caption aligncenter\"><img decoding=\"async\" src=\"https:\/\/www.aarquiteta.com.br\/blog\/wp-content\/uploads\/2026\/01\/biblioteca-em-casa03.jpg\" alt=\"biblioteca-em-casa\" width=\"1024\" height=\"1024\" title=\"\"><figcaption class=\"wp-caption-text\">biblioteca-em-casa<\/figcaption><\/figure>\n<h3>3. Organiza\u00e7\u00e3o \u00e9 tudo<\/h3>\n<p>Organize seus livros de forma que facilite o acesso. Isso pode ser por <b>g\u00eanero<\/b>, por cor ou at\u00e9 mesmo por autor. Escolha o que mais combina com voc\u00ea!<\/p>\n<h3>4. Adicione uma poltrona confort\u00e1vel<\/h3>\n<p>Uma <b>poltrona aconchegante<\/b> faz a diferen\u00e7a. Pense em um lugar onde voc\u00ea vai querer passar horas mergulhado em hist\u00f3rias!<\/p>\n<h3>5. Decore com personalidade<\/h3>\n<p>Use elementos de <b>decora\u00e7\u00e3o<\/b> que t\u00eam a ver com suas prefer\u00eancias. Pinturas, plantas e objetos que voc\u00ea ama v\u00e3o deixar o ambiente ainda mais especial.<\/p>\n<h3>6. Ilumina\u00e7\u00e3o adequada<\/h3>\n<p>A ilumina\u00e7\u00e3o pode mudar tudo. Uma boa <b>lumin\u00e1ria<\/b> ao lado da poltrona vai deixar suas leituras mais agrad\u00e1veis, especialmente \u00e0 noite.<\/p>\n<h3>7. Crie um ambiente inspirador<\/h3>\n<p>Inspire-se em sua biblioteca favorita. Voc\u00ea pode usar <b>texturas e cores<\/b> que remetem \u00e0 leitura. Isso vai fazer voc\u00ea se sentir em um verdadeiro para\u00edso liter\u00e1rio!<\/p>\n<p><div class=\"youtube-embed\" data-video_id=\"05jQqbiIAG8\"><iframe title=\"Constru\u00edmos uma estante nova para a biblioteca do zero... #estantedelivros\" width=\"696\" height=\"392\" src=\"https:\/\/www.youtube.com\/embed\/05jQqbiIAG8?feature=oembed&#038;enablejsapi=1\" frameborder=\"0\" allow=\"accelerometer; autoplay; clipboard-write; encrypted-media; gyroscope; picture-in-picture; web-share\" referrerpolicy=\"strict-origin-when-cross-origin\" allowfullscreen><\/iframe><\/div>\n<\/p>\n<h3>8. Museus e quinas de leitura<\/h3>\n<p>Considere ter <b>m\u00f3veis multifuncionais<\/b> como biombos que tamb\u00e9m servem como prateleiras ou at\u00e9 um aparador que tenha espa\u00e7o para os livros.<\/p>\n<h3>9. Personalize com tecnologia<\/h3>\n<p>Que tal uma <b>estante virtual<\/b>? Existem apps que ajudam a catalogar seus livros, facilitando a organiza\u00e7\u00e3o do seu acervo.<\/p>\n<h3>10. Registre momentos<\/h3>\n<p>Fa\u00e7a com que sua <b>biblioteca seja um local de mem\u00f3rias<\/b>. Inclua fotos e recorda\u00e7\u00f5es que trazem boas lembran\u00e7as a esse espa\u00e7o especial.<\/p>\n<table>\n<tr>\n<th>Inspira\u00e7\u00e3o<\/th>\n<th>Detalhes<\/th>\n<\/tr>\n<tr>\n<td>Espa\u00e7o Ideal<\/td>\n<td>Cantos da sala ou c\u00f4modos espec\u00edficos.<\/td>\n<\/tr>\n<tr>\n<td>Estante<\/td>\n<td>Modelos que harmonizam com a decora\u00e7\u00e3o.<\/td>\n<\/tr>\n<tr>\n<td>Organiza\u00e7\u00e3o<\/td>\n<td>Por g\u00eanero, cor ou autor.<\/td>\n<\/tr>\n<tr>\n<td>Poltrona<\/td>\n<td>Conforto \u00e9 essencial.<\/td>\n<\/tr>\n<tr>\n<td>Decora\u00e7\u00e3o<\/td>\n<td>Elementos pessoais na decora\u00e7\u00e3o.<\/td>\n<\/tr>\n<tr>\n<td>Ilumina\u00e7\u00e3o<\/td>\n<td>Lumin\u00e1ria ao lado da poltrona.<\/td>\n<\/tr>\n<tr>\n<td>M\u00f3veis Multifuncionais<\/td>\n<td>Biombos com prateleiras.<\/td>\n<\/tr>\n<tr>\n<td>Cataloga\u00e7\u00e3o Digital<\/td>\n<td>Aplicativos para gerenciar a cole\u00e7\u00e3o.<\/td>\n<\/tr>\n<tr>\n<td>Mem\u00f3rias<\/td>\n<td>Fotos e recorda\u00e7\u00f5es no espa\u00e7o.<\/td>\n<\/tr>\n<\/table>\n<p>Com essas <b>dicas e inspira\u00e7\u00f5es<\/b>, suas leituras v\u00e3o ganhar um novo espa\u00e7o repleto de magia! N\u00e3o esque\u00e7a de compartilhar suas ideias e fazer desse lugar o seu favorito!<\/p>\n","protected":false},"excerpt":{"rendered":"<p>10 Inspira\u00e7\u00f5es para criar uma biblioteca caseira e transformar seu canto de leitura<\/p>\n","protected":false},"author":102,"featured_media":156325,"comment_status":"open","ping_status":"","sticky":false,"template":"","format":"standard","meta":{"footnotes":""},"categories":[1484],"tags":[],"class_list":["post-156328","post","type-post","status-publish","format-standard","has-post-thumbnail","category-decoracao"],"_wp_attached_file":null,"_wp_attachment_metadata":null,"_wp_attachment_context":null,"_wp_attachment_is_custom_header":null,"geo_longitude":null,"geo_public":null,"geo_latitude":null,"_publicize_done_external":null,"_wpas_done_3897181":null,"publicize_twitter_user":null,"_wpas_done_3897175":null,"_wpas_skip_3897181":null,"_wpas_skip_3897175":null,"_wpas_skip_3924723":null,"_wpas_mess":null,"_wpas_done_3924723":null,"wps_subtitle":"","_links":{"self":[{"href":"https:\/\/www.aarquiteta.com.br\/blog\/wp-json\/wp\/v2\/posts\/156328","targetHints":{"allow":["GET"]}}],"collection":[{"href":"https:\/\/www.aarquiteta.com.br\/blog\/wp-json\/wp\/v2\/posts"}],"about":[{"href":"https:\/\/www.aarquiteta.com.br\/blog\/wp-json\/wp\/v2\/types\/post"}],"author":[{"embeddable":true,"href":"https:\/\/www.aarquiteta.com.br\/blog\/wp-json\/wp\/v2\/users\/102"}],"replies":[{"embeddable":true,"href":"https:\/\/www.aarquiteta.com.br\/blog\/wp-json\/wp\/v2\/comments?post=156328"}],"version-history":[{"count":0,"href":"https:\/\/www.aarquiteta.com.br\/blog\/wp-json\/wp\/v2\/posts\/156328\/revisions"}],"wp:featuredmedia":[{"embeddable":true,"href":"https:\/\/www.aarquiteta.com.br\/blog\/wp-json\/wp\/v2\/media\/156325"}],"wp:attachment":[{"href":"https:\/\/www.aarquiteta.com.br\/blog\/wp-json\/wp\/v2\/media?parent=156328"}],"wp:term":[{"taxonomy":"category","embeddable":true,"href":"https:\/\/www.aarquiteta.com.br\/blog\/wp-json\/wp\/v2\/categories?post=156328"},{"taxonomy":"post_tag","embeddable":true,"href":"https:\/\/www.aarquiteta.com.br\/blog\/wp-json\/wp\/v2\/tags?post=156328"}],"curies":[{"name":"wp","href":"https:\/\/api.w.org\/{rel}","templated":true}]}}