{"id":156323,"date":"2026-01-17T06:23:24","date_gmt":"2026-01-17T09:23:24","guid":{"rendered":"https:\/\/www.aarquiteta.com.br\/blog\/revestimento-para-sala-9\/"},"modified":"2026-01-17T06:23:24","modified_gmt":"2026-01-17T09:23:24","slug":"revestimento-para-sala-9","status":"publish","type":"post","link":"https:\/\/www.aarquiteta.com.br\/blog\/revestimento-para-sala-9\/","title":{"rendered":"10 revestimentos para sala que transformam seu ambiente"},"content":{"rendered":"<p>Voc\u00ea sabia que o revestimento certo pode <b>transformar completamente sua sala<\/b>? Com op\u00e7\u00f5es variadas, \u00e9 poss\u00edvel criar ambientes \u00fanicos e cheios de estilo.<\/p>\n<figure style=\"width: 1024px\" class=\"wp-caption aligncenter\"><img decoding=\"async\" src=\"https:\/\/www.aarquiteta.com.br\/blog\/wp-content\/uploads\/2026\/01\/revestimento-para-sala01-2.jpg\" alt=\"revestimento-para-sala\" width=\"1024\" height=\"1024\" title=\"\"><figcaption class=\"wp-caption-text\">revestimento-para-sala<\/figcaption><\/figure>\n<p>A escolha do <b>revestimento para sala<\/b> vai al\u00e9m da est\u00e9tica. \u00c9 preciso considerar conforto, durabilidade e o estilo que voc\u00ea deseja transmitir. Neste artigo, vou apresentar 10 op\u00e7\u00f5es incr\u00edveis de revestimentos que fazem toda a diferen\u00e7a no seu espa\u00e7o.<\/p>\n<figure style=\"width: 1024px\" class=\"wp-caption aligncenter\"><img decoding=\"async\" src=\"https:\/\/www.aarquiteta.com.br\/blog\/wp-content\/uploads\/2026\/01\/revestimento-para-sala02-2.jpg\" alt=\"revestimento-para-sala\" width=\"1024\" height=\"1024\" title=\"\"><figcaption class=\"wp-caption-text\">revestimento-para-sala<\/figcaption><\/figure>\n<h3>1. Revestimento Cer\u00e2mico<\/h3>\n<p>O <b>revestimento cer\u00e2mico<\/b> \u00e9 muito popular, especialmente o porcelanato que imita m\u00e1rmore. Al\u00e9m de ser acess\u00edvel, ele \u00e9 f\u00e1cil de limpar e resistente.<\/p>\n<figure style=\"width: 1024px\" class=\"wp-caption aligncenter\"><img decoding=\"async\" src=\"https:\/\/www.aarquiteta.com.br\/blog\/wp-content\/uploads\/2026\/01\/revestimento-para-sala03-2.jpg\" alt=\"revestimento-para-sala\" width=\"1024\" height=\"1024\" title=\"\"><figcaption class=\"wp-caption-text\">revestimento-para-sala<\/figcaption><\/figure>\n<h3>2. Cimento Queimado<\/h3>\n<p>Sin\u00f4nimo de <b>modernidade<\/b>, o cimento queimado tem uma est\u00e9tica industrial. Sua versatilidade permite aplic\u00e1-lo em paredes, pisos e at\u00e9 tetos.<\/p>\n<h3>3. MDF<\/h3>\n<p>O <b>MDF<\/b> \u00e9 uma escolha inteligente para quem busca sofistica\u00e7\u00e3o e custo-benef\u00edcio. Ele traz um visual amadeirado, muito apreciado, e pode ser utilizado em diversas aplica\u00e7\u00f5es.<\/p>\n<h3>4. Revestimento 3D<\/h3>\n<p>Esse tipo de revestimento, com texturas e formas, \u00e9 ideal para quem quer um destaque visual na sala. Ele proporciona <b>impacto<\/b> e personalidade ao ambiente.<\/p>\n<h3>5. Vin\u00edlico e Laminado<\/h3>\n<p>Esses revestimentos s\u00e3o quentes e imitam madeira, criando um ambiente acolhedor. O <b>vin\u00edlico<\/b> \u00e9 mais flex\u00edvel, enquanto o laminado \u00e9 bem resistente.<\/p>\n<h3>6. Revestimento de Metal<\/h3>\n<p>Optar por <b>metais<\/b> traz um ar industrial e contempor\u00e2neo. Ideal para paredes, eles s\u00e3o elegantes e \u00fanicos. O a\u00e7o corten, por exemplo, \u00e9 muito utilizado em decora\u00e7\u00f5es atuais.<\/p>\n<p><div class=\"youtube-embed\" data-video_id=\"5lByinjejns\"><iframe title=\"Sala renovada com Papel de Parede e Painel Ripado! #ripado #papeldeparede #abcpaulista #arquitetura\" width=\"696\" height=\"392\" src=\"https:\/\/www.youtube.com\/embed\/5lByinjejns?feature=oembed&#038;enablejsapi=1\" frameborder=\"0\" allow=\"accelerometer; autoplay; clipboard-write; encrypted-media; gyroscope; picture-in-picture; web-share\" referrerpolicy=\"strict-origin-when-cross-origin\" allowfullscreen><\/iframe><\/div>\n<\/p>\n<h3>7. Tijolos \u00e0 Vista<\/h3>\n<p>Aproveitar a beleza dos <b>tijolos<\/b> expostos \u00e9 uma tend\u00eancia que nunca sai de moda. Eles proporcionam rusticidade e calor ao espa\u00e7o.<\/p>\n<h3>8. Pedras Naturais<\/h3>\n<p>As <b>pedras naturais<\/b> trazem um toque r\u00fastico e s\u00e3o perfeitas para quem busca uma conex\u00e3o com a natureza. Elas podem ser usadas em paredes e pisos.<\/p>\n<h3>9. Papel de Parede<\/h3>\n<p>Os pap\u00e9is de parede est\u00e3o em alta, oferecendo uma vasta gama de padr\u00f5es. Eles trazem personalidade e podem ser facilmente trocados, renovando o espa\u00e7o rapidamente.<\/p>\n<h3>10. Texturizados<\/h3>\n<p>Revestimentos <b>texturizados<\/b> s\u00e3o \u00f3timos para criar profundidade. Eles podem ser aplicados em paredes e trazem um ar moderno ao ambiente.<\/p>\n<table>\n<tr>\n<th>Tipo de Revestimento<\/th>\n<th>Caracter\u00edsticas<\/th>\n<th>Uso Recomendado<\/th>\n<\/tr>\n<tr>\n<td>Cer\u00e2mico<\/td>\n<td>F\u00e1cil manuten\u00e7\u00e3o e acess\u00edvel<\/td>\n<td>Pisos e paredes<\/td>\n<\/tr>\n<tr>\n<td>Cimento Queimado<\/td>\n<td>Visual industrial e vers\u00e1til<\/td>\n<td>Paredes e tetos<\/td>\n<\/tr>\n<tr>\n<td>MDF<\/td>\n<td>Estilo amadeirado e econ\u00f3mico<\/td>\n<td>Paredes e forros<\/td>\n<\/tr>\n<tr>\n<td>3D<\/td>\n<td>Texturas marcantes<\/td>\n<td>Paredes de destaque<\/td>\n<\/tr>\n<tr>\n<td>Vin\u00edlico\/Laminado<\/td>\n<td>Quente e aconchegante<\/td>\n<td>Pisos<\/td>\n<\/tr>\n<tr>\n<td>Metal<\/td>\n<td>Estilo industrial<\/td>\n<td>Paredes<\/td>\n<\/tr>\n<tr>\n<td>Tijolos \u00e0 Vista<\/td>\n<td>Rusticidade e calor<\/td>\n<td>Paredes internas\/externas<\/td>\n<\/tr>\n<tr>\n<td>Piedras Naturais<\/td>\n<td>Conex\u00e3o com a natureza<\/td>\n<td>Pisos e paredes<\/td>\n<\/tr>\n<tr>\n<td>Papel de Parede<\/td>\n<td>Variedade de padr\u00f5es<\/td>\n<td>Paredes<\/td>\n<\/tr>\n<tr>\n<td>Texturizados<\/td>\n<td>Profundidade e modernidade<\/td>\n<td>Paredes<\/td>\n<\/tr>\n<\/table>\n<p>Depois de conhecer essas <b>10 op\u00e7\u00f5es<\/b>, a escolha do revestimento ideal para a sua sala se torna mais f\u00e1cil. O que acha de come\u00e7ar esse projeto agora mesmo? Explore diferentes texturas e cores, e sinta-se \u00e0 vontade para compartilhar suas ideias!<\/p>\n<p>Deseja saber mais sobre decora\u00e7\u00e3o de ambientes? Confira nossas dicas sobre <a href=\"#\">tend\u00eancias de decora\u00e7\u00e3o para 2024<\/a> e <a href=\"#\">como transformar pequenas salas em grandes espa\u00e7os<\/a>.<\/p>\n","protected":false},"excerpt":{"rendered":"<p>10 revestimentos para sala que transformam seu ambiente<\/p>\n","protected":false},"author":102,"featured_media":156320,"comment_status":"open","ping_status":"","sticky":false,"template":"","format":"standard","meta":{"footnotes":""},"categories":[1484],"tags":[],"class_list":["post-156323","post","type-post","status-publish","format-standard","has-post-thumbnail","category-decoracao"],"_wp_attached_file":null,"_wp_attachment_metadata":null,"_wp_attachment_context":null,"_wp_attachment_is_custom_header":null,"geo_longitude":null,"geo_public":null,"geo_latitude":null,"_publicize_done_external":null,"_wpas_done_3897181":null,"publicize_twitter_user":null,"_wpas_done_3897175":null,"_wpas_skip_3897181":null,"_wpas_skip_3897175":null,"_wpas_skip_3924723":null,"_wpas_mess":null,"_wpas_done_3924723":null,"wps_subtitle":"","_links":{"self":[{"href":"https:\/\/www.aarquiteta.com.br\/blog\/wp-json\/wp\/v2\/posts\/156323","targetHints":{"allow":["GET"]}}],"collection":[{"href":"https:\/\/www.aarquiteta.com.br\/blog\/wp-json\/wp\/v2\/posts"}],"about":[{"href":"https:\/\/www.aarquiteta.com.br\/blog\/wp-json\/wp\/v2\/types\/post"}],"author":[{"embeddable":true,"href":"https:\/\/www.aarquiteta.com.br\/blog\/wp-json\/wp\/v2\/users\/102"}],"replies":[{"embeddable":true,"href":"https:\/\/www.aarquiteta.com.br\/blog\/wp-json\/wp\/v2\/comments?post=156323"}],"version-history":[{"count":0,"href":"https:\/\/www.aarquiteta.com.br\/blog\/wp-json\/wp\/v2\/posts\/156323\/revisions"}],"wp:featuredmedia":[{"embeddable":true,"href":"https:\/\/www.aarquiteta.com.br\/blog\/wp-json\/wp\/v2\/media\/156320"}],"wp:attachment":[{"href":"https:\/\/www.aarquiteta.com.br\/blog\/wp-json\/wp\/v2\/media?parent=156323"}],"wp:term":[{"taxonomy":"category","embeddable":true,"href":"https:\/\/www.aarquiteta.com.br\/blog\/wp-json\/wp\/v2\/categories?post=156323"},{"taxonomy":"post_tag","embeddable":true,"href":"https:\/\/www.aarquiteta.com.br\/blog\/wp-json\/wp\/v2\/tags?post=156323"}],"curies":[{"name":"wp","href":"https:\/\/api.w.org\/{rel}","templated":true}]}}