{"id":156313,"date":"2026-01-16T14:23:15","date_gmt":"2026-01-16T17:23:15","guid":{"rendered":"https:\/\/www.aarquiteta.com.br\/blog\/decoracao-de-varanda-2\/"},"modified":"2026-01-16T14:23:15","modified_gmt":"2026-01-16T17:23:15","slug":"decoracao-de-varanda-2","status":"publish","type":"post","link":"https:\/\/www.aarquiteta.com.br\/blog\/decoracao-de-varanda-2\/","title":{"rendered":"Transforme sua varanda com 10 ideias que surpreendem"},"content":{"rendered":"<p>Est\u00e1 pensando em dar um *up* na sua varanda? Neste artigo, voc\u00ea vai descobrir 10 ideias criativas que v\u00e3o surpreender voc\u00ea.<\/p>\n<figure style=\"width: 1024px\" class=\"wp-caption aligncenter\"><img decoding=\"async\" src=\"https:\/\/www.aarquiteta.com.br\/blog\/wp-content\/uploads\/2026\/01\/decoracao-de-varanda01.jpg\" alt=\"decoracao-de-varanda\" width=\"1024\" height=\"1024\" title=\"\"><figcaption class=\"wp-caption-text\">decoracao-de-varanda<\/figcaption><\/figure>\n<h3>Varanda como novo espa\u00e7o de lazer<\/h3>\n<p>Voc\u00ea j\u00e1 imaginou como pode ser reconfortante ter uma varanda bem decorada? <b>A varanda \u00e9 um espa\u00e7o incr\u00edvel para relaxar e se conectar com a natureza.<\/b> Com algumas mudan\u00e7as, ela pode se transformar no seu local favorito da casa.<\/p>\n<figure style=\"width: 1024px\" class=\"wp-caption aligncenter\"><img decoding=\"async\" src=\"https:\/\/www.aarquiteta.com.br\/blog\/wp-content\/uploads\/2026\/01\/decoracao-de-varanda02.jpg\" alt=\"decoracao-de-varanda\" width=\"1024\" height=\"1024\" title=\"\"><figcaption class=\"wp-caption-text\">decoracao-de-varanda<\/figcaption><\/figure>\n<h3>1. Invista em M\u00f3veis Confort\u00e1veis<\/h3>\n<p>Um ambiente agrad\u00e1vel pede conforto. <b>Sof\u00e1s e poltronas<\/b> s\u00e3o essenciais para criar um espa\u00e7o acolhedor. Considere tamb\u00e9m uma rede para aqueles momentos de lazer.<\/p>\n<figure style=\"width: 1024px\" class=\"wp-caption aligncenter\"><img decoding=\"async\" src=\"https:\/\/www.aarquiteta.com.br\/blog\/wp-content\/uploads\/2026\/01\/decoracao-de-varanda03.jpg\" alt=\"decoracao-de-varanda\" width=\"1024\" height=\"1024\" title=\"\"><figcaption class=\"wp-caption-text\">decoracao-de-varanda<\/figcaption><\/figure>\n<h3>2. Aposte nas Plantas<\/h3>\n<p>Conectar-se com a natureza traz benef\u00edcios incr\u00edveis. <b>Plantas como samambaias e orqu\u00eddeas<\/b> d\u00e3o vida e frescor \u00e0 varanda, al\u00e9m de deixar o ambiente mais bonito.<\/p>\n<h3>3. Adicione Ilumina\u00e7\u00e3o<\/h3>\n<p>Quer dar um charme especial? <b>Lanternas de vidro e luzes pendentes<\/b> criam uma atmosfera intimista e aconchegante, ideal para noites relaxantes.<\/p>\n<h3>4. Cores Vibrantes<\/h3>\n<p>N\u00e3o tenha medo de se aventurar nas cores. <b>Mix de estampas e tonifica\u00e7\u00f5es vibrantes<\/b> podem fazer a sua varanda se destacar e refletir sua personalidade.<\/p>\n<h3>5. Use Elementos Naturais<\/h3>\n<p>M\u00f3veis de <b>madeira e fibras naturais<\/b> trazem um toque r\u00fastico e aut\u00eantico ao espa\u00e7o. Experimente incluir uma mesa de centro feita com materiais sustent\u00e1veis.<\/p>\n<h3>6. Crie um Cantinho Zen<\/h3>\n<p>Buscando um espa\u00e7o de tranquilidade? Um <b>futon ou uma chaise<\/b> pode ser o local ideal para meditar ou simplesmente relaxar, longe da correria do dia a dia.<\/p>\n<p><div class=\"youtube-embed\" data-video_id=\"3_RtiWlcuMM\"><iframe title=\"S\u00d3 VARANDAS BONITAS || 100 Projetos para Casas || Simples e Sofisticadas!\" width=\"696\" height=\"392\" src=\"https:\/\/www.youtube.com\/embed\/3_RtiWlcuMM?feature=oembed&#038;enablejsapi=1\" frameborder=\"0\" allow=\"accelerometer; autoplay; clipboard-write; encrypted-media; gyroscope; picture-in-picture; web-share\" referrerpolicy=\"strict-origin-when-cross-origin\" allowfullscreen><\/iframe><\/div>\n<\/p>\n<h3>7. Explore Revestimentos Diferentes<\/h3>\n<p>Adicione textura e personalidade ao ambiente com <b>revestimentos diferenciados<\/b> nas paredes ou no piso. Isso pode fazer toda a diferen\u00e7a na decora\u00e7\u00e3o.<\/p>\n<h3>8. Uma Mesa para Reuni\u00f5es<\/h3>\n<p>Reunir amigos e fam\u00edlia \u00e9 sempre uma alegria! Com <b>uma mesa grande<\/b>, sua varanda se torna o centro de boas mem\u00f3rias e sorrisos.<\/p>\n<h3>9. Cadeiras e Balan\u00e7os<\/h3>\n<p>Um balan\u00e7o ou cadeiras de destaque podem ser excelentes op\u00e7\u00f5es para adicionar um toque l\u00fadico \u00e0 varanda. <b>Esses itens s\u00e3o perfeitos para relaxar<\/b>.<\/p>\n<h3>10. Um Toque Final com Acess\u00f3rios<\/h3>\n<p>Almofadas coloridas e pequenos objetos decorativos ajudam a compor o ambiente. <b>Esses acess\u00f3rios pessoais trazem calor e identidade<\/b>.<\/p>\n<table>\n<tr>\n<th>Ideia<\/th>\n<th>Descri\u00e7\u00e3o<\/th>\n<\/tr>\n<tr>\n<td>M\u00f3veis Confort\u00e1veis<\/td>\n<td>Sof\u00e1s, poltronas e redes para momentos de relaxamento.<\/td>\n<\/tr>\n<tr>\n<td>Plantas<\/td>\n<td>Sugest\u00f5es como samambaias e orqu\u00eddeas para frescor.<\/td>\n<\/tr>\n<tr>\n<td>Ilumina\u00e7\u00e3o<\/td>\n<td>Lanternas e luzes para um ambiente acolhedor \u00e0 noite.<\/td>\n<\/tr>\n<tr>\n<td>Cores Vibrantes<\/td>\n<td>Mix de estampas para dar vida ao espa\u00e7o.<\/td>\n<\/tr>\n<tr>\n<td>Elementos Naturais<\/td>\n<td>M\u00f3veis de madeira e fibras para um toque r\u00fastico.<\/td>\n<\/tr>\n<\/table>\n<p>Pronto para transformar a sua varanda? <b>Coloque em pr\u00e1tica essas ideias e surpreenda-se com o resultado!<\/b> Compartilhe suas experi\u00eancias e novas dicas nos coment\u00e1rios. Vamos juntos criar espa\u00e7os que nos inspirem!<\/p>\n","protected":false},"excerpt":{"rendered":"<p>Transforme sua varanda com 10 ideias que surpreendem<\/p>\n","protected":false},"author":102,"featured_media":156310,"comment_status":"open","ping_status":"","sticky":false,"template":"","format":"standard","meta":{"footnotes":""},"categories":[1484],"tags":[],"class_list":["post-156313","post","type-post","status-publish","format-standard","has-post-thumbnail","category-decoracao"],"_wp_attached_file":null,"_wp_attachment_metadata":null,"_wp_attachment_context":null,"_wp_attachment_is_custom_header":null,"geo_longitude":null,"geo_public":null,"geo_latitude":null,"_publicize_done_external":null,"_wpas_done_3897181":null,"publicize_twitter_user":null,"_wpas_done_3897175":null,"_wpas_skip_3897181":null,"_wpas_skip_3897175":null,"_wpas_skip_3924723":null,"_wpas_mess":null,"_wpas_done_3924723":null,"wps_subtitle":"","_links":{"self":[{"href":"https:\/\/www.aarquiteta.com.br\/blog\/wp-json\/wp\/v2\/posts\/156313","targetHints":{"allow":["GET"]}}],"collection":[{"href":"https:\/\/www.aarquiteta.com.br\/blog\/wp-json\/wp\/v2\/posts"}],"about":[{"href":"https:\/\/www.aarquiteta.com.br\/blog\/wp-json\/wp\/v2\/types\/post"}],"author":[{"embeddable":true,"href":"https:\/\/www.aarquiteta.com.br\/blog\/wp-json\/wp\/v2\/users\/102"}],"replies":[{"embeddable":true,"href":"https:\/\/www.aarquiteta.com.br\/blog\/wp-json\/wp\/v2\/comments?post=156313"}],"version-history":[{"count":0,"href":"https:\/\/www.aarquiteta.com.br\/blog\/wp-json\/wp\/v2\/posts\/156313\/revisions"}],"wp:featuredmedia":[{"embeddable":true,"href":"https:\/\/www.aarquiteta.com.br\/blog\/wp-json\/wp\/v2\/media\/156310"}],"wp:attachment":[{"href":"https:\/\/www.aarquiteta.com.br\/blog\/wp-json\/wp\/v2\/media?parent=156313"}],"wp:term":[{"taxonomy":"category","embeddable":true,"href":"https:\/\/www.aarquiteta.com.br\/blog\/wp-json\/wp\/v2\/categories?post=156313"},{"taxonomy":"post_tag","embeddable":true,"href":"https:\/\/www.aarquiteta.com.br\/blog\/wp-json\/wp\/v2\/tags?post=156313"}],"curies":[{"name":"wp","href":"https:\/\/api.w.org\/{rel}","templated":true}]}}