{"id":156281,"date":"2026-01-15T06:22:46","date_gmt":"2026-01-15T09:22:46","guid":{"rendered":"https:\/\/www.aarquiteta.com.br\/blog\/bancada-de-madeira-2\/"},"modified":"2026-01-15T06:22:46","modified_gmt":"2026-01-15T09:22:46","slug":"bancada-de-madeira-2","status":"publish","type":"post","link":"https:\/\/www.aarquiteta.com.br\/blog\/bancada-de-madeira-2\/","title":{"rendered":"10 inspira\u00e7\u00f5es de bancada de madeira que renovam sua cozinha"},"content":{"rendered":"<p>Transforme sua cozinha com uma bancada de madeira que une <b>funcionalidade<\/b> e <b>estilo<\/b>. S\u00e3o op\u00e7\u00f5es variadas que v\u00e3o fazer voc\u00ea se apaixonar!<\/p>\n<figure style=\"width: 1024px\" class=\"wp-caption aligncenter\"><img decoding=\"async\" src=\"https:\/\/www.aarquiteta.com.br\/blog\/wp-content\/uploads\/2026\/01\/bancada-de-madeira01.jpg\" alt=\"bancada-de-madeira\" width=\"1024\" height=\"1024\" title=\"\"><figcaption class=\"wp-caption-text\">bancada-de-madeira<\/figcaption><\/figure>\n<h3>10 inspira\u00e7\u00f5es de bancada de madeira que renovam sua cozinha<\/h3>\n<p>Voc\u00ea j\u00e1 pensou como uma simples <b>bancada de madeira<\/b> pode transformar completamente o visual da sua cozinha? O charme que a madeira traz \u00e9 ineg\u00e1vel, podendo gerar um ambiente mais <b>aconchegante<\/b> e sofisticado. Vamos explorar algumas inspira\u00e7\u00f5es que podem ajudar voc\u00ea a escolher a bancada perfeita para seu espa\u00e7o.<\/p>\n<figure style=\"width: 1024px\" class=\"wp-caption aligncenter\"><img decoding=\"async\" src=\"https:\/\/www.aarquiteta.com.br\/blog\/wp-content\/uploads\/2026\/01\/bancada-de-madeira02.jpg\" alt=\"bancada-de-madeira\" width=\"1024\" height=\"1024\" title=\"\"><figcaption class=\"wp-caption-text\">bancada-de-madeira<\/figcaption><\/figure>\n<h3>1. Bancada de Madeira Polida<\/h3>\n<p>Esse tipo de acabamento traz um <b>contraste<\/b> moderno e elegante, especialmente quando combinado com paredes r\u00fasticas.<\/p>\n<figure style=\"width: 1024px\" class=\"wp-caption aligncenter\"><img decoding=\"async\" src=\"https:\/\/www.aarquiteta.com.br\/blog\/wp-content\/uploads\/2026\/01\/bancada-de-madeira03.jpg\" alt=\"bancada-de-madeira\" width=\"1024\" height=\"1024\" title=\"\"><figcaption class=\"wp-caption-text\">bancada-de-madeira<\/figcaption><\/figure>\n<h3>2. Integra\u00e7\u00e3o de Espa\u00e7os<\/h3>\n<p>Uma bancada delimitando a cozinha em um ambiente integrado \u00e9 funcional e tamb\u00e9m pode ser um <b>ponto focal<\/b> da decora\u00e7\u00e3o.<\/p>\n<h3>3. Solu\u00e7\u00f5es para Espa\u00e7os Pequenos<\/h3>\n<p>Mesmo os menores locais podem contar com uma bela bancada. A madeira otimiza <b>cada cent\u00edmetro<\/b> dispon\u00edvel.<\/p>\n<h3>4. Harmonia com Arm\u00e1rios<\/h3>\n<p>Combinar a bancada em madeira com arm\u00e1rios de tom cinza escuro \u00e9 uma \u00f3tima maneira de criar um ambiente harmonioso e <b>elegante<\/b>.<\/p>\n<h3>5. Toque Gourmet<\/h3>\n<p>Na \u00e1rea gourmet, uma bancada traz ainda mais <b>charme<\/b>, criando um espa\u00e7o perfeito para receber amigos e familiares.<\/p>\n<h3>6. Reaproveitamento de Madeira<\/h3>\n<p>Usar madeira de demoli\u00e7\u00e3o pode ser uma escolha sustent\u00e1vel e cheia de <b>personalidade<\/b>.<\/p>\n<p><div class=\"youtube-embed\" data-video_id=\"kcKy5S_XpA8\"><iframe title=\"Bancada de Pia de Cozinha de Madeira R\u00fastica\" width=\"696\" height=\"392\" src=\"https:\/\/www.youtube.com\/embed\/kcKy5S_XpA8?feature=oembed&#038;enablejsapi=1\" frameborder=\"0\" allow=\"accelerometer; autoplay; clipboard-write; encrypted-media; gyroscope; picture-in-picture; web-share\" referrerpolicy=\"strict-origin-when-cross-origin\" allowfullscreen><\/iframe><\/div>\n<\/p>\n<h3>7. Funcionalidade e Estilo<\/h3>\n<p>Uma bancada simples pode servir como um <b>espa\u00e7o para leitura<\/b> ou escritura\u00e7\u00e3o integrada com a decora\u00e7\u00e3o do quarto.<\/p>\n<table>\n<tr>\n<th>Inspira\u00e7\u00e3o<\/th>\n<th>Descri\u00e7\u00e3o<\/th>\n<\/tr>\n<tr>\n<td>Bancada Polida<\/td>\n<td>Contraste moderno com paredes r\u00fasticas.<\/td>\n<\/tr>\n<tr>\n<td>Integra\u00e7\u00e3o de Espa\u00e7os<\/td>\n<td>Delimita a cozinha em ambientes integrados.<\/td>\n<\/tr>\n<tr>\n<td>Espa\u00e7os Pequenos<\/td>\n<td>Funcional e otimiza o espa\u00e7o.<\/td>\n<\/tr>\n<tr>\n<td>Harmonia com Arm\u00e1rios<\/td>\n<td>Combina com arm\u00e1rios escuros.<\/td>\n<\/tr>\n<tr>\n<td>Toque Gourmet<\/td>\n<td>Espa\u00e7o divertido para reuni\u00f5es.<\/td>\n<\/tr>\n<tr>\n<td>Reaproveitamento<\/td>\n<td>Utiliza madeira de demoli\u00e7\u00e3o.<\/td>\n<\/tr>\n<tr>\n<td>Funcionalidade<\/td>\n<td>Espa\u00e7o para leitura ou estudo.<\/td>\n<\/tr>\n<\/table>\n<h3>8. Degrad\u00ea de Cores<\/h3>\n<p><b>Modelos com degrad\u00ea<\/b> de cores trazem um visual interessante e din\u00e2mico, perfeito para quem gosta de inova\u00e7\u00e3o.<\/p>\n<h3>9. Estilo e Conforto<\/h3>\n<p>Uma bancada com formato diferenciado pode se tornar um <b>destaque<\/b> em qualquer cozinha.<\/p>\n<h3>10. Personaliza\u00e7\u00e3o sob Medida<\/h3>\n<p>Feita sob medida, a bancada pode ser projetada para atender suas necessidades espec\u00edficas, tornando sua cozinha ainda mais <b>pr\u00e1tica<\/b>.<\/p>\n<p>Quais inspira\u00e7\u00f5es mais chamaram sua aten\u00e7\u00e3o? Com tantas op\u00e7\u00f5es de bancadas de madeira, \u00e9 poss\u00edvel encontrar a ideal, que se encaixe no seu estilo e necessidades. <b>Explore essas ideias<\/b>, transforme sua cozinha e, claro, n\u00e3o esque\u00e7a de compartilhar suas experi\u00eancias conosco!<\/p>\n<p>N\u00e3o pare por aqui. Confira tamb\u00e9m nossos artigos sobre <b>decora\u00e7\u00e3o<\/b>, <b>m\u00f3veis planejados<\/b> e <b>tend\u00eancias de 2024<\/b> para deixar sua casa ainda mais bonita!<\/p>\n","protected":false},"excerpt":{"rendered":"<p>10 inspira\u00e7\u00f5es de bancada de madeira que renovam sua cozinha<\/p>\n","protected":false},"author":102,"featured_media":156278,"comment_status":"open","ping_status":"","sticky":false,"template":"","format":"standard","meta":{"footnotes":""},"categories":[1484],"tags":[],"class_list":["post-156281","post","type-post","status-publish","format-standard","has-post-thumbnail","category-decoracao"],"_wp_attached_file":null,"_wp_attachment_metadata":null,"_wp_attachment_context":null,"_wp_attachment_is_custom_header":null,"geo_longitude":null,"geo_public":null,"geo_latitude":null,"_publicize_done_external":null,"_wpas_done_3897181":null,"publicize_twitter_user":null,"_wpas_done_3897175":null,"_wpas_skip_3897181":null,"_wpas_skip_3897175":null,"_wpas_skip_3924723":null,"_wpas_mess":null,"_wpas_done_3924723":null,"wps_subtitle":"","_links":{"self":[{"href":"https:\/\/www.aarquiteta.com.br\/blog\/wp-json\/wp\/v2\/posts\/156281","targetHints":{"allow":["GET"]}}],"collection":[{"href":"https:\/\/www.aarquiteta.com.br\/blog\/wp-json\/wp\/v2\/posts"}],"about":[{"href":"https:\/\/www.aarquiteta.com.br\/blog\/wp-json\/wp\/v2\/types\/post"}],"author":[{"embeddable":true,"href":"https:\/\/www.aarquiteta.com.br\/blog\/wp-json\/wp\/v2\/users\/102"}],"replies":[{"embeddable":true,"href":"https:\/\/www.aarquiteta.com.br\/blog\/wp-json\/wp\/v2\/comments?post=156281"}],"version-history":[{"count":0,"href":"https:\/\/www.aarquiteta.com.br\/blog\/wp-json\/wp\/v2\/posts\/156281\/revisions"}],"wp:featuredmedia":[{"embeddable":true,"href":"https:\/\/www.aarquiteta.com.br\/blog\/wp-json\/wp\/v2\/media\/156278"}],"wp:attachment":[{"href":"https:\/\/www.aarquiteta.com.br\/blog\/wp-json\/wp\/v2\/media?parent=156281"}],"wp:term":[{"taxonomy":"category","embeddable":true,"href":"https:\/\/www.aarquiteta.com.br\/blog\/wp-json\/wp\/v2\/categories?post=156281"},{"taxonomy":"post_tag","embeddable":true,"href":"https:\/\/www.aarquiteta.com.br\/blog\/wp-json\/wp\/v2\/tags?post=156281"}],"curies":[{"name":"wp","href":"https:\/\/api.w.org\/{rel}","templated":true}]}}