{"id":156248,"date":"2026-01-13T22:30:17","date_gmt":"2026-01-14T01:30:17","guid":{"rendered":"https:\/\/www.aarquiteta.com.br\/blog\/jardim-simples-5\/"},"modified":"2026-01-13T22:30:17","modified_gmt":"2026-01-14T01:30:17","slug":"jardim-simples-5","status":"publish","type":"post","link":"https:\/\/www.aarquiteta.com.br\/blog\/jardim-simples-5\/","title":{"rendered":"Descubra 12 ideias de jardim simples que v\u00e3o transformar seu espa\u00e7o"},"content":{"rendered":"<p>Voc\u00ea sabia que um <b>jardim simples<\/b> pode transformar seu espa\u00e7o em um verdadeiro para\u00edso natural? Mesmo sem muito espa\u00e7o ou investimento, \u00e9 poss\u00edvel criar um cantinho verde incr\u00edvel.<\/p>\n<figure style=\"width: 1024px\" class=\"wp-caption aligncenter\"><img decoding=\"async\" src=\"https:\/\/www.aarquiteta.com.br\/blog\/wp-content\/uploads\/2026\/01\/jardim-simples01-2.jpg\" alt=\"jardim-simples\" width=\"1024\" height=\"1024\" title=\"\"><figcaption class=\"wp-caption-text\">jardim-simples<\/figcaption><\/figure>\n<p>Neste artigo, vou compartilhar <b>12 ideias de jardim simples<\/b> que v\u00e3o transformar seu espa\u00e7o, tornando-o mais acolhedor e bonito. Vamos juntos explorar como a natureza pode ser parte do seu lar!<\/p>\n<figure style=\"width: 1024px\" class=\"wp-caption aligncenter\"><img decoding=\"async\" src=\"https:\/\/www.aarquiteta.com.br\/blog\/wp-content\/uploads\/2026\/01\/jardim-simples02-2.jpg\" alt=\"jardim-simples\" width=\"1024\" height=\"1024\" title=\"\"><figcaption class=\"wp-caption-text\">jardim-simples<\/figcaption><\/figure>\n<h3>1. Escolha plantas de f\u00e1cil manuten\u00e7\u00e3o<\/h3>\n<p>Comece com <b>plantas que exigem poucos cuidados<\/b>. Especies como filodendro, sansevieria e samambaia s\u00e3o \u00f3timas op\u00e7\u00f5es. Elas colorir\u00e3o seu espa\u00e7o sem exigir muito esfor\u00e7o.<\/p>\n<figure style=\"width: 1024px\" class=\"wp-caption aligncenter\"><img decoding=\"async\" src=\"https:\/\/www.aarquiteta.com.br\/blog\/wp-content\/uploads\/2026\/01\/jardim-simples03-2.jpg\" alt=\"jardim-simples\" width=\"1024\" height=\"1024\" title=\"\"><figcaption class=\"wp-caption-text\">jardim-simples<\/figcaption><\/figure>\n<h3>2. Reutilize materiais<\/h3>\n<p>Que tal <b>reciclar materiais<\/b> que voc\u00ea j\u00e1 tem em casa? Garrafas PET podem se transformar em lindos vasos, e pneus antigos, em canteiros criativos! Economiza e ainda ajuda o meio ambiente.<\/p>\n<h3>3. Ilumina\u00e7\u00e3o aconchegante<\/h3>\n<p>Invista em <b>luzes de jardim<\/b> para aproveitar seus momentos ao ar livre \u00e0 noite. Lanternas e cord\u00f5es de luz s\u00e3o encantadoras e promovem uma atmosfera acolhedora.<\/p>\n<h3>4. Fontes de \u00e1gua<\/h3>\n<p>Uma pequena <b>fonte<\/b> pode adicionar um toque especial e relaxante ao seu jardim. O som da \u00e1gua traz tranquilidade e frescor ao ambiente.<\/p>\n<h3>5. Espa\u00e7o para relaxar<\/h3>\n<p>Instale redes ou balan\u00e7os graciosos. Esses itens simples s\u00e3o \u00f3timos para <b>relaxar<\/b>, tornando seu jardim um espa\u00e7o de descanso e contempla\u00e7\u00e3o.<\/p>\n<h3>6. Texturas variadas<\/h3>\n<p>Brinque com <b>texturas diferentes<\/b> utilizando pedras, madeira e diferentes tipos de plantas para enriquecer seu jardim. A diversidade traz harmoniza\u00e7\u00e3o e beleza.<\/p>\n<p><div class=\"youtube-embed\" data-video_id=\"J19KyFbsf0M\"><iframe title=\"Jardim para meia sombra!\ud83c\udf3f\" width=\"696\" height=\"392\" src=\"https:\/\/www.youtube.com\/embed\/J19KyFbsf0M?feature=oembed&#038;enablejsapi=1\" frameborder=\"0\" allow=\"accelerometer; autoplay; clipboard-write; encrypted-media; gyroscope; picture-in-picture; web-share\" referrerpolicy=\"strict-origin-when-cross-origin\" allowfullscreen><\/iframe><\/div>\n<\/p>\n<h3>7. Jardins verticais<\/h3>\n<p>Aproveite as paredes e crie um <b>jardim vertical<\/b>. Essa t\u00e9cnica \u00e9 perfeita para pequenos espa\u00e7os, permitindo cultivar plantas e ervas sem ocupar muito ch\u00e3o.<\/p>\n<h3>8. Cores vibrantes<\/h3>\n<p>Use <b>cores alegres<\/b> nas flores e decorativos, como vasos e objetos. Cores vibrantes trazem energia e vitalidade ao espa\u00e7o.<\/p>\n<h3>9. Crie um cantinho de descanso<\/h3>\n<p>Uma mesa e cadeiras confort\u00e1veis podem se tornar um <b>cantinho de descanso<\/b> no jardim. \u00c9 o lugar ideal para refei\u00e7\u00f5es ao ar livre ou leituras tranquilas.<\/p>\n<h3>10. Cultivos variados<\/h3>\n<p>Por que n\u00e3o cultivar uma horta? <b>Plantar temperos e legumes<\/b> n\u00e3o s\u00f3 embeleza o espa\u00e7o, mas ainda fornece ingredientes frescos para suas receitas.<\/p>\n<h3>11. Decorando muros e cercas<\/h3>\n<p>Aproveite as paredes do seu espa\u00e7o. Um <b>muro verde<\/b> traz frescor e vida ao ambiente, al\u00e9m de ser um charme a mais na decora\u00e7\u00e3o.<\/p>\n<h3>12. Aproveite os pequenos detalhes<\/h3>\n<p>Pequenos objetos decorativos, como <b>estatuetas<\/b> ou lanternas coloridas, d\u00e3o um toque pessoal e \u00fanico ao seu jardim.<\/p>\n<table>\n<tr>\n<th>Ideia<\/th>\n<th>Descri\u00e7\u00e3o<\/th>\n<\/tr>\n<tr>\n<td>Plantas f\u00e1ceis<\/td>\n<td>Escolha esp\u00e9cies que n\u00e3o exigem muitos cuidados.<\/td>\n<\/tr>\n<tr>\n<td>Reciclagem<\/td>\n<td>Use materiais como garrafas e pneus.<\/td>\n<\/tr>\n<tr>\n<td>Ilumina\u00e7\u00e3o<\/td>\n<td>Invista em luzes para criar um ambiente acolhedor.<\/td>\n<\/tr>\n<tr>\n<td>Fontes<\/td>\n<td>Crie um ambiente relaxante com fontes de \u00e1gua.<\/td>\n<\/tr>\n<tr>\n<td>Rede de descanso<\/td>\n<td>Ideal para momentos de pausa e relaxamento.<\/td>\n<\/tr>\n<tr>\n<td>Texturas<\/td>\n<td>Utilize diferentes materiais para enriquecer o visual.<\/td>\n<\/tr>\n<tr>\n<td>Jardim vertical<\/td>\n<td>\u00d3timo para espa\u00e7os pequenos.<\/td>\n<\/tr>\n<tr>\n<td>Cores vibrantes<\/td>\n<td>Use flores e objetos coloridos.<\/td>\n<\/tr>\n<tr>\n<td>Cantinho para descanso<\/td>\n<td>Mesas e cadeiras para refei\u00e7\u00f5es e leituras.<\/td>\n<\/tr>\n<tr>\n<td>Horta<\/td>\n<td>Plante temperos e legumes.<\/td>\n<\/tr>\n<tr>\n<td>Muros verdes<\/td>\n<td>Utilize paredes e cercas decorativas.<\/td>\n<\/tr>\n<tr>\n<td>Detalhes<\/td>\n<td>Estatuetas e lanternas para um toque pessoal.<\/td>\n<\/tr>\n<\/table>\n<p>Agora que voc\u00ea j\u00e1 conhece essas <b>12 ideias de jardim simples<\/b>, que tal colocar a m\u00e3o na massa? Transforme seu espa\u00e7o e aproveite cada momento na natureza.<\/p>\n","protected":false},"excerpt":{"rendered":"<p>Descubra 12 ideias de jardim simples que v\u00e3o transformar seu espa\u00e7o<\/p>\n","protected":false},"author":102,"featured_media":156245,"comment_status":"open","ping_status":"","sticky":false,"template":"","format":"standard","meta":{"footnotes":""},"categories":[1484],"tags":[],"class_list":["post-156248","post","type-post","status-publish","format-standard","has-post-thumbnail","category-decoracao"],"_wp_attached_file":null,"_wp_attachment_metadata":null,"_wp_attachment_context":null,"_wp_attachment_is_custom_header":null,"geo_longitude":null,"geo_public":null,"geo_latitude":null,"_publicize_done_external":null,"_wpas_done_3897181":null,"publicize_twitter_user":null,"_wpas_done_3897175":null,"_wpas_skip_3897181":null,"_wpas_skip_3897175":null,"_wpas_skip_3924723":null,"_wpas_mess":null,"_wpas_done_3924723":null,"wps_subtitle":"","_links":{"self":[{"href":"https:\/\/www.aarquiteta.com.br\/blog\/wp-json\/wp\/v2\/posts\/156248","targetHints":{"allow":["GET"]}}],"collection":[{"href":"https:\/\/www.aarquiteta.com.br\/blog\/wp-json\/wp\/v2\/posts"}],"about":[{"href":"https:\/\/www.aarquiteta.com.br\/blog\/wp-json\/wp\/v2\/types\/post"}],"author":[{"embeddable":true,"href":"https:\/\/www.aarquiteta.com.br\/blog\/wp-json\/wp\/v2\/users\/102"}],"replies":[{"embeddable":true,"href":"https:\/\/www.aarquiteta.com.br\/blog\/wp-json\/wp\/v2\/comments?post=156248"}],"version-history":[{"count":0,"href":"https:\/\/www.aarquiteta.com.br\/blog\/wp-json\/wp\/v2\/posts\/156248\/revisions"}],"wp:featuredmedia":[{"embeddable":true,"href":"https:\/\/www.aarquiteta.com.br\/blog\/wp-json\/wp\/v2\/media\/156245"}],"wp:attachment":[{"href":"https:\/\/www.aarquiteta.com.br\/blog\/wp-json\/wp\/v2\/media?parent=156248"}],"wp:term":[{"taxonomy":"category","embeddable":true,"href":"https:\/\/www.aarquiteta.com.br\/blog\/wp-json\/wp\/v2\/categories?post=156248"},{"taxonomy":"post_tag","embeddable":true,"href":"https:\/\/www.aarquiteta.com.br\/blog\/wp-json\/wp\/v2\/tags?post=156248"}],"curies":[{"name":"wp","href":"https:\/\/api.w.org\/{rel}","templated":true}]}}