{"id":156244,"date":"2026-01-13T22:26:09","date_gmt":"2026-01-14T01:26:09","guid":{"rendered":"https:\/\/www.aarquiteta.com.br\/blog\/jardim-simples-4\/"},"modified":"2026-01-13T22:26:09","modified_gmt":"2026-01-14T01:26:09","slug":"jardim-simples-4","status":"publish","type":"post","link":"https:\/\/www.aarquiteta.com.br\/blog\/jardim-simples-4\/","title":{"rendered":"Transforme um jardim simples em um para\u00edso verde com ideias f\u00e1ceis"},"content":{"rendered":"<p>Transformar um <b>jardim simples<\/b> em um para\u00edso verde \u00e9 mais f\u00e1cil do que voc\u00ea imagina. Basta usar algumas ideias criativas que caibam no seu dia a dia.<\/p>\n<figure style=\"width: 1024px\" class=\"wp-caption aligncenter\"><img decoding=\"async\" src=\"https:\/\/www.aarquiteta.com.br\/blog\/wp-content\/uploads\/2026\/01\/jardim-simples01-1.jpg\" alt=\"jardim-simples\" width=\"1024\" height=\"1024\" title=\"\"><figcaption class=\"wp-caption-text\">jardim-simples<\/figcaption><\/figure>\n<h2>Ideias f\u00e1ceis para um jardim incr\u00edvel<\/h2>\n<p>Quem disse que para ter um espa\u00e7o verde bonito \u00e9 preciso gastar muito? Com um pouco de imagina\u00e7\u00e3o e algumas dicas, d\u00e1 para criar um <b>jardim encantador<\/b> mesmo em pequenos espa\u00e7os. Vamos explorar algumas ideias f\u00e1ceis e acess\u00edveis para trazer mais verde para a sua casa.<\/p>\n<figure style=\"width: 1024px\" class=\"wp-caption aligncenter\"><img decoding=\"async\" src=\"https:\/\/www.aarquiteta.com.br\/blog\/wp-content\/uploads\/2026\/01\/jardim-simples02-1.jpg\" alt=\"jardim-simples\" width=\"1024\" height=\"1024\" title=\"\"><figcaption class=\"wp-caption-text\">jardim-simples<\/figcaption><\/figure>\n<h3>1. Escolha plantas de f\u00e1cil cuidado<\/h3>\n<p>Atenha-se a esp\u00e9cies que n\u00e3o demandem muitos cuidados, como <b>filodendros<\/b>, <b>samambaias<\/b> e <b>nove-horas<\/b>. Elas adicionam cor sem complica\u00e7\u00e3o!<\/p>\n<figure style=\"width: 1024px\" class=\"wp-caption aligncenter\"><img decoding=\"async\" src=\"https:\/\/www.aarquiteta.com.br\/blog\/wp-content\/uploads\/2026\/01\/jardim-simples03-1.jpg\" alt=\"jardim-simples\" width=\"1024\" height=\"1024\" title=\"\"><figcaption class=\"wp-caption-text\">jardim-simples<\/figcaption><\/figure>\n<h3>2. Recicle e crie<\/h3>\n<p><b>Materiais recicl\u00e1veis<\/b> podem virar belos vasos ou suportes para suas plantas. Garrafas PET, pneu e pallets s\u00e3o \u00f3timas op\u00e7\u00f5es.<\/p>\n<h3>3. Ilumine sua cria\u00e7\u00e3o<\/h3>\n<p>Aproveitar a <b>ilumina\u00e7\u00e3o<\/b> externa \u00e9 essencial. Use lanternas ou cord\u00f5es de luz para deixar seu jardim aconchegante e convidativo \u00e0 noite.<\/p>\n<h3>4. Adicione \u00e1gua<\/h3>\n<p>A \u00e1gua traz frescor! Experimente fazer uma pequena <b>fonte<\/b>, que se torna um ponto focal e relaxante em seu espa\u00e7o verde.<\/p>\n<h3>5. Inclua m\u00f3veis confort\u00e1veis<\/h3>\n<p>A instala\u00e7\u00e3o de <b>redes<\/b> ou balan\u00e7os adiciona um toque especial. Eles s\u00e3o perfeitos para relaxar e curtir a natureza.<\/p>\n<h3>6. Misture texturas<\/h3>\n<p>Combine <b>elementos variados<\/b> como pedras, madeira e plantas. Essa mistura estimula diferentes sentidos e enriquece visualmente o espa\u00e7o.<\/p>\n<p><div class=\"youtube-embed\" data-video_id=\"J19KyFbsf0M\"><iframe title=\"Jardim para meia sombra!\ud83c\udf3f\" width=\"696\" height=\"392\" src=\"https:\/\/www.youtube.com\/embed\/J19KyFbsf0M?feature=oembed&#038;enablejsapi=1\" frameborder=\"0\" allow=\"accelerometer; autoplay; clipboard-write; encrypted-media; gyroscope; picture-in-picture; web-share\" referrerpolicy=\"strict-origin-when-cross-origin\" allowfullscreen><\/iframe><\/div>\n<\/p>\n<h3>7. Use as paredes ao seu favor<\/h3>\n<p>Transforme sua parede ou muros em um espa\u00e7o verde! <b>Jardins verticais<\/b> ou vasos suspensos s\u00e3o \u00f3timas op\u00e7\u00f5es para quem tem pouco espa\u00e7o.<\/p>\n<table>\n<tr>\n<th>Ideia<\/th>\n<th>Descri\u00e7\u00e3o<\/th>\n<\/tr>\n<tr>\n<td>Plantas de f\u00e1cil cuidado<\/td>\n<td>Escolha esp\u00e9cies que n\u00e3o demandem muita manuten\u00e7\u00e3o.<\/td>\n<\/tr>\n<tr>\n<td>Reciclagem<\/td>\n<td>Use materiais recicl\u00e1veis como vasos ou suportes.<\/td>\n<\/tr>\n<tr>\n<td>Ilumina\u00e7\u00e3o<\/td>\n<td>Adicione lanternas e cord\u00f5es de luz para um efeito noturno.<\/td>\n<\/tr>\n<tr>\n<td>\u00c1gua<\/td>\n<td>Crie uma fonte para trazer frescor ao ambiente.<\/td>\n<\/tr>\n<tr>\n<td>M\u00f3veis<\/td>\n<td>Instale redes ou balan\u00e7os para conforto.<\/td>\n<\/tr>\n<tr>\n<td>Mistura de texturas<\/td>\n<td>Combine diferentes materiais para enriquecer o visual.<\/td>\n<\/tr>\n<tr>\n<td>Paredes verdes<\/td>\n<td>Use jardins verticais ou vasos suspensos nas paredes.<\/td>\n<\/tr>\n<\/table>\n<p>Com essas sugest\u00f5es, \u00e9 poss\u00edvel <b>transformar<\/b> o seu jardim simples em um verdadeiro para\u00edso verde. O importante \u00e9 deixar a criatividade fluir e adaptar cada ideia ao seu espa\u00e7o.<\/p>\n<p>Por fim, que tal <b>compartilhar<\/b> suas experi\u00eancias ou at\u00e9 mesmo fotos do seu jardim? Estou aqui para ouvir suas ideias e trocar dicas! Vamos juntos deixar nossos cantinhos verdes ainda mais incr\u00edveis!<\/p>\n","protected":false},"excerpt":{"rendered":"<p>Transforme um jardim simples em um para\u00edso verde com ideias f\u00e1ceis<\/p>\n","protected":false},"author":102,"featured_media":156241,"comment_status":"open","ping_status":"","sticky":false,"template":"","format":"standard","meta":{"footnotes":""},"categories":[1484],"tags":[],"class_list":["post-156244","post","type-post","status-publish","format-standard","has-post-thumbnail","category-decoracao"],"_wp_attached_file":null,"_wp_attachment_metadata":null,"_wp_attachment_context":null,"_wp_attachment_is_custom_header":null,"geo_longitude":null,"geo_public":null,"geo_latitude":null,"_publicize_done_external":null,"_wpas_done_3897181":null,"publicize_twitter_user":null,"_wpas_done_3897175":null,"_wpas_skip_3897181":null,"_wpas_skip_3897175":null,"_wpas_skip_3924723":null,"_wpas_mess":null,"_wpas_done_3924723":null,"wps_subtitle":"","_links":{"self":[{"href":"https:\/\/www.aarquiteta.com.br\/blog\/wp-json\/wp\/v2\/posts\/156244","targetHints":{"allow":["GET"]}}],"collection":[{"href":"https:\/\/www.aarquiteta.com.br\/blog\/wp-json\/wp\/v2\/posts"}],"about":[{"href":"https:\/\/www.aarquiteta.com.br\/blog\/wp-json\/wp\/v2\/types\/post"}],"author":[{"embeddable":true,"href":"https:\/\/www.aarquiteta.com.br\/blog\/wp-json\/wp\/v2\/users\/102"}],"replies":[{"embeddable":true,"href":"https:\/\/www.aarquiteta.com.br\/blog\/wp-json\/wp\/v2\/comments?post=156244"}],"version-history":[{"count":0,"href":"https:\/\/www.aarquiteta.com.br\/blog\/wp-json\/wp\/v2\/posts\/156244\/revisions"}],"wp:featuredmedia":[{"embeddable":true,"href":"https:\/\/www.aarquiteta.com.br\/blog\/wp-json\/wp\/v2\/media\/156241"}],"wp:attachment":[{"href":"https:\/\/www.aarquiteta.com.br\/blog\/wp-json\/wp\/v2\/media?parent=156244"}],"wp:term":[{"taxonomy":"category","embeddable":true,"href":"https:\/\/www.aarquiteta.com.br\/blog\/wp-json\/wp\/v2\/categories?post=156244"},{"taxonomy":"post_tag","embeddable":true,"href":"https:\/\/www.aarquiteta.com.br\/blog\/wp-json\/wp\/v2\/tags?post=156244"}],"curies":[{"name":"wp","href":"https:\/\/api.w.org\/{rel}","templated":true}]}}