{"id":156239,"date":"2026-01-13T22:23:44","date_gmt":"2026-01-14T01:23:44","guid":{"rendered":"https:\/\/www.aarquiteta.com.br\/blog\/quarto-cinza-e-rosa-2\/"},"modified":"2026-01-13T22:23:44","modified_gmt":"2026-01-14T01:23:44","slug":"quarto-cinza-e-rosa-2","status":"publish","type":"post","link":"https:\/\/www.aarquiteta.com.br\/blog\/quarto-cinza-e-rosa-2\/","title":{"rendered":"Descubra 10 inspira\u00e7\u00f5es para transformar seu quarto cinza e rosa"},"content":{"rendered":"<p>Voc\u00ea est\u00e1 em busca de ideias para decorar seu quarto com tons de cinza e rosa? Essa combina\u00e7\u00e3o \u00e9 chique e delicada, perfeita para qualquer estilo.<\/p>\n<figure style=\"width: 1024px\" class=\"wp-caption aligncenter\"><img decoding=\"async\" src=\"https:\/\/www.aarquiteta.com.br\/blog\/wp-content\/uploads\/2026\/01\/quarto-cinza-e-rosa01.jpg\" alt=\"quarto-cinza-e-rosa\" width=\"1024\" height=\"1024\" title=\"\"><figcaption class=\"wp-caption-text\">quarto-cinza-e-rosa<\/figcaption><\/figure>\n<p>Neste artigo, apresento <b>10 inspira\u00e7\u00f5es incr\u00edveis<\/b> que v\u00e3o transformar seu espa\u00e7o em um lugar aconchegante e harmonioso. O contraste entre o cinza s\u00f3brio e o rosa suave cria ambientes \u00fanicos, que expressam tanto estilo quanto charme.<\/p>\n<figure style=\"width: 1024px\" class=\"wp-caption aligncenter\"><img decoding=\"async\" src=\"https:\/\/www.aarquiteta.com.br\/blog\/wp-content\/uploads\/2026\/01\/quarto-cinza-e-rosa02.jpg\" alt=\"quarto-cinza-e-rosa\" width=\"1024\" height=\"1024\" title=\"\"><figcaption class=\"wp-caption-text\">quarto-cinza-e-rosa<\/figcaption><\/figure>\n<h3>Uma combina\u00e7\u00e3o moderna e atemporal<\/h3>\n<p>Quando falamos de decora\u00e7\u00e3o, <b>cinza e rosa<\/b> s\u00e3o como uma dupla de estrelas. Essa paleta de cores \u00e9 vers\u00e1til, permitindo criar desde espa\u00e7os mais alegres at\u00e9 ambientes serenos e sofisticados. Vou te mostrar como esses tons podem fazer toda a diferen\u00e7a.<\/p>\n<figure style=\"width: 1024px\" class=\"wp-caption aligncenter\"><img decoding=\"async\" src=\"https:\/\/www.aarquiteta.com.br\/blog\/wp-content\/uploads\/2026\/01\/quarto-cinza-e-rosa03.jpg\" alt=\"quarto-cinza-e-rosa\" width=\"1024\" height=\"1024\" title=\"\"><figcaption class=\"wp-caption-text\">quarto-cinza-e-rosa<\/figcaption><\/figure>\n<h3>1. Paredes e m\u00f3veis que encantam<\/h3>\n<p>Come\u00e7ando pelas <b>paredes<\/b>, o cinza pode ser a base neutra, enquanto o rosa pode ser utilizado em detalhes, como molduras ou estantes. Um toque de cor, n\u00e3o \u00e9?<\/p>\n<h3>2. Sofistica\u00e7\u00e3o nas cortinas<\/h3>\n<p>Curtains em <b>rosa suave<\/b> deixam o ambiente mais delicado. Combine com acess\u00f3rios cinzas, como almofadas ou mantas, para equil\u00edbrio.<\/p>\n<h3>3. Loja do quadrado: pintura geom\u00e9trica<\/h3>\n<p>Experimente uma <b>pintura geom\u00e9trica<\/b> nas paredes, alternando entre o cinza e o rosa. Isso traz modernidade e personalidade ao quarto.<\/p>\n<h3>4. Cabideiros e prateleiras decorativas<\/h3>\n<p>Um cabideiro cinza com prateleiras em <b>rosa<\/b> pode transformar a maneira como voc\u00ea organiza o espa\u00e7o e ainda proporciona um toque est\u00e9tico \u00fanico.<\/p>\n<h3>5. A delicadeza das almofadas<\/h3>\n<p>As <b>almofadas<\/b> em rosa s\u00e3o ideais para adicionar conforto e estilo. Misture diferentes texturas e formatos para criar um espa\u00e7o acolhedor.<\/p>\n<p><div class=\"youtube-embed\" data-video_id=\"ZRm09aNH4Q4\"><iframe title=\"CINZA CHUMBO\" width=\"696\" height=\"392\" src=\"https:\/\/www.youtube.com\/embed\/ZRm09aNH4Q4?feature=oembed&#038;enablejsapi=1\" frameborder=\"0\" allow=\"accelerometer; autoplay; clipboard-write; encrypted-media; gyroscope; picture-in-picture; web-share\" referrerpolicy=\"strict-origin-when-cross-origin\" allowfullscreen><\/iframe><\/div>\n<\/p>\n<h3>6. Papel de parede encantador<\/h3>\n<p>Invista em um <b>papel de parede<\/b> florido que une as duas cores. \u00c9 uma forma r\u00e1pida e eficaz de dar um novo olhar ao quarto.<\/p>\n<h3>7. Eletrodom\u00e9sticos e objetos decorativos<\/h3>\n<p>Cozinhas com eletrodom\u00e9sticos em <b>rose gold<\/b> complementam os tons de cinza das superf\u00edcies, criando um ambiente harmonioso.<\/p>\n<h3>8. Itens de cama e roupa de cama<\/h3>\n<p>Toalhas de cama combinadas, em rosa e cinza, s\u00e3o uma forma elegante de incorporar as cores na decora\u00e7\u00e3o. Exiba <b>t\u00eaxteis<\/b> de maneira criativa para um toque especial.<\/p>\n<h3>9. Ilumina\u00e7\u00e3o suave<\/h3>\n<p>Uma <b>ilumina\u00e7\u00e3o<\/b> indireta, com abajures ou LEDs em rosa, d\u00e1 um charme a mais, tornando o ambiente mais relaxante para suas noites.<\/p>\n<h3>10. Personalizando com arte<\/h3>\n<p>Adicione quadros que misturam cinza e rosa, trazendo um toque mais pessoal ao seu espa\u00e7o. Essa arte pode refletir sua <b>personalidade<\/b>.<\/p>\n<table>\n<tr>\n<th>Inspira\u00e7\u00e3o<\/th>\n<th>Decora\u00e7\u00e3o<\/th>\n<th>Detalhes<\/th>\n<\/tr>\n<tr>\n<td>1<\/td>\n<td>Paredes e m\u00f3veis<\/td>\n<td>Utilizar cinza nas paredes e rosa nos detalhes.<\/td>\n<\/tr>\n<tr>\n<td>2<\/td>\n<td>Curtinas<\/td>\n<td>Rosa suave para suavizar o ambiente.<\/td>\n<\/tr>\n<tr>\n<td>3<\/td>\n<td>Pintura geom\u00e9trica<\/td>\n<td>Cria\u00e7\u00e3o de formas e padr\u00f5es com as cores.<\/td>\n<\/tr>\n<tr>\n<td>4<\/td>\n<td>Cabideiros<\/td>\n<td>Combina\u00e7\u00e3o funcional e decorativa.<\/td>\n<\/tr>\n<tr>\n<td>5<\/td>\n<td>Almofadas<\/td>\n<td>Toque de conforto e cor.<\/td>\n<\/tr>\n<tr>\n<td>6<\/td>\n<td>Papel de parede<\/td>\n<td>Design que abra\u00e7a as cores.<\/td>\n<\/tr>\n<tr>\n<td>7<\/td>\n<td>Eletrodom\u00e9sticos<\/td>\n<td>Rose gold para modernidade.<\/td>\n<\/tr>\n<tr>\n<td>8<\/td>\n<td>Roupa de cama<\/td>\n<td>Textura e harmonia nas cores.<\/td>\n<\/tr>\n<tr>\n<td>9<\/td>\n<td>Ilumina\u00e7\u00e3o<\/td>\n<td>Toque suave e relaxante.<\/td>\n<\/tr>\n<tr>\n<td>10<\/td>\n<td>Arte<\/td>\n<td>Quadros que refletem sua personalidade.<\/td>\n<\/tr>\n<\/table>\n<p>Em resumo, o uso do <b>cinza e rosa<\/b> na decora\u00e7\u00e3o do quarto \u00e9 sobre equil\u00edbrio. Use a criatividade e siga suas prefer\u00eancias pessoais. N\u00e3o tenha medo de brincar com as combina\u00e7\u00f5es e descubra que todos os detalhes fazem a diferen\u00e7a.<\/p>\n<p>Se voc\u00ea gostou dessas ideias, n\u00e3o se esque\u00e7a de compartilhar com amigos. E que tal me contar qual \u00e9 a sua combina\u00e7\u00e3o favorita? Vamos continuar esse bate-papo!<\/p>\n","protected":false},"excerpt":{"rendered":"<p>Descubra 10 inspira\u00e7\u00f5es para transformar seu quarto cinza e rosa<\/p>\n","protected":false},"author":102,"featured_media":156236,"comment_status":"open","ping_status":"","sticky":false,"template":"","format":"standard","meta":{"footnotes":""},"categories":[1484],"tags":[],"class_list":["post-156239","post","type-post","status-publish","format-standard","has-post-thumbnail","category-decoracao"],"_wp_attached_file":null,"_wp_attachment_metadata":null,"_wp_attachment_context":null,"_wp_attachment_is_custom_header":null,"geo_longitude":null,"geo_public":null,"geo_latitude":null,"_publicize_done_external":null,"_wpas_done_3897181":null,"publicize_twitter_user":null,"_wpas_done_3897175":null,"_wpas_skip_3897181":null,"_wpas_skip_3897175":null,"_wpas_skip_3924723":null,"_wpas_mess":null,"_wpas_done_3924723":null,"wps_subtitle":"","_links":{"self":[{"href":"https:\/\/www.aarquiteta.com.br\/blog\/wp-json\/wp\/v2\/posts\/156239","targetHints":{"allow":["GET"]}}],"collection":[{"href":"https:\/\/www.aarquiteta.com.br\/blog\/wp-json\/wp\/v2\/posts"}],"about":[{"href":"https:\/\/www.aarquiteta.com.br\/blog\/wp-json\/wp\/v2\/types\/post"}],"author":[{"embeddable":true,"href":"https:\/\/www.aarquiteta.com.br\/blog\/wp-json\/wp\/v2\/users\/102"}],"replies":[{"embeddable":true,"href":"https:\/\/www.aarquiteta.com.br\/blog\/wp-json\/wp\/v2\/comments?post=156239"}],"version-history":[{"count":0,"href":"https:\/\/www.aarquiteta.com.br\/blog\/wp-json\/wp\/v2\/posts\/156239\/revisions"}],"wp:featuredmedia":[{"embeddable":true,"href":"https:\/\/www.aarquiteta.com.br\/blog\/wp-json\/wp\/v2\/media\/156236"}],"wp:attachment":[{"href":"https:\/\/www.aarquiteta.com.br\/blog\/wp-json\/wp\/v2\/media?parent=156239"}],"wp:term":[{"taxonomy":"category","embeddable":true,"href":"https:\/\/www.aarquiteta.com.br\/blog\/wp-json\/wp\/v2\/categories?post=156239"},{"taxonomy":"post_tag","embeddable":true,"href":"https:\/\/www.aarquiteta.com.br\/blog\/wp-json\/wp\/v2\/tags?post=156239"}],"curies":[{"name":"wp","href":"https:\/\/api.w.org\/{rel}","templated":true}]}}