{"id":156235,"date":"2026-01-13T20:51:36","date_gmt":"2026-01-13T23:51:36","guid":{"rendered":"https:\/\/www.aarquiteta.com.br\/blog\/jardim-simples-3\/"},"modified":"2026-01-13T20:51:36","modified_gmt":"2026-01-13T23:51:36","slug":"jardim-simples-3","status":"publish","type":"post","link":"https:\/\/www.aarquiteta.com.br\/blog\/jardim-simples-3\/","title":{"rendered":"15 ideias para transformar seu jardim simples em um ref\u00fagio encantador"},"content":{"rendered":"<p>Transformar seu jardim simples em um ref\u00fagio encantador \u00e9 poss\u00edvel e pode ser feito de forma acess\u00edvel. Com algumas <b>ideias criativas<\/b>, voc\u00ea cria um espa\u00e7o acolhedor e bonito. Vamos explorar <b>15 sugest\u00f5es<\/b> para deixar seu cantinho verde mais atraente!<\/p>\n<figure style=\"width: 1024px\" class=\"wp-caption aligncenter\"><img decoding=\"async\" src=\"https:\/\/www.aarquiteta.com.br\/blog\/wp-content\/uploads\/2026\/01\/jardim-simples01.jpg\" alt=\"jardim-simples\" width=\"1024\" height=\"1024\" title=\"\"><figcaption class=\"wp-caption-text\">jardim-simples<\/figcaption><\/figure>\n<h3>1. Escolha plantas de f\u00e1cil manuten\u00e7\u00e3o<\/h3>\n<p>Prefira plantas como <b>samambaia, cr\u00f3ton<\/b> e <b>espada-de-s\u00e3o-jorge<\/b>. Elas s\u00e3o simples de cuidar e trazem cor ao ambiente.<\/p>\n<figure style=\"width: 1024px\" class=\"wp-caption aligncenter\"><img decoding=\"async\" src=\"https:\/\/www.aarquiteta.com.br\/blog\/wp-content\/uploads\/2026\/01\/jardim-simples02.jpg\" alt=\"jardim-simples\" width=\"1024\" height=\"1024\" title=\"\"><figcaption class=\"wp-caption-text\">jardim-simples<\/figcaption><\/figure>\n<h3>2. Use materiais reciclados<\/h3>\n<p>Aposte em <b>reciclagem<\/b> usando pneus, garrafas PET e latas como vasos e enfeites. Esta pr\u00e1tica \u00e9 sustent\u00e1vel e econ\u00f4mica.<\/p>\n<figure style=\"width: 1024px\" class=\"wp-caption aligncenter\"><img decoding=\"async\" src=\"https:\/\/www.aarquiteta.com.br\/blog\/wp-content\/uploads\/2026\/01\/jardim-simples03.jpg\" alt=\"jardim-simples\" width=\"1024\" height=\"1024\" title=\"\"><figcaption class=\"wp-caption-text\">jardim-simples<\/figcaption><\/figure>\n<h3>3. Adicione ilumina\u00e7\u00e3o ao espa\u00e7o<\/h3>\n<p>Invista em <b>lumin\u00e1rias<\/b> e cord\u00f5es de luz. Uma boa ilumina\u00e7\u00e3o permite que voc\u00ea aproveite o jardim \u00e0 noite e cria um clima acolhedor.<\/p>\n<h3>4. Inclua \u00e1gua no seu projeto<\/h3>\n<p>Uma <b>fonte de \u00e1gua<\/b> pode ser um elemento central e traz frescor ao ambiente. Al\u00e9m disso, relaxa e encanta os visitantes.<\/p>\n<h3>5. Crie \u00e1reas de descanso<\/h3>\n<p>Adicione <b>redes<\/b> e <b>balan\u00e7os<\/b> para relaxar e contemplar a natureza. Estes elementos s\u00e3o f\u00e1ceis de instalar e trazem conforto.<\/p>\n<h3>6. Combine texturas e cores<\/h3>\n<p>Use pedras, madeira e <b>plantas variadas<\/b> para gerar um visual interessante e estimular os sentidos. Misturas de texturas s\u00e3o sempre bem-vindas.<\/p>\n<h3>7. Explore muros e paredes<\/h3>\n<p>Pinte ou decore muros e paredes com <b>jardins verticais<\/b> e vasos suspensos. Essa t\u00e1tica amplia o espa\u00e7o verde e oculta imperfei\u00e7\u00f5es.<\/p>\n<p><div class=\"youtube-embed\" data-video_id=\"J19KyFbsf0M\"><iframe title=\"Jardim para meia sombra!\ud83c\udf3f\" width=\"696\" height=\"392\" src=\"https:\/\/www.youtube.com\/embed\/J19KyFbsf0M?feature=oembed&#038;enablejsapi=1\" frameborder=\"0\" allow=\"accelerometer; autoplay; clipboard-write; encrypted-media; gyroscope; picture-in-picture; web-share\" referrerpolicy=\"strict-origin-when-cross-origin\" allowfullscreen><\/iframe><\/div>\n<\/p>\n<h3>8. Incorporar m\u00f3veis confort\u00e1veis<\/h3>\n<p>Fa\u00e7a a instala\u00e7\u00e3o de <b>m\u00f3veis de madeira<\/b> e bancadas. Eles criam um ambiente aconchegante e convidativo no seu jardim.<\/p>\n<h3>9. Crie um cantinho especial<\/h3>\n<p>Monte uma <b>\u00e1rea de leitura<\/b> ou um espa\u00e7o para medita\u00e7\u00e3o. Um cantinho tranquilo faz uma diferen\u00e7a significativa na experi\u00eancia do jardim.<\/p>\n<h3>10. Aposte em vasos decorativos<\/h3>\n<p>Use <b>vasos coloridos<\/b> e variados para dar um toque especial e vibrante ao ambiente, seja dentro de casa ou no quintal.<\/p>\n<h3>11. Invista em um jardim vertical<\/h3>\n<p>Um <b>jardim vertical<\/b> com paletes e plantas trepadeiras traz um charme todo especial e uma \u00f3tima forma de otimizar espa\u00e7os pequenos.<\/p>\n<h3>12. Cultive uma horta<\/h3>\n<p>Se voc\u00ea ama cozinhar, plantar uma <b>horta<\/b> com temperos e ervas \u00e9 uma excelente ideia e um hobby relaxante.<\/p>\n<h3>13. Explore o uso de pedriscos<\/h3>\n<p>Troque a grama por <b>pedriscos<\/b> em algumas \u00e1reas para reduzir a manuten\u00e7\u00e3o. \u00c9 esteticamente agrad\u00e1vel e pr\u00e1tico.<\/p>\n<h3>14. Utilize elementos de m\u00f3veis reciclados<\/h3>\n<p>Transforme uma <b>carriola velha<\/b> em um vaso ou use uma bicicleta como suporte de plantas. A criatividade n\u00e3o tem limites!<\/p>\n","protected":false},"excerpt":{"rendered":"<p>15 ideias para transformar seu jardim simples em um ref\u00fagio encantador<\/p>\n","protected":false},"author":102,"featured_media":156232,"comment_status":"open","ping_status":"","sticky":false,"template":"","format":"standard","meta":{"footnotes":""},"categories":[1484],"tags":[],"class_list":["post-156235","post","type-post","status-publish","format-standard","has-post-thumbnail","category-decoracao"],"_wp_attached_file":null,"_wp_attachment_metadata":null,"_wp_attachment_context":null,"_wp_attachment_is_custom_header":null,"geo_longitude":null,"geo_public":null,"geo_latitude":null,"_publicize_done_external":null,"_wpas_done_3897181":null,"publicize_twitter_user":null,"_wpas_done_3897175":null,"_wpas_skip_3897181":null,"_wpas_skip_3897175":null,"_wpas_skip_3924723":null,"_wpas_mess":null,"_wpas_done_3924723":null,"wps_subtitle":"","_links":{"self":[{"href":"https:\/\/www.aarquiteta.com.br\/blog\/wp-json\/wp\/v2\/posts\/156235","targetHints":{"allow":["GET"]}}],"collection":[{"href":"https:\/\/www.aarquiteta.com.br\/blog\/wp-json\/wp\/v2\/posts"}],"about":[{"href":"https:\/\/www.aarquiteta.com.br\/blog\/wp-json\/wp\/v2\/types\/post"}],"author":[{"embeddable":true,"href":"https:\/\/www.aarquiteta.com.br\/blog\/wp-json\/wp\/v2\/users\/102"}],"replies":[{"embeddable":true,"href":"https:\/\/www.aarquiteta.com.br\/blog\/wp-json\/wp\/v2\/comments?post=156235"}],"version-history":[{"count":0,"href":"https:\/\/www.aarquiteta.com.br\/blog\/wp-json\/wp\/v2\/posts\/156235\/revisions"}],"wp:featuredmedia":[{"embeddable":true,"href":"https:\/\/www.aarquiteta.com.br\/blog\/wp-json\/wp\/v2\/media\/156232"}],"wp:attachment":[{"href":"https:\/\/www.aarquiteta.com.br\/blog\/wp-json\/wp\/v2\/media?parent=156235"}],"wp:term":[{"taxonomy":"category","embeddable":true,"href":"https:\/\/www.aarquiteta.com.br\/blog\/wp-json\/wp\/v2\/categories?post=156235"},{"taxonomy":"post_tag","embeddable":true,"href":"https:\/\/www.aarquiteta.com.br\/blog\/wp-json\/wp\/v2\/tags?post=156235"}],"curies":[{"name":"wp","href":"https:\/\/api.w.org\/{rel}","templated":true}]}}