{"id":156230,"date":"2026-01-13T17:32:55","date_gmt":"2026-01-13T20:32:55","guid":{"rendered":"https:\/\/www.aarquiteta.com.br\/blog\/apartamento-com-paineis-2\/"},"modified":"2026-01-13T17:32:55","modified_gmt":"2026-01-13T20:32:55","slug":"apartamento-com-paineis-2","status":"publish","type":"post","link":"https:\/\/www.aarquiteta.com.br\/blog\/apartamento-com-paineis-2\/","title":{"rendered":"7 Inova\u00e7\u00f5es"},"content":{"rendered":"<p>Voc\u00ea sabia que um apartamento pequeno pode ganhar ares incr\u00edveis e espa\u00e7os amplos? Os <b>pain\u00e9is<\/b> s\u00e3o a chave para essa transforma\u00e7\u00e3o.<\/p>\n<figure style=\"width: 1024px\" class=\"wp-caption aligncenter\"><img decoding=\"async\" src=\"https:\/\/www.aarquiteta.com.br\/blog\/wp-content\/uploads\/2026\/01\/apartamento-com-paineis01.jpg\" alt=\"apartamento-com-paineis\" width=\"1024\" height=\"1024\" title=\"\"><figcaption class=\"wp-caption-text\">apartamento-com-paineis<\/figcaption><\/figure>\n<h3>1. O poder dos pain\u00e9is na decora\u00e7\u00e3o<\/h3>\n<p>Um projeto bem elaborado pode mudar a <b>percep\u00e7\u00e3o<\/b> de um espa\u00e7o reduzido. A utiliza\u00e7\u00e3o de pain\u00e9is como divis\u00f3rias traz um ar moderno, al\u00e9m de otimizar o ambiente. Em um apartamento de 42 m\u00b2, isso se mostrou fundamental.<\/p>\n<figure style=\"width: 1024px\" class=\"wp-caption aligncenter\"><img decoding=\"async\" src=\"https:\/\/www.aarquiteta.com.br\/blog\/wp-content\/uploads\/2026\/01\/apartamento-com-paineis02.jpg\" alt=\"apartamento-com-paineis\" width=\"1024\" height=\"1024\" title=\"\"><figcaption class=\"wp-caption-text\">apartamento-com-paineis<\/figcaption><\/figure>\n<h3>2. Amplitude em ambientes integrados<\/h3>\n<p>Ao integrar os <b>ambientes<\/b>, o apartamento se torna mais amplo. O uso do mesmo piso em todo o espa\u00e7o proporciona uma continuidade visual que d\u00e1 a impress\u00e3o de que tudo \u00e9 muito maior.<\/p>\n<figure style=\"width: 1024px\" class=\"wp-caption aligncenter\"><img decoding=\"async\" src=\"https:\/\/www.aarquiteta.com.br\/blog\/wp-content\/uploads\/2026\/01\/apartamento-com-paineis03.jpg\" alt=\"apartamento-com-paineis\" width=\"1024\" height=\"1024\" title=\"\"><figcaption class=\"wp-caption-text\">apartamento-com-paineis<\/figcaption><\/figure>\n<h3>3. Cores que harmonizam<\/h3>\n<p>Os tons neutros, como o <b>cinza<\/b>, combinados ao verde dos pain\u00e9is, criam uma sensa\u00e7\u00e3o de calmaria e modernidade. A decora\u00e7\u00e3o s\u00f3bria ressalta a sofistica\u00e7\u00e3o do ambiente.<\/p>\n<h3>4. M\u00f3veis multifuncionais<\/h3>\n<p>A marcenaria sob medida \u00e9 fundamental. Por exemplo, os <b>pain\u00e9is laqueados<\/b> n\u00e3o apenas decoram, mas tamb\u00e9m escondem arm\u00e1rios e deixam tudo organizado e ao mesmo tempo bonito.<\/p>\n<h3>5. Banheiro de estilo minimalista<\/h3>\n<p>Mesmo os banheiros podem brilhar na decora\u00e7\u00e3o. O <b>uso de espelhos<\/b> e tons que integram ao restante do apartamento trazem um visual harmonioso e amplo, mesmo em pequenos espa\u00e7os.<\/p>\n<h3>6. Janelas que ampliam a vis\u00e3o<\/h3>\n<p>Grandes janelas s\u00e3o essenciais! Elas permitem a entrada de luz natural, o que \u00e9 vital para a sensa\u00e7\u00e3o de <b>amplitude<\/b> em apartamentos pequenos.<\/p>\n<h3>7. Ambientes ocultos<\/h3>\n<p>A ideia de \u201cambientes camuflados\u201d \u00e9 fascinante. Espa\u00e7os ocultos atr\u00e1s de <b>pain\u00e9is<\/b> proporcionam funcionalidade e ainda favorecem a est\u00e9tica do apartamento.<\/p>\n<p><div class=\"youtube-embed\" data-video_id=\"RxfQv9KJs2w\"><iframe title=\"Painel Ripado | Fa\u00e7a voc\u00ea mesmo | Willians Fernandes\" width=\"696\" height=\"392\" src=\"https:\/\/www.youtube.com\/embed\/RxfQv9KJs2w?feature=oembed&#038;enablejsapi=1\" frameborder=\"0\" allow=\"accelerometer; autoplay; clipboard-write; encrypted-media; gyroscope; picture-in-picture; web-share\" referrerpolicy=\"strict-origin-when-cross-origin\" allowfullscreen><\/iframe><\/div>\n<\/p>\n<table>\n<tr>\n<th>Aspecto<\/th>\n<th>Detalhe<\/th>\n<\/tr>\n<tr>\n<td>\u00c1rea Total<\/td>\n<td>42 m\u00b2<\/td>\n<\/tr>\n<tr>\n<td>Uso de Pain\u00e9is<\/td>\n<td>Divis\u00f3rias e Mobili\u00e1rio<\/td>\n<\/tr>\n<tr>\n<td>Cores Dominantes<\/td>\n<td>Verde, Cinza e Neutras<\/td>\n<\/tr>\n<tr>\n<td>Solu\u00e7\u00e3o de Ilumina\u00e7\u00e3o<\/td>\n<td>Luz Indireta<\/td>\n<\/tr>\n<\/table>\n<p>A transforma\u00e7\u00e3o de um ambiente pequeno pode ser um <b>desafio<\/b>, mas \u00e9 poss\u00edvel com boas ideias. Os pain\u00e9is tornam tudo mais bonito e funcional. Que tal come\u00e7ar a pensar em como voc\u00ea pode aplicar essas ideias no seu espa\u00e7o? Deixe sua opini\u00e3o nos coment\u00e1rios e continue navegando por mais dicas incr\u00edveis!<\/p>\n","protected":false},"excerpt":{"rendered":"<p>7 Inova\u00e7\u00f5es<\/p>\n","protected":false},"author":102,"featured_media":156227,"comment_status":"open","ping_status":"","sticky":false,"template":"","format":"standard","meta":{"footnotes":""},"categories":[249,1484],"tags":[],"class_list":["post-156230","post","type-post","status-publish","format-standard","has-post-thumbnail","category-engenharia-e-construcao-civil","category-decoracao"],"_wp_attached_file":null,"_wp_attachment_metadata":null,"_wp_attachment_context":null,"_wp_attachment_is_custom_header":null,"geo_longitude":null,"geo_public":null,"geo_latitude":null,"_publicize_done_external":null,"_wpas_done_3897181":null,"publicize_twitter_user":null,"_wpas_done_3897175":null,"_wpas_skip_3897181":null,"_wpas_skip_3897175":null,"_wpas_skip_3924723":null,"_wpas_mess":null,"_wpas_done_3924723":null,"wps_subtitle":"","_links":{"self":[{"href":"https:\/\/www.aarquiteta.com.br\/blog\/wp-json\/wp\/v2\/posts\/156230","targetHints":{"allow":["GET"]}}],"collection":[{"href":"https:\/\/www.aarquiteta.com.br\/blog\/wp-json\/wp\/v2\/posts"}],"about":[{"href":"https:\/\/www.aarquiteta.com.br\/blog\/wp-json\/wp\/v2\/types\/post"}],"author":[{"embeddable":true,"href":"https:\/\/www.aarquiteta.com.br\/blog\/wp-json\/wp\/v2\/users\/102"}],"replies":[{"embeddable":true,"href":"https:\/\/www.aarquiteta.com.br\/blog\/wp-json\/wp\/v2\/comments?post=156230"}],"version-history":[{"count":0,"href":"https:\/\/www.aarquiteta.com.br\/blog\/wp-json\/wp\/v2\/posts\/156230\/revisions"}],"wp:featuredmedia":[{"embeddable":true,"href":"https:\/\/www.aarquiteta.com.br\/blog\/wp-json\/wp\/v2\/media\/156227"}],"wp:attachment":[{"href":"https:\/\/www.aarquiteta.com.br\/blog\/wp-json\/wp\/v2\/media?parent=156230"}],"wp:term":[{"taxonomy":"category","embeddable":true,"href":"https:\/\/www.aarquiteta.com.br\/blog\/wp-json\/wp\/v2\/categories?post=156230"},{"taxonomy":"post_tag","embeddable":true,"href":"https:\/\/www.aarquiteta.com.br\/blog\/wp-json\/wp\/v2\/tags?post=156230"}],"curies":[{"name":"wp","href":"https:\/\/api.w.org\/{rel}","templated":true}]}}