{"id":156212,"date":"2026-01-12T17:32:13","date_gmt":"2026-01-12T20:32:13","guid":{"rendered":"https:\/\/www.aarquiteta.com.br\/blog\/escada-de-ferro-2\/"},"modified":"2026-01-12T17:32:13","modified_gmt":"2026-01-12T20:32:13","slug":"escada-de-ferro-2","status":"publish","type":"post","link":"https:\/\/www.aarquiteta.com.br\/blog\/escada-de-ferro-2\/","title":{"rendered":"7 Inova\u00e7\u00f5es em Escadas de Ferro que Voc\u00ea Precisa Conhecer"},"content":{"rendered":"<p>Est\u00e1 em busca de ideias inovadoras para a sua escada de ferro? Vou te contar sobre <b>sete inova\u00e7\u00f5es<\/b> que transformar\u00e3o o visual e a funcionalidade do seu espa\u00e7o.<\/p>\n<figure style=\"width: 1024px\" class=\"wp-caption aligncenter\"><img decoding=\"async\" src=\"https:\/\/www.aarquiteta.com.br\/blog\/wp-content\/uploads\/2026\/01\/escada-de-ferro01.jpg\" alt=\"escada-de-ferro\" width=\"1024\" height=\"1024\" title=\"\"><figcaption class=\"wp-caption-text\">escada-de-ferro<\/figcaption><\/figure>\n<h3>1. Escadas com Degraus Suspensos<\/h3>\n<p>Um design <b>modern\u00edssimo<\/b> \u00e9 a escada com degraus suspensos. Os degraus parecem flutuar, garantindo um visual contempor\u00e2neo e arejado.<\/p>\n<figure style=\"width: 1024px\" class=\"wp-caption aligncenter\"><img decoding=\"async\" src=\"https:\/\/www.aarquiteta.com.br\/blog\/wp-content\/uploads\/2026\/01\/escada-de-ferro02.jpg\" alt=\"escada-de-ferro\" width=\"1024\" height=\"1024\" title=\"\"><figcaption class=\"wp-caption-text\">escada-de-ferro<\/figcaption><\/figure>\n<h3>2. Ilumina\u00e7\u00e3o Embutida<\/h3>\n<p>Ilumina\u00e7\u00e3o LED embutida nos corrim\u00e3os \u00e9 uma tend\u00eancia que oferece <b>foco e seguran\u00e7a<\/b>. Ela destaca a escada e d\u00e1 charme ao ambiente.<\/p>\n<figure style=\"width: 1024px\" class=\"wp-caption aligncenter\"><img decoding=\"async\" src=\"https:\/\/www.aarquiteta.com.br\/blog\/wp-content\/uploads\/2026\/01\/escada-de-ferro03.jpg\" alt=\"escada-de-ferro\" width=\"1024\" height=\"1024\" title=\"\"><figcaption class=\"wp-caption-text\">escada-de-ferro<\/figcaption><\/figure>\n<h3>3. Mistura de Materiais<\/h3>\n<p>Combinar ferro com madeiras ou vidros traz um <b>contraste fascinante<\/b>. Isso proporciona estilo, al\u00e9m de adicionar caracter\u00edsticas de resist\u00eancia e durabilidade.<\/p>\n<h3>4. Guarda-Corpos Criativos<\/h3>\n<p>Guarda-corpos com design arrojado, como formas geom\u00e9tricas, podem ser feitos com <b>fios coloridos<\/b> ou placas de vidro, conferindo modernidade \u00e0 estrutura.<\/p>\n<h3>5. Escadas de Ferro Pintadas<\/h3>\n<p>Pintar a escada em cores vibrantes, como azul turquesa ou vermelho, pode dar vida ao ambiente, tornando-a um <b>destaque visual<\/b>.<\/p>\n<h3>6. Escadas Caracol Compactas<\/h3>\n<p>As escadas caracol t\u00eam um design funcional e s\u00e3o ideais para <b>espa\u00e7os pequenos<\/b>. Elas ligam diferentes n\u00edveis de forma eficiente, sem ocupar muito espa\u00e7o.<\/p>\n<h3>7. Degraus Descontinuados<\/h3>\n<p>Escadas com degraus em n\u00edveis diferentes, n\u00e3o s\u00f3 trazem um elemento de <b>design inovador<\/b>, mas tamb\u00e9m proporcionam praticidade para subir e descer.<\/p>\n<p>https:\/\/www.youtube.com\/watch?v=<\/p>\n<table>\n<tr>\n<th>Inova\u00e7\u00e3o<\/th>\n<th>Descri\u00e7\u00e3o<\/th>\n<\/tr>\n<tr>\n<td>Degraus Suspensos<\/td>\n<td>Visual leve e moderno.<\/td>\n<\/tr>\n<tr>\n<td>Ilumina\u00e7\u00e3o Embutida<\/td>\n<td>Destaca e traz seguran\u00e7a.<\/td>\n<\/tr>\n<tr>\n<td>Mistura de Materiais<\/td>\n<td>Ferro com madeira ou vidro.<\/td>\n<\/tr>\n<tr>\n<td>Guarda-Corpos Criativos<\/td>\n<td>Formas que impressionam.<\/td>\n<\/tr>\n<tr>\n<td>Escadas Pintadas<\/td>\n<td>Toque vibrante ao ambiente.<\/td>\n<\/tr>\n<tr>\n<td>Escadas Caracol<\/td>\n<td>Compactas e funcionais.<\/td>\n<\/tr>\n<tr>\n<td>Degraus Descontinuados<\/td>\n<td>Elementos de design pr\u00e1tico.<\/td>\n<\/tr>\n<\/table>\n<p>Essas inova\u00e7\u00f5es tornam a escada de ferro n\u00e3o apenas uma solu\u00e7\u00e3o funcional, mas tamb\u00e9m um <b>objeto de arte<\/b> em sua casa. Ao implementar essas ideias, voc\u00ea pode garantir que sua escada se torne o centro das aten\u00e7\u00f5es!<\/p>\n<p>Curtiu as dicas? Comente abaixo qual inova\u00e7\u00e3o voc\u00ea mais gostou e continue explorando nosso blog para mais ideias e inspira\u00e7\u00f5es!<\/p>\n","protected":false},"excerpt":{"rendered":"<p>7 Inova\u00e7\u00f5es em Escadas de Ferro que Voc\u00ea Precisa Conhecer<\/p>\n","protected":false},"author":102,"featured_media":156209,"comment_status":"open","ping_status":"","sticky":false,"template":"","format":"standard","meta":{"footnotes":""},"categories":[249,1484],"tags":[],"class_list":["post-156212","post","type-post","status-publish","format-standard","has-post-thumbnail","category-engenharia-e-construcao-civil","category-decoracao"],"_wp_attached_file":null,"_wp_attachment_metadata":null,"_wp_attachment_context":null,"_wp_attachment_is_custom_header":null,"geo_longitude":null,"geo_public":null,"geo_latitude":null,"_publicize_done_external":null,"_wpas_done_3897181":null,"publicize_twitter_user":null,"_wpas_done_3897175":null,"_wpas_skip_3897181":null,"_wpas_skip_3897175":null,"_wpas_skip_3924723":null,"_wpas_mess":null,"_wpas_done_3924723":null,"wps_subtitle":"","_links":{"self":[{"href":"https:\/\/www.aarquiteta.com.br\/blog\/wp-json\/wp\/v2\/posts\/156212","targetHints":{"allow":["GET"]}}],"collection":[{"href":"https:\/\/www.aarquiteta.com.br\/blog\/wp-json\/wp\/v2\/posts"}],"about":[{"href":"https:\/\/www.aarquiteta.com.br\/blog\/wp-json\/wp\/v2\/types\/post"}],"author":[{"embeddable":true,"href":"https:\/\/www.aarquiteta.com.br\/blog\/wp-json\/wp\/v2\/users\/102"}],"replies":[{"embeddable":true,"href":"https:\/\/www.aarquiteta.com.br\/blog\/wp-json\/wp\/v2\/comments?post=156212"}],"version-history":[{"count":0,"href":"https:\/\/www.aarquiteta.com.br\/blog\/wp-json\/wp\/v2\/posts\/156212\/revisions"}],"wp:featuredmedia":[{"embeddable":true,"href":"https:\/\/www.aarquiteta.com.br\/blog\/wp-json\/wp\/v2\/media\/156209"}],"wp:attachment":[{"href":"https:\/\/www.aarquiteta.com.br\/blog\/wp-json\/wp\/v2\/media?parent=156212"}],"wp:term":[{"taxonomy":"category","embeddable":true,"href":"https:\/\/www.aarquiteta.com.br\/blog\/wp-json\/wp\/v2\/categories?post=156212"},{"taxonomy":"post_tag","embeddable":true,"href":"https:\/\/www.aarquiteta.com.br\/blog\/wp-json\/wp\/v2\/tags?post=156212"}],"curies":[{"name":"wp","href":"https:\/\/api.w.org\/{rel}","templated":true}]}}