{"id":156199,"date":"2026-01-11T17:53:47","date_gmt":"2026-01-11T20:53:47","guid":{"rendered":"https:\/\/www.aarquiteta.com.br\/blog\/parede-de-madeira-2\/"},"modified":"2026-01-11T17:53:47","modified_gmt":"2026-01-11T20:53:47","slug":"parede-de-madeira-2","status":"publish","type":"post","link":"https:\/\/www.aarquiteta.com.br\/blog\/parede-de-madeira-2\/","title":{"rendered":"10 Inspira\u00e7\u00f5es para Transformar sua Parede de Madeira e Surpreender"},"content":{"rendered":"<p>Est\u00e1 pensando em dar uma nova cara para sua casa? As <b>paredes de madeira<\/b> s\u00e3o uma excelente op\u00e7\u00e3o para transformar os ambientes, trazendo beleza e aconchego.<\/p>\n<figure style=\"width: 1024px\" class=\"wp-caption aligncenter\"><img decoding=\"async\" src=\"https:\/\/www.aarquiteta.com.br\/blog\/wp-content\/uploads\/2026\/01\/parede-de-madeira01.jpg\" alt=\"parede-de-madeira\" width=\"1024\" height=\"1024\" title=\"\"><figcaption class=\"wp-caption-text\">parede-de-madeira<\/figcaption><\/figure>\n<h3>Transformando sua Parede de Madeira<\/h3>\n<p>Hoje, vou compartilhar <b>10 inspira\u00e7\u00f5es<\/b> incr\u00edveis que podem deixar sua casa mais charmosa e acolhedora. Desde o uso criativo da madeira at\u00e9 ideias que combinam com diferentes estilos de decora\u00e7\u00e3o, voc\u00ea vai se surpreender!<\/p>\n<figure style=\"width: 1024px\" class=\"wp-caption aligncenter\"><img decoding=\"async\" src=\"https:\/\/www.aarquiteta.com.br\/blog\/wp-content\/uploads\/2026\/01\/parede-de-madeira02.jpg\" alt=\"parede-de-madeira\" width=\"1024\" height=\"1024\" title=\"\"><figcaption class=\"wp-caption-text\">parede-de-madeira<\/figcaption><\/figure>\n<h3>1. Parede de madeira no quarto<\/h3>\n<p>Uma parede de madeira no <b>quarto<\/b> traz um toque r\u00fastico e aconchegante, ideal para relaxar ap\u00f3s um dia cansativo.<\/p>\n<figure style=\"width: 1024px\" class=\"wp-caption aligncenter\"><img decoding=\"async\" src=\"https:\/\/www.aarquiteta.com.br\/blog\/wp-content\/uploads\/2026\/01\/parede-de-madeira03.jpg\" alt=\"parede-de-madeira\" width=\"1024\" height=\"1024\" title=\"\"><figcaption class=\"wp-caption-text\">parede-de-madeira<\/figcaption><\/figure>\n<h3>2. Revestimento de demoli\u00e7\u00e3o na sala<\/h3>\n<p>A parede feita com madeira de <b>demoli\u00e7\u00e3o<\/b> \u00e9 perfeita para dar personalidade \u00e0 sala, unindo o moderno ao cl\u00e1ssico.<\/p>\n<h3>3. Contrastando com cores neutras<\/h3>\n<p>O tom escuro da madeira contrasta com <b>cores neutras<\/b>, criando um ambiente elegante e atemporal.<\/p>\n<h3>4. Pain\u00e9is ripados<\/h3>\n<p>Pain\u00e9is de madeira em <b>ripas<\/b> adicionam uma textura interessante \u00e0 parede, tornando o espa\u00e7o visualmente atraente.<\/p>\n<h3>5. Integra\u00e7\u00e3o com a ilumina\u00e7\u00e3o<\/h3>\n<p>A ilumina\u00e7\u00e3o direcionada real\u00e7a a beleza da <b>parede de madeira<\/b>, destacando seus detalhes e criando uma atmosfera \u00edntima.<\/p>\n<h3>6. Madeiras claras para ambientes modernos<\/h3>\n<p>Optar por <b>madeiras claras<\/b> ajuda a criar um ambiente mais clean e contempor\u00e2neo, ideal para estilos modernos.<\/p>\n<p><div class=\"youtube-embed\" data-video_id=\"Q7415UDX-ds\"><iframe title=\"Como fazer parede com forro de madeira com Matheus Ilt\" width=\"696\" height=\"392\" src=\"https:\/\/www.youtube.com\/embed\/Q7415UDX-ds?feature=oembed&#038;enablejsapi=1\" frameborder=\"0\" allow=\"accelerometer; autoplay; clipboard-write; encrypted-media; gyroscope; picture-in-picture; web-share\" referrerpolicy=\"strict-origin-when-cross-origin\" allowfullscreen><\/iframe><\/div>\n<\/p>\n<h3>7. Decorando a \u00e1rea gourmet<\/h3>\n<p>Uma parede de madeira na <b>\u00e1rea gourmet<\/b> traz um ar aconchegante para celebrar bons momentos com amigos e fam\u00edlia.<\/p>\n<h3>8. Mesa de jantar com fundo de madeira<\/h3>\n<p>Que tal ter uma <b>mesa de jantar<\/b> com uma bela parede de madeira ao fundo? O resultado \u00e9 um ambiente acolhedor!<\/p>\n<h3>9. Inspira\u00e7\u00e3o na sala de estar<\/h3>\n<p>Paredes de madeira na <b>sala de estar<\/b> permitem combinar com objetos decorativos, criando harmonia e estilo.<\/p>\n<h3>10. Uso vers\u00e1til em diferentes ambientes<\/h3>\n<p>Al\u00e9m de todos esses t\u00f3picos, a madeira \u00e9 um material <b>vers\u00e1til<\/b>, podendo ser utilizada tanto em ambientes internos quanto externos.<\/p>\n<table>\n<tr>\n<th>Inspira\u00e7\u00e3o<\/th>\n<th>Descri\u00e7\u00e3o<\/th>\n<\/tr>\n<tr>\n<td>Quarto<\/td>\n<td>Parede r\u00fastica para relaxamento.<\/td>\n<\/tr>\n<tr>\n<td>Sala<\/td>\n<td>Revestimento de demoli\u00e7\u00e3o para personalidade.<\/td>\n<\/tr>\n<tr>\n<td>Cores Neutras<\/td>\n<td>Contraste elegante com madeira escura.<\/td>\n<\/tr>\n<tr>\n<td>Pain\u00e9is Ripados<\/td>\n<td>Textura interessante na parede.<\/td>\n<\/tr>\n<tr>\n<td>Ilumina\u00e7\u00e3o<\/td>\n<td>Realce das belezas da madeira.<\/td>\n<\/tr>\n<\/table>\n<p>Com essas <b>inspira\u00e7\u00f5es<\/b>, d\u00e1 at\u00e9 vontade de correr para a ferramenta e come\u00e7ar a transforma\u00e7\u00e3o, n\u00e3o \u00e9? Aproveite as dicas e deixe sua casa ainda mais incr\u00edvel.<\/p>\n<p>Curioso para saber mais sobre como aplicar essas ideias? Comente abaixo ou explore outros artigos no blog para se inspirar ainda mais na sua decora\u00e7\u00e3o!<\/p>\n","protected":false},"excerpt":{"rendered":"<p>10 Inspira\u00e7\u00f5es para Transformar sua Parede de Madeira e Surpreender<\/p>\n","protected":false},"author":102,"featured_media":156196,"comment_status":"open","ping_status":"","sticky":false,"template":"","format":"standard","meta":{"footnotes":""},"categories":[1484],"tags":[],"class_list":["post-156199","post","type-post","status-publish","format-standard","has-post-thumbnail","category-decoracao"],"_wp_attached_file":null,"_wp_attachment_metadata":null,"_wp_attachment_context":null,"_wp_attachment_is_custom_header":null,"geo_longitude":null,"geo_public":null,"geo_latitude":null,"_publicize_done_external":null,"_wpas_done_3897181":null,"publicize_twitter_user":null,"_wpas_done_3897175":null,"_wpas_skip_3897181":null,"_wpas_skip_3897175":null,"_wpas_skip_3924723":null,"_wpas_mess":null,"_wpas_done_3924723":null,"wps_subtitle":"","_links":{"self":[{"href":"https:\/\/www.aarquiteta.com.br\/blog\/wp-json\/wp\/v2\/posts\/156199","targetHints":{"allow":["GET"]}}],"collection":[{"href":"https:\/\/www.aarquiteta.com.br\/blog\/wp-json\/wp\/v2\/posts"}],"about":[{"href":"https:\/\/www.aarquiteta.com.br\/blog\/wp-json\/wp\/v2\/types\/post"}],"author":[{"embeddable":true,"href":"https:\/\/www.aarquiteta.com.br\/blog\/wp-json\/wp\/v2\/users\/102"}],"replies":[{"embeddable":true,"href":"https:\/\/www.aarquiteta.com.br\/blog\/wp-json\/wp\/v2\/comments?post=156199"}],"version-history":[{"count":0,"href":"https:\/\/www.aarquiteta.com.br\/blog\/wp-json\/wp\/v2\/posts\/156199\/revisions"}],"wp:featuredmedia":[{"embeddable":true,"href":"https:\/\/www.aarquiteta.com.br\/blog\/wp-json\/wp\/v2\/media\/156196"}],"wp:attachment":[{"href":"https:\/\/www.aarquiteta.com.br\/blog\/wp-json\/wp\/v2\/media?parent=156199"}],"wp:term":[{"taxonomy":"category","embeddable":true,"href":"https:\/\/www.aarquiteta.com.br\/blog\/wp-json\/wp\/v2\/categories?post=156199"},{"taxonomy":"post_tag","embeddable":true,"href":"https:\/\/www.aarquiteta.com.br\/blog\/wp-json\/wp\/v2\/tags?post=156199"}],"curies":[{"name":"wp","href":"https:\/\/api.w.org\/{rel}","templated":true}]}}