{"id":156190,"date":"2026-01-11T09:53:36","date_gmt":"2026-01-11T12:53:36","guid":{"rendered":"https:\/\/www.aarquiteta.com.br\/blog\/aparador-branco-2\/"},"modified":"2026-01-11T09:53:36","modified_gmt":"2026-01-11T12:53:36","slug":"aparador-branco-2","status":"publish","type":"post","link":"https:\/\/www.aarquiteta.com.br\/blog\/aparador-branco-2\/","title":{"rendered":"Transforme sua sala com aparador branco e surpreenda com 10 ideias"},"content":{"rendered":"<p>Voc\u00ea sabia que um aparador branco pode transformar completamente a sua sala? Esse m\u00f3vel vers\u00e1til traz eleg\u00e2ncia e funcionalidade, al\u00e9m de ajudar a organizar o espa\u00e7o. Vamos conhecer 10 ideias criativas que v\u00e3o surpreender voc\u00ea!<\/p>\n<figure style=\"width: 1024px\" class=\"wp-caption aligncenter\"><img decoding=\"async\" src=\"https:\/\/www.aarquiteta.com.br\/blog\/wp-content\/uploads\/2026\/01\/aparador-branco01-2.jpg\" alt=\"aparador-branco\" width=\"1024\" height=\"1024\" title=\"\"><figcaption class=\"wp-caption-text\">aparador-branco<\/figcaption><\/figure>\n<h3>1. O aparador branco como destaque na sala<\/h3>\n<p>Um <b>aparador branco<\/b> pode ser o ponto focal da sua sala. Independentemente do estilo de decora\u00e7\u00e3o, ele se adapta e traz um toque moderno ao ambiente.<\/p>\n<figure style=\"width: 1024px\" class=\"wp-caption aligncenter\"><img decoding=\"async\" src=\"https:\/\/www.aarquiteta.com.br\/blog\/wp-content\/uploads\/2026\/01\/aparador-branco02-2.jpg\" alt=\"aparador-branco\" width=\"1024\" height=\"1024\" title=\"\"><figcaption class=\"wp-caption-text\">aparador-branco<\/figcaption><\/figure>\n<h3>2. A harmonia com outros m\u00f3veis<\/h3>\n<p>Por ser neutro, o <b>aparador branco<\/b> combina facilmente com diferentes estilos de sof\u00e1 e poltronas, criando uma harmonia perfeita. Use e abuse!<\/p>\n<figure style=\"width: 1024px\" class=\"wp-caption aligncenter\"><img decoding=\"async\" src=\"https:\/\/www.aarquiteta.com.br\/blog\/wp-content\/uploads\/2026\/01\/aparador-branco03-2.jpg\" alt=\"aparador-branco\" width=\"1024\" height=\"1024\" title=\"\"><figcaption class=\"wp-caption-text\">aparador-branco<\/figcaption><\/figure>\n<h3>3. Espa\u00e7o para decora\u00e7\u00e3o<\/h3>\n<p>Utilize o <b>aparador<\/b> para expor quadros, vasos e objetos decorativos. Um aparador branco proporciona um fundo ideal para destacar suas pe\u00e7as favoritas.<\/p>\n<h3>4. Organiza\u00e7\u00e3o \u00e9 essencial<\/h3>\n<p>Quer manter a sala em ordem? Um aparador com <b>gavetas<\/b> \u00e9 uma excelente op\u00e7\u00e3o. Voc\u00ea pode guardar pequenos itens e ainda manter tudo \u00e0 m\u00e3o.<\/p>\n<h3>5. Um cantinho para drinks<\/h3>\n<p>Conhece aquela hora de receber amigos? Transforme seu aparador branco em um <b>barzinho<\/b>! Coloque copos, garrafas e petiscos. Um charme!<\/p>\n<h3>6. Op\u00e7\u00f5es de cores<\/h3>\n<p>O branco tem a vantagem de harmonizar com outras <b>cores<\/b>. Experimente combin\u00e1-lo com madeira, preto ou at\u00e9 com cores vibrantes na decora\u00e7\u00e3o.<\/p>\n<h3>7. Estilos variados<\/h3>\n<p>Existem aparadores brancos de diversos estilos: <b>moderno<\/b>, r\u00fastico ou retr\u00f4. Escolha o que mais combina com sua casa e arrase!<\/p>\n<p><div class=\"youtube-embed\" data-video_id=\"w7jo0i2ZYME\"><iframe title=\"Aparador E Raspador Oneblade Intimate Qp1924\/10 Philips Branco\" width=\"696\" height=\"392\" src=\"https:\/\/www.youtube.com\/embed\/w7jo0i2ZYME?feature=oembed&#038;enablejsapi=1\" frameborder=\"0\" allow=\"accelerometer; autoplay; clipboard-write; encrypted-media; gyroscope; picture-in-picture; web-share\" referrerpolicy=\"strict-origin-when-cross-origin\" allowfullscreen><\/iframe><\/div>\n<\/p>\n<h3>8. Reaproveitando espa\u00e7os<\/h3>\n<p>Um aparador pode ser mais do que um m\u00f3vel. Em espa\u00e7os pequenos, ele ajuda a <b>otimizar<\/b> o ambiente, servindo como mesa lateral tamb\u00e9m.<\/p>\n<h3>9. Toque de eleg\u00e2ncia<\/h3>\n<p>Utilize um <b>aparador branco<\/b> com p\u00e9s palito para dar um toque retr\u00f4 e elegante. Detalhes fazem a diferen\u00e7a na decora\u00e7\u00e3o.<\/p>\n<h3>10. Um espa\u00e7o para caf\u00e9<\/h3>\n<p>Transforme parte do seu aparador em um <b>cantinho do caf\u00e9<\/b>. Coloque uma m\u00e1quina e canecas, e aproveite momentos de relaxamento!<\/p>\n<table>\n<tr>\n<th>Ideia<\/th>\n<th>Fun\u00e7\u00e3o<\/th>\n<\/tr>\n<tr>\n<td>Destaque na sala<\/td>\n<td>Ponto focal<\/td>\n<\/tr>\n<tr>\n<td>Harmonia com m\u00f3veis<\/td>\n<td>Combina\u00e7\u00f5es vers\u00e1teis<\/td>\n<\/tr>\n<tr>\n<td>Espa\u00e7o para decora\u00e7\u00e3o<\/td>\n<td>Destaque de objetos<\/td>\n<\/tr>\n<tr>\n<td>Organiza\u00e7\u00e3o<\/td>\n<td>Armazenamento pr\u00e1tico<\/td>\n<\/tr>\n<tr>\n<td>Cantinho para drinks<\/td>\n<td>\u00c1rea de entretenimento<\/td>\n<\/tr>\n<tr>\n<td>Combina\u00e7\u00e3o de cores<\/td>\n<td>Harmoniza\u00e7\u00e3o de ambientes<\/td>\n<\/tr>\n<\/table>\n<p>Viu como um <b>aparador branco<\/b> pode fazer maravilhas pela sua sala? Agora \u00e9 sua vez de experimentar essas ideias e transformar o espa\u00e7o! N\u00e3o deixe de compartilhar suas experi\u00eancias nos coment\u00e1rios!<\/p>\n<p>Se voc\u00ea gostou dessas sugest\u00f5es, que tal explorar outros conte\u00fados sobre decora\u00e7\u00e3o? Navegue pelo nosso blog e descubra muito mais!<\/p>\n","protected":false},"excerpt":{"rendered":"<p>Transforme sua sala com aparador branco e surpreenda com 10 ideias<\/p>\n","protected":false},"author":102,"featured_media":156187,"comment_status":"open","ping_status":"","sticky":false,"template":"","format":"standard","meta":{"footnotes":""},"categories":[1484],"tags":[],"class_list":["post-156190","post","type-post","status-publish","format-standard","has-post-thumbnail","category-decoracao"],"_wp_attached_file":null,"_wp_attachment_metadata":null,"_wp_attachment_context":null,"_wp_attachment_is_custom_header":null,"geo_longitude":null,"geo_public":null,"geo_latitude":null,"_publicize_done_external":null,"_wpas_done_3897181":null,"publicize_twitter_user":null,"_wpas_done_3897175":null,"_wpas_skip_3897181":null,"_wpas_skip_3897175":null,"_wpas_skip_3924723":null,"_wpas_mess":null,"_wpas_done_3924723":null,"wps_subtitle":"","_links":{"self":[{"href":"https:\/\/www.aarquiteta.com.br\/blog\/wp-json\/wp\/v2\/posts\/156190","targetHints":{"allow":["GET"]}}],"collection":[{"href":"https:\/\/www.aarquiteta.com.br\/blog\/wp-json\/wp\/v2\/posts"}],"about":[{"href":"https:\/\/www.aarquiteta.com.br\/blog\/wp-json\/wp\/v2\/types\/post"}],"author":[{"embeddable":true,"href":"https:\/\/www.aarquiteta.com.br\/blog\/wp-json\/wp\/v2\/users\/102"}],"replies":[{"embeddable":true,"href":"https:\/\/www.aarquiteta.com.br\/blog\/wp-json\/wp\/v2\/comments?post=156190"}],"version-history":[{"count":0,"href":"https:\/\/www.aarquiteta.com.br\/blog\/wp-json\/wp\/v2\/posts\/156190\/revisions"}],"wp:featuredmedia":[{"embeddable":true,"href":"https:\/\/www.aarquiteta.com.br\/blog\/wp-json\/wp\/v2\/media\/156187"}],"wp:attachment":[{"href":"https:\/\/www.aarquiteta.com.br\/blog\/wp-json\/wp\/v2\/media?parent=156190"}],"wp:term":[{"taxonomy":"category","embeddable":true,"href":"https:\/\/www.aarquiteta.com.br\/blog\/wp-json\/wp\/v2\/categories?post=156190"},{"taxonomy":"post_tag","embeddable":true,"href":"https:\/\/www.aarquiteta.com.br\/blog\/wp-json\/wp\/v2\/tags?post=156190"}],"curies":[{"name":"wp","href":"https:\/\/api.w.org\/{rel}","templated":true}]}}