{"id":156140,"date":"2026-01-07T17:32:14","date_gmt":"2026-01-07T20:32:14","guid":{"rendered":"https:\/\/www.aarquiteta.com.br\/blog\/pedras-decorativas-2\/"},"modified":"2026-01-07T17:32:14","modified_gmt":"2026-01-07T20:32:14","slug":"pedras-decorativas-2","status":"publish","type":"post","link":"https:\/\/www.aarquiteta.com.br\/blog\/pedras-decorativas-2\/","title":{"rendered":"10 Inspira\u00e7\u00f5es para Transformar sua Decora\u00e7\u00e3o com Pedras Decorativas"},"content":{"rendered":"<p>A transforma\u00e7\u00e3o da decora\u00e7\u00e3o com <b>pedras decorativas<\/b> \u00e9 uma maneira \u00fanica de trazer estilo e eleg\u00e2ncia para sua casa. Elas s\u00e3o vers\u00e1teis e podem ser aplicadas em diversos ambientes, tanto internos quanto externos.<\/p>\n<figure style=\"width: 1024px\" class=\"wp-caption aligncenter\"><img decoding=\"async\" src=\"https:\/\/www.aarquiteta.com.br\/blog\/wp-content\/uploads\/2026\/01\/pedras-decorativas01.jpg\" alt=\"pedras-decorativas\" width=\"1024\" height=\"1024\" title=\"\"><figcaption class=\"wp-caption-text\">pedras-decorativas<\/figcaption><\/figure>\n<p><b>Selecionar as pedras certas<\/b> pode mudar o visual de qualquer espa\u00e7o, do banheiro a uma lareira na sala. Neste artigo, vou compartilhar 10 inspira\u00e7\u00f5es incr\u00edveis para voc\u00ea usar pedras decorativas na sua decora\u00e7\u00e3o.<\/p>\n<figure style=\"width: 1024px\" class=\"wp-caption aligncenter\"><img decoding=\"async\" src=\"https:\/\/www.aarquiteta.com.br\/blog\/wp-content\/uploads\/2026\/01\/pedras-decorativas02.jpg\" alt=\"pedras-decorativas\" width=\"1024\" height=\"1024\" title=\"\"><figcaption class=\"wp-caption-text\">pedras-decorativas<\/figcaption><\/figure>\n<h3>1. Pedras na varanda<\/h3>\n<p>Imagine sua varanda com uma <b>pavimenta\u00e7\u00e3o de pedras<\/b>. Isso traz um ar r\u00fastico e contempor\u00e2neo, perfeito para criar um espa\u00e7o relaxante ao ar livre.<\/p>\n<figure style=\"width: 1024px\" class=\"wp-caption aligncenter\"><img decoding=\"async\" src=\"https:\/\/www.aarquiteta.com.br\/blog\/wp-content\/uploads\/2026\/01\/pedras-decorativas03.jpg\" alt=\"pedras-decorativas\" width=\"1024\" height=\"1024\" title=\"\"><figcaption class=\"wp-caption-text\">pedras-decorativas<\/figcaption><\/figure>\n<h3>2. Lareira de pedras decorativas<\/h3>\n<p>Uma <b>lareira revestida<\/b> com pedras cria um ponto focal atraente na sala. Elas proporcionam calor e uma sensa\u00e7\u00e3o de aconchego.<\/p>\n<h3>3. Fachadas impressionantes<\/h3>\n<p>Use pedras decorativas para <b>renovar a fachada<\/b> da sua casa. Essa aplica\u00e7\u00e3o d\u00e1 um aspecto moderno e sofisticado, atraindo a aten\u00e7\u00e3o de quem passa.<\/p>\n<h3>4. Banheiros elegantes<\/h3>\n<p>Que tal um banheiro com paredes de <b>pedra r\u00fastica<\/b>? Al\u00e9m de est\u00e9tico, \u00e9 uma escolha f\u00e1cil de manter e proporciona um toque de natureza ao ambiente.<\/p>\n<h3>5. Mesas e bancadas<\/h3>\n<p>Tornar mesas e bancadas com pedras n\u00e3o s\u00f3 aumenta a <b>dureza<\/b>, mas tamb\u00e9m a beleza do espa\u00e7o. Combin\u00e1-las com madeira \u00e9 uma escolha contempor\u00e2nea.<\/p>\n<h3>6. Jardins de inverno<\/h3>\n<p>As pedras podem ser utilizadas para criar <b>jardins de inverno<\/b>, oferecendo um contraste incr\u00edvel entre vegeta\u00e7\u00e3o e pedra, tornando-se um verdadeiro espet\u00e1culo visual.<\/p>\n<p>https:\/\/www.youtube.com\/watch?v=<\/p>\n<h3>7. Texturas que impressionam<\/h3>\n<p>Revestir paredes internas com <b>texturas de pedras<\/b> agrega profundidade e dinamismo, ideal para salas de estar ou dormit\u00f3rios.<\/p>\n<h3>8. Escadas encantadoras<\/h3>\n<p><b>Escadas de pedras<\/b> trazem um charme \u00fanico e podem ser utilizadas tanto em ambientes internos quanto externos, tornando-se um destaque maravilhoso.<\/p>\n<h3>9. Pedras na piscina<\/h3>\n<p>A borda da piscina revestida com pedras n\u00e3o s\u00f3 \u00e9 esteticamente agrad\u00e1vel, mas tamb\u00e9m <b>antiderrapante<\/b>, garantindo seguran\u00e7a e sofistica\u00e7\u00e3o.<\/p>\n<h3>10. Muros de pedras decorativas<\/h3>\n<p>Um muro revestido com pedras pode servir de <b>isola\u00e7\u00e3o sonora<\/b> e, ao mesmo tempo, decorar a \u00e1rea externa de maneira incr\u00edvel.<\/p>\n<table>\n<tr>\n<th>Ideia<\/th>\n<th>Ambiente<\/th>\n<th>Benef\u00edcio<\/th>\n<\/tr>\n<tr>\n<td>Pavimenta\u00e7\u00e3o de pedras<\/td>\n<td>Varanda<\/td>\n<td>Estilo e conforto<\/td>\n<\/tr>\n<tr>\n<td>Lareira com pedras<\/td>\n<td>Sala<\/td>\n<td>Aconchego<\/td>\n<\/tr>\n<tr>\n<td>Fachadas de pedras<\/td>\n<td>Externa<\/td>\n<td>Beleza moderna<\/td>\n<\/tr>\n<tr>\n<td>Banheiro com pedras r\u00fasticas<\/td>\n<td>Banheiro<\/td>\n<td>Toque natural<\/td>\n<\/tr>\n<tr>\n<td>Mesas de pedras<\/td>\n<td>Cozinha<\/td>\n<td>Durabilidade<\/td>\n<\/tr>\n<\/table>\n<p>Agora que voc\u00ea conhece essas <b>incr\u00edveis inspira\u00e7\u00f5es<\/b>, \u00e9 hora de colocar em pr\u00e1tica! Escolha as pedras que mais combinam com seu estilo e com o ambiente que deseja.<\/p>\n<p>Se voc\u00ea tem mais perguntas ou ideias sobre como utilizar pedras decorativas, n\u00e3o hesite em <b>comentar abaixo!<\/b> Vamos conversar sobre como dar vida \u00e0 sua decora\u00e7\u00e3o!<\/p>\n","protected":false},"excerpt":{"rendered":"<p>10 Inspira\u00e7\u00f5es para Transformar sua Decora\u00e7\u00e3o com Pedras Decorativas<\/p>\n","protected":false},"author":102,"featured_media":156137,"comment_status":"open","ping_status":"","sticky":false,"template":"","format":"standard","meta":{"footnotes":""},"categories":[249,1484],"tags":[],"class_list":["post-156140","post","type-post","status-publish","format-standard","has-post-thumbnail","category-engenharia-e-construcao-civil","category-decoracao"],"_wp_attached_file":null,"_wp_attachment_metadata":null,"_wp_attachment_context":null,"_wp_attachment_is_custom_header":null,"geo_longitude":null,"geo_public":null,"geo_latitude":null,"_publicize_done_external":null,"_wpas_done_3897181":null,"publicize_twitter_user":null,"_wpas_done_3897175":null,"_wpas_skip_3897181":null,"_wpas_skip_3897175":null,"_wpas_skip_3924723":null,"_wpas_mess":null,"_wpas_done_3924723":null,"wps_subtitle":"","_links":{"self":[{"href":"https:\/\/www.aarquiteta.com.br\/blog\/wp-json\/wp\/v2\/posts\/156140","targetHints":{"allow":["GET"]}}],"collection":[{"href":"https:\/\/www.aarquiteta.com.br\/blog\/wp-json\/wp\/v2\/posts"}],"about":[{"href":"https:\/\/www.aarquiteta.com.br\/blog\/wp-json\/wp\/v2\/types\/post"}],"author":[{"embeddable":true,"href":"https:\/\/www.aarquiteta.com.br\/blog\/wp-json\/wp\/v2\/users\/102"}],"replies":[{"embeddable":true,"href":"https:\/\/www.aarquiteta.com.br\/blog\/wp-json\/wp\/v2\/comments?post=156140"}],"version-history":[{"count":0,"href":"https:\/\/www.aarquiteta.com.br\/blog\/wp-json\/wp\/v2\/posts\/156140\/revisions"}],"wp:featuredmedia":[{"embeddable":true,"href":"https:\/\/www.aarquiteta.com.br\/blog\/wp-json\/wp\/v2\/media\/156137"}],"wp:attachment":[{"href":"https:\/\/www.aarquiteta.com.br\/blog\/wp-json\/wp\/v2\/media?parent=156140"}],"wp:term":[{"taxonomy":"category","embeddable":true,"href":"https:\/\/www.aarquiteta.com.br\/blog\/wp-json\/wp\/v2\/categories?post=156140"},{"taxonomy":"post_tag","embeddable":true,"href":"https:\/\/www.aarquiteta.com.br\/blog\/wp-json\/wp\/v2\/tags?post=156140"}],"curies":[{"name":"wp","href":"https:\/\/api.w.org\/{rel}","templated":true}]}}