{"id":156108,"date":"2026-01-05T17:31:39","date_gmt":"2026-01-05T20:31:39","guid":{"rendered":"https:\/\/www.aarquiteta.com.br\/blog\/guarda-corpo-2\/"},"modified":"2026-01-05T17:31:39","modified_gmt":"2026-01-05T20:31:39","slug":"guarda-corpo-2","status":"publish","type":"post","link":"https:\/\/www.aarquiteta.com.br\/blog\/guarda-corpo-2\/","title":{"rendered":"7 Inova\u00e7\u00f5es sobre Guarda-Corpo que Voc\u00ea Precisa Conhecer"},"content":{"rendered":"<p>Voc\u00ea j\u00e1 parou para pensar na import\u00e2ncia do <b>guarda-corpo<\/b> na decora\u00e7\u00e3o e seguran\u00e7a da sua casa? Eles s\u00e3o muito mais que estruturas de prote\u00e7\u00e3o, s\u00e3o elementos que podem transformar e harmonizar ambientes. Neste artigo, vou falar sobre <b>7 inova\u00e7\u00f5es<\/b> que voc\u00ea precisa conhecer para trazer estilo e seguran\u00e7a ao seu espa\u00e7o.<\/p>\n<figure style=\"width: 1024px\" class=\"wp-caption aligncenter\"><img decoding=\"async\" src=\"https:\/\/www.aarquiteta.com.br\/blog\/wp-content\/uploads\/2026\/01\/guarda-corpo01.jpg\" alt=\"guarda-corpo\" width=\"1024\" height=\"1024\" title=\"\"><figcaption class=\"wp-caption-text\">guarda-corpo<\/figcaption><\/figure>\n<h3>1. Materiais Sustent\u00e1veis<\/h3>\n<p>Hoje em dia, a tend\u00eancia \u00e9 utilizar <b>materiais sustent\u00e1veis<\/b> na constru\u00e7\u00e3o de guarda-corpos. Exemplos incluem madeiras de reflorestamento ou comp\u00f3sitos que reduzem o impacto ambiental. Isso n\u00e3o s\u00f3 ajuda a natureza, mas tamb\u00e9m d\u00e1 um toque moderno.<\/p>\n<figure style=\"width: 1024px\" class=\"wp-caption aligncenter\"><img decoding=\"async\" src=\"https:\/\/www.aarquiteta.com.br\/blog\/wp-content\/uploads\/2026\/01\/guarda-corpo02.jpg\" alt=\"guarda-corpo\" width=\"1024\" height=\"1024\" title=\"\"><figcaption class=\"wp-caption-text\">guarda-corpo<\/figcaption><\/figure>\n<h3>2. Guarda-corpo Modular<\/h3>\n<p>Outro ponto interessante s\u00e3o os guarda-corpos <b>modulares<\/b>. Eles podem ser facilmente adaptados \u00e0s necessidades do espa\u00e7o. Se voc\u00ea gosta de mudan\u00e7as, essa \u00e9 uma op\u00e7\u00e3o flex\u00edvel! Assim, voc\u00ea pode mudar o visual sem grandes investimentos.<\/p>\n<figure style=\"width: 1024px\" class=\"wp-caption aligncenter\"><img decoding=\"async\" src=\"https:\/\/www.aarquiteta.com.br\/blog\/wp-content\/uploads\/2026\/01\/guarda-corpo03.jpg\" alt=\"guarda-corpo\" width=\"1024\" height=\"1024\" title=\"\"><figcaption class=\"wp-caption-text\">guarda-corpo<\/figcaption><\/figure>\n<h3>3. Integra\u00e7\u00e3o com Tecnologia<\/h3>\n<p>J\u00e1 pensou em ter um guarda-corpo que pode se iluminar? Os projetos mais recentes incluem <b>ilumina\u00e7\u00e3o integrada<\/b>, criando um visual incr\u00edvel \u00e0 noite e ainda ajudando na seguran\u00e7a. \u00c9 elegante e funcional, duas caracter\u00edsticas que todos amam!<\/p>\n<h3>4. Pain\u00e9is de Vidro Vitrificado<\/h3>\n<p>Os guarda-corpos feitos com <b>vidro vitrificado<\/b> s\u00e3o outra inova\u00e7\u00e3o. Eles combinam seguran\u00e7a com uma est\u00e9tica contempor\u00e2nea e permitem que a luz natural flua livremente. Essa op\u00e7\u00e3o \u00e9 ideal para quem gosta de ambientes iluminados e integrados \u00e0 natureza.<\/p>\n<h3>5. Personaliza\u00e7\u00e3o Est\u00e9tica<\/h3>\n<p>Com a personaliza\u00e7\u00e3o em alta, muitos fabricantes oferecem <b>designs exclusivos<\/b> para guarda-corpos. Voc\u00ea pode escolher cores, padr\u00f5es e formas que combinem perfeitamente com seu estilo decorativo. Isso d\u00e1 um charme especial ao ambiente!<\/p>\n<h3>6. Comparativo de Materiais<\/h3>\n<table border=\"1\">\n<tr>\n<th>Material<\/th>\n<th>Vantagens<\/th>\n<th>Desvantagens<\/th>\n<\/tr>\n<tr>\n<td>Vidro<\/td>\n<td>Leveza, amplitude<\/td>\n<td>Fragilidade<\/td>\n<\/tr>\n<tr>\n<td>Metal<\/td>\n<td>Durabilidade, seguran\u00e7a<\/td>\n<td>Pode enferrujar se n\u00e3o tratado<\/td>\n<\/tr>\n<tr>\n<td>Madeira<\/td>\n<td>Aconchegante, f\u00e1cil de trabalhar<\/td>\n<td>Pode apodrecer se n\u00e3o tratado<\/td>\n<\/tr>\n<\/table>\n<h3>7. Guarda-corpo Multifuncional<\/h3>\n<p>Por \u00faltimo, temos os guarda-corpos que servem a mais de uma fun\u00e7\u00e3o. Por exemplo, um guarda-corpo que tamb\u00e9m funciona como <b>banco<\/b> ou espa\u00e7o de armazenamento pode otimizar \u00e1reas pequenas. \u00c9 uma inova\u00e7\u00e3o pr\u00e1tica que vale a pena considerar.<\/p>\n<p>Essas inova\u00e7\u00f5es n\u00e3o s\u00f3 melhoram a seguran\u00e7a, mas tamb\u00e9m d\u00e3o um <b>toque especial<\/b> na decora\u00e7\u00e3o do seu espa\u00e7o. Experimente implementar algumas dessas ideias na sua casa e veja como um simples detalhe pode transformar seu ambiente! E n\u00e3o se esque\u00e7a de compartilhar este conte\u00fado com amigos que tamb\u00e9m buscam modernizar seus espa\u00e7os.<\/p>\n<p><div class=\"youtube-embed\" data-video_id=\"2upE8aI3nhs\"><iframe title=\"Guarda corpo panor\u00e2mico em alum\u00ednio preto e vidro incolor #vidro #vidrotemperado  #guardacorpo #top\" width=\"696\" height=\"392\" src=\"https:\/\/www.youtube.com\/embed\/2upE8aI3nhs?feature=oembed&#038;enablejsapi=1\" frameborder=\"0\" allow=\"accelerometer; autoplay; clipboard-write; encrypted-media; gyroscope; picture-in-picture; web-share\" referrerpolicy=\"strict-origin-when-cross-origin\" allowfullscreen><\/iframe><\/div>\n<\/p>\n<p>Agora que voc\u00ea conhece essas inova\u00e7\u00f5es sobre guarda-corpos, que tal dar uma olhada em outros artigos sobre decora\u00e7\u00e3o e seguran\u00e7a da casa? Descubra as melhores dicas e produtos para deixar seu lar do jeito que voc\u00ea sempre sonhou!<\/p>\n","protected":false},"excerpt":{"rendered":"<p>7 Inova\u00e7\u00f5es sobre Guarda-Corpo que Voc\u00ea Precisa Conhecer<\/p>\n","protected":false},"author":102,"featured_media":156105,"comment_status":"open","ping_status":"","sticky":false,"template":"","format":"standard","meta":{"footnotes":""},"categories":[249,1484],"tags":[],"class_list":["post-156108","post","type-post","status-publish","format-standard","has-post-thumbnail","category-engenharia-e-construcao-civil","category-decoracao"],"_wp_attached_file":null,"_wp_attachment_metadata":null,"_wp_attachment_context":null,"_wp_attachment_is_custom_header":null,"geo_longitude":null,"geo_public":null,"geo_latitude":null,"_publicize_done_external":null,"_wpas_done_3897181":null,"publicize_twitter_user":null,"_wpas_done_3897175":null,"_wpas_skip_3897181":null,"_wpas_skip_3897175":null,"_wpas_skip_3924723":null,"_wpas_mess":null,"_wpas_done_3924723":null,"wps_subtitle":"","_links":{"self":[{"href":"https:\/\/www.aarquiteta.com.br\/blog\/wp-json\/wp\/v2\/posts\/156108","targetHints":{"allow":["GET"]}}],"collection":[{"href":"https:\/\/www.aarquiteta.com.br\/blog\/wp-json\/wp\/v2\/posts"}],"about":[{"href":"https:\/\/www.aarquiteta.com.br\/blog\/wp-json\/wp\/v2\/types\/post"}],"author":[{"embeddable":true,"href":"https:\/\/www.aarquiteta.com.br\/blog\/wp-json\/wp\/v2\/users\/102"}],"replies":[{"embeddable":true,"href":"https:\/\/www.aarquiteta.com.br\/blog\/wp-json\/wp\/v2\/comments?post=156108"}],"version-history":[{"count":0,"href":"https:\/\/www.aarquiteta.com.br\/blog\/wp-json\/wp\/v2\/posts\/156108\/revisions"}],"wp:featuredmedia":[{"embeddable":true,"href":"https:\/\/www.aarquiteta.com.br\/blog\/wp-json\/wp\/v2\/media\/156105"}],"wp:attachment":[{"href":"https:\/\/www.aarquiteta.com.br\/blog\/wp-json\/wp\/v2\/media?parent=156108"}],"wp:term":[{"taxonomy":"category","embeddable":true,"href":"https:\/\/www.aarquiteta.com.br\/blog\/wp-json\/wp\/v2\/categories?post=156108"},{"taxonomy":"post_tag","embeddable":true,"href":"https:\/\/www.aarquiteta.com.br\/blog\/wp-json\/wp\/v2\/tags?post=156108"}],"curies":[{"name":"wp","href":"https:\/\/api.w.org\/{rel}","templated":true}]}}