{"id":156100,"date":"2026-01-05T01:53:23","date_gmt":"2026-01-05T04:53:23","guid":{"rendered":"https:\/\/www.aarquiteta.com.br\/blog\/cor-fendi-2\/"},"modified":"2026-01-05T01:53:23","modified_gmt":"2026-01-05T04:53:23","slug":"cor-fendi-2","status":"publish","type":"post","link":"https:\/\/www.aarquiteta.com.br\/blog\/cor-fendi-2\/","title":{"rendered":"Descubra 10 jeitos de usar a cor fendi e transformar sua decora\u00e7\u00e3o"},"content":{"rendered":"<p>Quer transformar a sua decora\u00e7\u00e3o usando uma cor elegante e vers\u00e1til? A <b>cor fendi<\/b> \u00e9 a escolha perfeita! Inspirada na moda, essa tonalidade promete renovar qualquer ambiente.<\/p>\n<figure style=\"width: 1024px\" class=\"wp-caption aligncenter\"><img decoding=\"async\" src=\"https:\/\/www.aarquiteta.com.br\/blog\/wp-content\/uploads\/2026\/01\/cor-fendi01.jpg\" alt=\"cor-fendi\" width=\"1024\" height=\"1024\" title=\"\"><figcaption class=\"wp-caption-text\">cor-fendi<\/figcaption><\/figure>\n<p>No post de hoje, vou te mostrar <b>10 jeitos de usar a cor fendi<\/b> na sua casa. Essa cor, que \u00e9 uma combina\u00e7\u00e3o equilibrada de concretos e cinzas esverdeados, se destaca pela sua flexibilidade. Vamos explorar juntas essas dicas e ver como o fendi pode trazer sofistica\u00e7\u00e3o e charme ao seu espa\u00e7o!<\/p>\n<figure style=\"width: 1024px\" class=\"wp-caption aligncenter\"><img decoding=\"async\" src=\"https:\/\/www.aarquiteta.com.br\/blog\/wp-content\/uploads\/2026\/01\/cor-fendi02.jpg\" alt=\"cor-fendi\" width=\"1024\" height=\"1024\" title=\"\"><figcaption class=\"wp-caption-text\">cor-fendi<\/figcaption><\/figure>\n<h3>1. **Combina\u00e7\u00e3o com Espelhos**<\/h3>\n<p>Utilize a cor fendi em paredes combinadas com <b>espelhos<\/b>. Isso cria um efeito de amplitude e requinte no ambiente. Os espelhos refletem a luz, potencializando a sensa\u00e7\u00e3o de espa\u00e7o.<\/p>\n<figure style=\"width: 1024px\" class=\"wp-caption aligncenter\"><img decoding=\"async\" src=\"https:\/\/www.aarquiteta.com.br\/blog\/wp-content\/uploads\/2026\/01\/cor-fendi03.jpg\" alt=\"cor-fendi\" width=\"1024\" height=\"1024\" title=\"\"><figcaption class=\"wp-caption-text\">cor-fendi<\/figcaption><\/figure>\n<h3>2. **Poltronas Elegantes**<\/h3>\n<p>Apostar em <b>poltronas fendi<\/b> \u00e9 uma maneira simples de elevar o estilo da sala. Combinadas a outros elementos, elas se tornam a pe\u00e7a chave da decora\u00e7\u00e3o.<\/p>\n<h3>3. **Cortinas e Cadeiras**<\/h3>\n<p>Experimente pairar cortinas e cadeiras em tom fendi. Essa combina\u00e7\u00e3o cria uma <b>harmonia sofisticada<\/b> e unificada no espa\u00e7o, trazendo eleg\u00e2ncia.<\/p>\n<h3>4. **Pufes Requintados**<\/h3>\n<p>Os <b>pufes<\/b> em fendi s\u00e3o \u00f3timos complementos. Eles s\u00e3o vers\u00e1teis e podem ser usados em salas, quartos ou at\u00e9 ambientes externos, agregando estilo.<\/p>\n<h3>5. **Home Office Atraente**<\/h3>\n<p>Use a cor fendi nas paredes ou m\u00f3veis do seu <b>home office<\/b>. Isso pode transformar seu espa\u00e7o de trabalho em um lugar inspirador.<\/p>\n<table>\n<tr>\n<th>Uso do Fendi<\/th>\n<th>B\u00f4nus<\/th>\n<\/tr>\n<tr>\n<td>Combina\u00e7\u00e3o com espelhos<\/td>\n<td>Amplia o espa\u00e7o<\/td>\n<\/tr>\n<tr>\n<td>Poltronas elegantes<\/td>\n<td>Pe\u00e7a chave na sala<\/td>\n<\/tr>\n<tr>\n<td>Cortinas e cadeiras<\/td>\n<td>Harmonia visual<\/td>\n<\/tr>\n<tr>\n<td>Pufes requintados<\/td>\n<td>Versatilidade em ambientes<\/td>\n<\/tr>\n<tr>\n<td>Home office atraente<\/td>\n<td>Espa\u00e7o inspirador<\/td>\n<\/tr>\n<\/table>\n<h3>6. **Aposte em Pufes Maiores**<\/h3>\n<p>Pufes maiores em tom fendi trazem <b>conforto e funcionalidade<\/b>, perfeitos para uma sala de estar descontra\u00edda.<\/p>\n<p><div class=\"youtube-embed\" data-video_id=\"onaYRQ5wQiA\"><iframe title=\"Cadeiras allegra cor Fendi! #decora\u00e7\u00e3o #saladejantar  #cadeiras\" width=\"696\" height=\"392\" src=\"https:\/\/www.youtube.com\/embed\/onaYRQ5wQiA?feature=oembed&#038;enablejsapi=1\" frameborder=\"0\" allow=\"accelerometer; autoplay; clipboard-write; encrypted-media; gyroscope; picture-in-picture; web-share\" referrerpolicy=\"strict-origin-when-cross-origin\" allowfullscreen><\/iframe><\/div>\n<\/p>\n<h3>7. **Tapetes para Marcar Espa\u00e7os**<\/h3>\n<p>Invista em tapetes fendi para <b>demarcar \u00e1reas<\/b>. Eles ajudam a organizar visualmente o espa\u00e7o e agregar aconchego.<\/p>\n<h3>8. **Marcenaria Sofisticada**<\/h3>\n<p>Use o tom fendi em <b>m\u00f3veis personalizados<\/b>. Isso agrega beleza e sofistica\u00e7\u00e3o \u00e0 marcenaria, seja em cozinhas ou salas.<\/p>\n<h3>9. **Bancadas Modernas**<\/h3>\n<p>Adote a cor nas bancadas da cozinha para um <b>resultado impactante<\/b>. O fendi combina com v\u00e1rios estilos de decora\u00e7\u00e3o.<\/p>\n<h3>10. **Cozinha em Sintonia**<\/h3>\n<p>Por fim, pinte as paredes e os m\u00f3veis fendi na cozinha para criar uma <b>sintonia perfeita<\/b> entre todos os elementos decorativos.<\/p>\n<p>A <b>cor fendi<\/b> abre um vasto leque de possibilidades. Ao aplic\u00e1-la com criatividade, voc\u00ea transforma, renova e traz eleg\u00e2ncia aos seus ambientes.<\/p>\n<p>Agora que conheceu essas dicas, me conta: qual combina\u00e7\u00e3o de fendi voc\u00ea mais gostou? Adoraria ver suas ideias nos coment\u00e1rios!<\/p>\n","protected":false},"excerpt":{"rendered":"<p>Descubra 10 jeitos de usar a cor fendi e transformar sua decora\u00e7\u00e3o<\/p>\n","protected":false},"author":102,"featured_media":156097,"comment_status":"open","ping_status":"","sticky":false,"template":"","format":"standard","meta":{"footnotes":""},"categories":[1484],"tags":[],"class_list":["post-156100","post","type-post","status-publish","format-standard","has-post-thumbnail","category-decoracao"],"_wp_attached_file":null,"_wp_attachment_metadata":null,"_wp_attachment_context":null,"_wp_attachment_is_custom_header":null,"geo_longitude":null,"geo_public":null,"geo_latitude":null,"_publicize_done_external":null,"_wpas_done_3897181":null,"publicize_twitter_user":null,"_wpas_done_3897175":null,"_wpas_skip_3897181":null,"_wpas_skip_3897175":null,"_wpas_skip_3924723":null,"_wpas_mess":null,"_wpas_done_3924723":null,"wps_subtitle":"","_links":{"self":[{"href":"https:\/\/www.aarquiteta.com.br\/blog\/wp-json\/wp\/v2\/posts\/156100","targetHints":{"allow":["GET"]}}],"collection":[{"href":"https:\/\/www.aarquiteta.com.br\/blog\/wp-json\/wp\/v2\/posts"}],"about":[{"href":"https:\/\/www.aarquiteta.com.br\/blog\/wp-json\/wp\/v2\/types\/post"}],"author":[{"embeddable":true,"href":"https:\/\/www.aarquiteta.com.br\/blog\/wp-json\/wp\/v2\/users\/102"}],"replies":[{"embeddable":true,"href":"https:\/\/www.aarquiteta.com.br\/blog\/wp-json\/wp\/v2\/comments?post=156100"}],"version-history":[{"count":0,"href":"https:\/\/www.aarquiteta.com.br\/blog\/wp-json\/wp\/v2\/posts\/156100\/revisions"}],"wp:featuredmedia":[{"embeddable":true,"href":"https:\/\/www.aarquiteta.com.br\/blog\/wp-json\/wp\/v2\/media\/156097"}],"wp:attachment":[{"href":"https:\/\/www.aarquiteta.com.br\/blog\/wp-json\/wp\/v2\/media?parent=156100"}],"wp:term":[{"taxonomy":"category","embeddable":true,"href":"https:\/\/www.aarquiteta.com.br\/blog\/wp-json\/wp\/v2\/categories?post=156100"},{"taxonomy":"post_tag","embeddable":true,"href":"https:\/\/www.aarquiteta.com.br\/blog\/wp-json\/wp\/v2\/tags?post=156100"}],"curies":[{"name":"wp","href":"https:\/\/api.w.org\/{rel}","templated":true}]}}