{"id":156053,"date":"2026-01-02T17:31:31","date_gmt":"2026-01-02T20:31:31","guid":{"rendered":"https:\/\/www.aarquiteta.com.br\/blog\/escada-de-concreto-2\/"},"modified":"2026-01-02T17:31:31","modified_gmt":"2026-01-02T20:31:31","slug":"escada-de-concreto-2","status":"publish","type":"post","link":"https:\/\/www.aarquiteta.com.br\/blog\/escada-de-concreto-2\/","title":{"rendered":"10 Inspira\u00e7\u00f5es para Escadas de Concreto que Transformam Ambientes"},"content":{"rendered":"<p>As escadas de concreto s\u00e3o a solu\u00e7\u00e3o perfeita para transformar qualquer ambiente. Elas trazem praticidade e um visual moderno, ideal para quem busca eleg\u00e2ncia e durabilidade.<\/p>\n<figure style=\"width: 1024px\" class=\"wp-caption aligncenter\"><img decoding=\"async\" src=\"https:\/\/www.aarquiteta.com.br\/blog\/wp-content\/uploads\/2026\/01\/escada-de-concreto01.jpg\" alt=\"escada-de-concreto\" width=\"1024\" height=\"1024\" title=\"\"><figcaption class=\"wp-caption-text\">escada-de-concreto<\/figcaption><\/figure>\n<h3>10 Inspira\u00e7\u00f5es para Escadas de Concreto que Transformam Ambientes<\/h3>\n<p>Voc\u00ea j\u00e1 pensou em como uma escada pode fazer diferen\u00e7a na decora\u00e7\u00e3o da sua casa? <b>As escadas em concreto<\/b> s\u00e3o uma escolha vers\u00e1til e cheia de estilo. Elas n\u00e3o apenas conectam espa\u00e7os, mas tamb\u00e9m se tornam verdadeiros elementos decorativos. Vamos explorar algumas inspira\u00e7\u00f5es de escadas de concreto que v\u00e3o te surpreender!<\/p>\n<figure style=\"width: 1024px\" class=\"wp-caption aligncenter\"><img decoding=\"async\" src=\"https:\/\/www.aarquiteta.com.br\/blog\/wp-content\/uploads\/2026\/01\/escada-de-concreto02.jpg\" alt=\"escada-de-concreto\" width=\"1024\" height=\"1024\" title=\"\"><figcaption class=\"wp-caption-text\">escada-de-concreto<\/figcaption><\/figure>\n<ul>\n<li><b>1. Integrada \u00e0 natureza:<\/b> Uma escada de cimento queimado que se harmoniza com um lindo jardim pode criar um ambiente acolhedor.<\/li>\n<li><b>2. M\u00faltiplos materiais:<\/b> Combine o concreto com madeira ou pedras para um acabamento mais sofisticado. O toque natural valoriza a escada.<\/li>\n<li><b>3. Escada em espiral:<\/b> Uma escada de formato especial cria um ponto focal incr\u00edvel, misturando concreto e pedras para um visual moderno.<\/li>\n<li><b>4. Minimalismo elegante:<\/b> Degraus flutuantes de concreto e madeira escura se complementam, trazendo um design limpo e sofisticado.<\/li>\n<li><b>5. Estilo r\u00fastico:<\/b> Escadas que conectam o interior e o exterior, com bitulas ou paredes naturais ao redor, trazem um charme especial.<\/li>\n<li><b>6. Pinturas personalizadas:<\/b> Uma dem\u00e3o de tinta colorida pode revitalizar a sua escada, tornando-a \u00fanica e cheia de personalidade.<\/li>\n<li><b>7. Ilumina\u00e7\u00e3o destacada:<\/b> A luz direcionada nos degraus faz toda a diferen\u00e7a, criando um ambiente aconchegante e convidativo.<\/li>\n<li><b>8. Guarda-corpo de vidro:<\/b> Misturar seguran\u00e7a com beleza \u00e9 poss\u00edvel ao usar vidro como guarda-corpo, valorizando a vista.<\/li>\n<li><b>9. Espa\u00e7o para descanso:<\/b> Que tal um cantinho de leitura embaixo da escada? Um espa\u00e7o bem pensado pode ser um diferencial.<\/li>\n<li><b>10. Concreto por toda parte:<\/b> O uso do cimento queimado em diferentes \u00e1reas da casa cria unidade e um visual contempor\u00e2neo.<\/li>\n<\/ul>\n<table>\n<tr>\n<th>Estilo<\/th>\n<th>Materiais<\/th>\n<th>Caracter\u00edsticas<\/th>\n<\/tr>\n<tr>\n<td>Integrada \u00e0 natureza<\/td>\n<td>Concreto, vidro<\/td>\n<td>Harmonia com janelas amplas e jardins<\/td>\n<\/tr>\n<tr>\n<td>Minimalista<\/td>\n<td>Concreto, madeira<\/td>\n<td>Destaque para a simplicidade e eleg\u00e2ncia<\/td>\n<\/tr>\n<tr>\n<td>Espa\u00e7o de descanso<\/td>\n<td>Concreto, almofadas<\/td>\n<td>Canto aconchegante, ideal para leitura<\/td>\n<\/tr>\n<\/table>\n<p>As escadas de concreto s\u00e3o verdadeiros <b>divisores de \u00e1gua<\/b> em projetos de interiores. Com criatividade, elas podem assumir diferentes formas, cores e texturas, contribuindo para a ambienta\u00e7\u00e3o.<\/p>\n<figure style=\"width: 1024px\" class=\"wp-caption aligncenter\"><img decoding=\"async\" src=\"https:\/\/www.aarquiteta.com.br\/blog\/wp-content\/uploads\/2026\/01\/escada-de-concreto03.jpg\" alt=\"escada-de-concreto\" width=\"1024\" height=\"1024\" title=\"\"><figcaption class=\"wp-caption-text\">escada-de-concreto<\/figcaption><\/figure>\n<p>Ent\u00e3o, que tal investir em uma escada de concreto para a sua casa? <b>Essa escolha pode transformar<\/b> o seu espa\u00e7o e ainda valorizar o im\u00f3vel. Comente abaixo qual dessas inspira\u00e7\u00f5es voc\u00ea mais gostou e compartilhe suas ideias!<\/p>\n<p><div class=\"youtube-embed\" data-video_id=\"JkjqUhmBKR8\"><iframe title=\"Caixaria da escada finalizado! #pedreiro #obras #constru\u00e7\u00e3o #reforma #engenheiro\" width=\"696\" height=\"392\" src=\"https:\/\/www.youtube.com\/embed\/JkjqUhmBKR8?feature=oembed&#038;enablejsapi=1\" frameborder=\"0\" allow=\"accelerometer; autoplay; clipboard-write; encrypted-media; gyroscope; picture-in-picture; web-share\" referrerpolicy=\"strict-origin-when-cross-origin\" allowfullscreen><\/iframe><\/div><\/p>\n","protected":false},"excerpt":{"rendered":"<p>10 Inspira\u00e7\u00f5es para Escadas de Concreto que Transformam Ambientes<\/p>\n","protected":false},"author":102,"featured_media":156050,"comment_status":"open","ping_status":"","sticky":false,"template":"","format":"standard","meta":{"footnotes":""},"categories":[249,1484],"tags":[],"class_list":["post-156053","post","type-post","status-publish","format-standard","has-post-thumbnail","category-engenharia-e-construcao-civil","category-decoracao"],"_wp_attached_file":null,"_wp_attachment_metadata":null,"_wp_attachment_context":null,"_wp_attachment_is_custom_header":null,"geo_longitude":null,"geo_public":null,"geo_latitude":null,"_publicize_done_external":null,"_wpas_done_3897181":null,"publicize_twitter_user":null,"_wpas_done_3897175":null,"_wpas_skip_3897181":null,"_wpas_skip_3897175":null,"_wpas_skip_3924723":null,"_wpas_mess":null,"_wpas_done_3924723":null,"wps_subtitle":"","_links":{"self":[{"href":"https:\/\/www.aarquiteta.com.br\/blog\/wp-json\/wp\/v2\/posts\/156053","targetHints":{"allow":["GET"]}}],"collection":[{"href":"https:\/\/www.aarquiteta.com.br\/blog\/wp-json\/wp\/v2\/posts"}],"about":[{"href":"https:\/\/www.aarquiteta.com.br\/blog\/wp-json\/wp\/v2\/types\/post"}],"author":[{"embeddable":true,"href":"https:\/\/www.aarquiteta.com.br\/blog\/wp-json\/wp\/v2\/users\/102"}],"replies":[{"embeddable":true,"href":"https:\/\/www.aarquiteta.com.br\/blog\/wp-json\/wp\/v2\/comments?post=156053"}],"version-history":[{"count":0,"href":"https:\/\/www.aarquiteta.com.br\/blog\/wp-json\/wp\/v2\/posts\/156053\/revisions"}],"wp:featuredmedia":[{"embeddable":true,"href":"https:\/\/www.aarquiteta.com.br\/blog\/wp-json\/wp\/v2\/media\/156050"}],"wp:attachment":[{"href":"https:\/\/www.aarquiteta.com.br\/blog\/wp-json\/wp\/v2\/media?parent=156053"}],"wp:term":[{"taxonomy":"category","embeddable":true,"href":"https:\/\/www.aarquiteta.com.br\/blog\/wp-json\/wp\/v2\/categories?post=156053"},{"taxonomy":"post_tag","embeddable":true,"href":"https:\/\/www.aarquiteta.com.br\/blog\/wp-json\/wp\/v2\/tags?post=156053"}],"curies":[{"name":"wp","href":"https:\/\/api.w.org\/{rel}","templated":true}]}}