{"id":155998,"date":"2025-12-30T17:31:57","date_gmt":"2025-12-30T20:31:57","guid":{"rendered":"https:\/\/www.aarquiteta.com.br\/blog\/piso-de-madeira-3\/"},"modified":"2025-12-30T17:31:57","modified_gmt":"2025-12-30T20:31:57","slug":"piso-de-madeira-3","status":"publish","type":"post","link":"https:\/\/www.aarquiteta.com.br\/blog\/piso-de-madeira-3\/","title":{"rendered":"7 Inova\u00e7\u00f5es"},"content":{"rendered":"<p>Voc\u00ea j\u00e1 pensou como um simples <b>detalhe<\/b> pode revolucionar a decora\u00e7\u00e3o da sua casa? O piso de madeira \u00e9 um desses elementos que traz tanto estilo quanto aconchego. Vamos explorar juntos algumas inova\u00e7\u00f5es e ideias sobre como usar esse revestimento cl\u00e1ssico!<\/p>\n<figure style=\"width: 1024px\" class=\"wp-caption aligncenter\"><img decoding=\"async\" src=\"https:\/\/www.aarquiteta.com.br\/blog\/wp-content\/uploads\/2025\/12\/piso-de-madeira01.jpg\" alt=\"piso-de-madeira\" width=\"1024\" height=\"1024\" title=\"\"><figcaption class=\"wp-caption-text\">piso-de-madeira<\/figcaption><\/figure>\n<h3>1. Piso de Madeira: A Eleg\u00e2ncia Cl\u00e1ssica<\/h3>\n<p>O piso de <b>madeira<\/b> \u00e9 conhecido pela sua beleza e sofistica\u00e7\u00e3o. Ele \u00e9 perfeito para quem deseja criar um ambiente acolhedor. Al\u00e9m disso, a madeira ajuda a aquecer o espa\u00e7o, sendo ideal para regi\u00f5es mais frias. Voc\u00ea sabia que, segundo especialistas, esse tipo de piso \u00e9 f\u00e1cil de instalar e manter?<\/p>\n<figure style=\"width: 1024px\" class=\"wp-caption aligncenter\"><img decoding=\"async\" src=\"https:\/\/www.aarquiteta.com.br\/blog\/wp-content\/uploads\/2025\/12\/piso-de-madeira02.jpg\" alt=\"piso-de-madeira\" width=\"1024\" height=\"1024\" title=\"\"><figcaption class=\"wp-caption-text\">piso-de-madeira<\/figcaption><\/figure>\n<h3>2. Tipos de Piso de Madeira<\/h3>\n<p>Existem diferentes tipos de <b>pisos de madeira<\/b>, como o laminado e o de madeira maci\u00e7a. Analisando o espa\u00e7o dispon\u00edvel e o or\u00e7amento, voc\u00ea pode encontrar a op\u00e7\u00e3o perfeita. Todos eles trazem um charme especial para os ambientes.<\/p>\n<figure style=\"width: 1024px\" class=\"wp-caption aligncenter\"><img decoding=\"async\" src=\"https:\/\/www.aarquiteta.com.br\/blog\/wp-content\/uploads\/2025\/12\/piso-de-madeira03.jpg\" alt=\"piso-de-madeira\" width=\"1024\" height=\"1024\" title=\"\"><figcaption class=\"wp-caption-text\">piso-de-madeira<\/figcaption><\/figure>\n<h3>3. Criando Ambientes Aconchegantes<\/h3>\n<p>Com o piso de madeira, \u00e9 poss\u00edvel criar uma sensa\u00e7\u00e3o de aconchego. Voc\u00ea pode usar <b>m\u00f3veis<\/b> nos mesmos tons para criar harmonia. Tons variados tamb\u00e9m podem ser utilizados para dar um toque especial a cada espa\u00e7o!<\/p>\n<h3>4. Combina\u00e7\u00f5es Inusitadas<\/h3>\n<p>Que tal experimentar uma <b>combina\u00e7\u00e3o<\/b> de cores? Cores mais escuras nos m\u00f3veis destacam a beleza do piso. Voc\u00ea pode criar ambientes encantadores com contrastes, resultando em uma decora\u00e7\u00e3o \u00fanica e marcante.<\/p>\n<h3>5. Installando a Diversidade<\/h3>\n<p>Uma inova\u00e7\u00e3o interessante \u00e9 aplicar o piso de madeira em <b>dire\u00e7\u00f5es<\/b> variadas. Isso pode criar um efeito visual \u00fanico que traz muito mais charme para o ambiente. Al\u00e9m disso, grande parte desses pisos pode ser instalada sem necessidade de obra complicada.<\/p>\n<h3>6. Tabela de Compara\u00e7\u00e3o de Pisos<\/h3>\n<table border=\"1\">\n<tr>\n<th>Tipo de Piso<\/th>\n<th>Vantagens<\/th>\n<th>Desvantagens<\/th>\n<\/tr>\n<tr>\n<td>Piso Laminado<\/td>\n<td>Pre\u00e7o acess\u00edvel, f\u00e1cil manuten\u00e7\u00e3o<\/td>\n<td>Menos dur\u00e1vel em compara\u00e7\u00e3o a madeira maci\u00e7a<\/td>\n<\/tr>\n<tr>\n<td>Madeira Maci\u00e7a<\/td>\n<td>Alta durabilidade, apar\u00eancia sofisticada<\/td>\n<td>Pre\u00e7o mais elevado, necessita mais cuidado<\/td>\n<\/tr>\n<\/table>\n<h3>7. Conclus\u00e3o e Chamada \u00e0 A\u00e7\u00e3o<\/h3>\n<p>Se voc\u00ea busca um toque <b>especial<\/b> para o seu lar, aposte no piso de madeira! Este revestimento traz n\u00e3o apenas beleza, mas tamb\u00e9m aconchego e eleg\u00e2ncia. Que tal deixar a sua casa ainda mais charmosa? Explore mais sobre decora\u00e7\u00e3o e inspire-se em nosso blog!<\/p>\n<p>Para mais dicas, n\u00e3o deixe de conferir nosso conte\u00fado sobre cores ou ilumina\u00e7\u00e3o para embelezar ainda mais a sua casa!<\/p>\n<p><div class=\"youtube-embed\" data-video_id=\"1zgo9G2LI1M\"><iframe title=\"TIPOS DE PISO DE MADEIRA PARA SUA CASA OU APARTAMENTO\" width=\"696\" height=\"392\" src=\"https:\/\/www.youtube.com\/embed\/1zgo9G2LI1M?feature=oembed&#038;enablejsapi=1\" frameborder=\"0\" allow=\"accelerometer; autoplay; clipboard-write; encrypted-media; gyroscope; picture-in-picture; web-share\" referrerpolicy=\"strict-origin-when-cross-origin\" allowfullscreen><\/iframe><\/div><\/p>\n","protected":false},"excerpt":{"rendered":"<p>7 Inova\u00e7\u00f5es<\/p>\n","protected":false},"author":102,"featured_media":155995,"comment_status":"open","ping_status":"","sticky":false,"template":"","format":"standard","meta":{"footnotes":""},"categories":[249,1484],"tags":[],"class_list":["post-155998","post","type-post","status-publish","format-standard","has-post-thumbnail","category-engenharia-e-construcao-civil","category-decoracao"],"_wp_attached_file":null,"_wp_attachment_metadata":null,"_wp_attachment_context":null,"_wp_attachment_is_custom_header":null,"geo_longitude":null,"geo_public":null,"geo_latitude":null,"_publicize_done_external":null,"_wpas_done_3897181":null,"publicize_twitter_user":null,"_wpas_done_3897175":null,"_wpas_skip_3897181":null,"_wpas_skip_3897175":null,"_wpas_skip_3924723":null,"_wpas_mess":null,"_wpas_done_3924723":null,"wps_subtitle":"","_links":{"self":[{"href":"https:\/\/www.aarquiteta.com.br\/blog\/wp-json\/wp\/v2\/posts\/155998","targetHints":{"allow":["GET"]}}],"collection":[{"href":"https:\/\/www.aarquiteta.com.br\/blog\/wp-json\/wp\/v2\/posts"}],"about":[{"href":"https:\/\/www.aarquiteta.com.br\/blog\/wp-json\/wp\/v2\/types\/post"}],"author":[{"embeddable":true,"href":"https:\/\/www.aarquiteta.com.br\/blog\/wp-json\/wp\/v2\/users\/102"}],"replies":[{"embeddable":true,"href":"https:\/\/www.aarquiteta.com.br\/blog\/wp-json\/wp\/v2\/comments?post=155998"}],"version-history":[{"count":0,"href":"https:\/\/www.aarquiteta.com.br\/blog\/wp-json\/wp\/v2\/posts\/155998\/revisions"}],"wp:featuredmedia":[{"embeddable":true,"href":"https:\/\/www.aarquiteta.com.br\/blog\/wp-json\/wp\/v2\/media\/155995"}],"wp:attachment":[{"href":"https:\/\/www.aarquiteta.com.br\/blog\/wp-json\/wp\/v2\/media?parent=155998"}],"wp:term":[{"taxonomy":"category","embeddable":true,"href":"https:\/\/www.aarquiteta.com.br\/blog\/wp-json\/wp\/v2\/categories?post=155998"},{"taxonomy":"post_tag","embeddable":true,"href":"https:\/\/www.aarquiteta.com.br\/blog\/wp-json\/wp\/v2\/tags?post=155998"}],"curies":[{"name":"wp","href":"https:\/\/api.w.org\/{rel}","templated":true}]}}