{"id":155994,"date":"2025-12-30T09:53:20","date_gmt":"2025-12-30T12:53:20","guid":{"rendered":"https:\/\/www.aarquiteta.com.br\/blog\/ideias-para-separar-a-cozinha-da-lavanderia-6\/"},"modified":"2025-12-30T09:53:20","modified_gmt":"2025-12-30T12:53:20","slug":"ideias-para-separar-a-cozinha-da-lavanderia-6","status":"publish","type":"post","link":"https:\/\/www.aarquiteta.com.br\/blog\/ideias-para-separar-a-cozinha-da-lavanderia-6\/","title":{"rendered":"10 Inspira\u00e7\u00f5es para Separar a Cozinha da Lavanderia com Estilo"},"content":{"rendered":"<p>Voc\u00ea gostaria de separar a cozinha da lavanderia com <b>estilo<\/b> e funcionalidade? Aqui vou te dar 10 inspira\u00e7\u00f5es incr\u00edveis para voc\u00ea criar esse espa\u00e7o de forma elegante e pr\u00e1tica!<\/p>\n<figure style=\"width: 1024px\" class=\"wp-caption aligncenter\"><img decoding=\"async\" src=\"https:\/\/www.aarquiteta.com.br\/blog\/wp-content\/uploads\/2025\/12\/ideias-para-separar-a-cozinha-da-lavanderia01-1.jpg\" alt=\"ideias-para-separar-a-cozinha-da-lavanderia\" width=\"1024\" height=\"1024\" title=\"\"><figcaption class=\"wp-caption-text\">ideias-para-separar-a-cozinha-da-lavanderia<\/figcaption><\/figure>\n<h2>10 Inspira\u00e7\u00f5es para Separar a Cozinha da Lavanderia com Estilo<\/h2>\n<p>Integrar ambientes \u00e9 uma tend\u00eancia, especialmente em apartamentos pequenos. Por\u00e9m, <b>separar a cozinha da lavanderia<\/b> \u00e9 essencial para manter a harmonia e a organiza\u00e7\u00e3o na casa. Voc\u00ea n\u00e3o gostaria que suas visitas vissem suas roupas sujas ou itens de limpeza, certo? Aqui est\u00e3o algumas dicas que v\u00e3o te surpreender!<\/p>\n<figure style=\"width: 1024px\" class=\"wp-caption aligncenter\"><img decoding=\"async\" src=\"https:\/\/www.aarquiteta.com.br\/blog\/wp-content\/uploads\/2025\/12\/ideias-para-separar-a-cozinha-da-lavanderia02-1.jpg\" alt=\"ideias-para-separar-a-cozinha-da-lavanderia\" width=\"1024\" height=\"1024\" title=\"\"><figcaption class=\"wp-caption-text\">ideias-para-separar-a-cozinha-da-lavanderia<\/figcaption><\/figure>\n<h3>1. Pel\u00edcula Jateada<\/h3>\n<p>A pel\u00edcula jateada \u00e9 uma op\u00e7\u00e3o <b>acess\u00edvel<\/b> e r\u00e1pida. Ela proporciona ilumina\u00e7\u00e3o e esconde o que n\u00e3o queremos mostrar da lavanderia.<\/p>\n<figure style=\"width: 1024px\" class=\"wp-caption aligncenter\"><img decoding=\"async\" src=\"https:\/\/www.aarquiteta.com.br\/blog\/wp-content\/uploads\/2025\/12\/ideias-para-separar-a-cozinha-da-lavanderia03-1.jpg\" alt=\"ideias-para-separar-a-cozinha-da-lavanderia\" width=\"1024\" height=\"1024\" title=\"\"><figcaption class=\"wp-caption-text\">ideias-para-separar-a-cozinha-da-lavanderia<\/figcaption><\/figure>\n<h3>2. Divis\u00f3ria de Vidro com Efeito Persiana<\/h3>\n<p>Essa solu\u00e7\u00e3o deixa a lavanderia semi-aberta, mantendo a <b>organiza\u00e7\u00e3o<\/b>. Recomendo para quem gosta de um toque moderno no ambiente.<\/p>\n<h3>3. Porta de Correr Colorida<\/h3>\n<p>Uma porta de correr pode ser colorida, combinando com a decora\u00e7\u00e3o da cozinha. \u00c9 pr\u00e1tico: basta <b>fechar para receber visitas<\/b> e abrir para o dia a dia.<\/p>\n<h3>4. Divis\u00f3ria com Cobog\u00f3<\/h3>\n<p>Os cobog\u00f3s s\u00e3o \u00f3timos para garantir passagem de luz e ventila\u00e7\u00e3o. Eles trazem um apelo <b>decorativo<\/b> e s\u00e3o uma tend\u00eancia em alta.<\/p>\n<h3>5. Painel de Madeira<\/h3>\n<p>Um painel de madeira pode conferir um charme \u00fanico ao ambiente. Se a ideia \u00e9 bloquear a luz da lavanderia, essa \u00e9 uma <b>boa op\u00e7\u00e3o<\/b>.<\/p>\n<h3>6. Divis\u00f3ria de A\u00e7o e Vidro<\/h3>\n<p>A mistura de a\u00e7o e vidro cria um visual <b>arrojado<\/b> e muito sofisticado. Add personalidade \u00e0 sua casa com essa op\u00e7\u00e3o criativa.<\/p>\n<p><div class=\"youtube-embed\" data-video_id=\"34KedJxmz3Q\"><iframe title=\"Integra\u00e7\u00e3o total: cozinha, lavanderia e churrasqueira. Tudo com m\u00f3veis planejados feitos pela Biblos\" width=\"696\" height=\"392\" src=\"https:\/\/www.youtube.com\/embed\/34KedJxmz3Q?feature=oembed&#038;enablejsapi=1\" frameborder=\"0\" allow=\"accelerometer; autoplay; clipboard-write; encrypted-media; gyroscope; picture-in-picture; web-share\" referrerpolicy=\"strict-origin-when-cross-origin\" allowfullscreen><\/iframe><\/div>\n<\/p>\n<h3>7. Vidro Canelado<\/h3>\n<p>Este tipo de vidro proporciona um visual incr\u00edvel com suas texturas. Ele concede privacidade sem escurecer o ambiente, garantindo <b>luminosidade<\/b>.<\/p>\n<h3>8. Ripas de Madeira<\/h3>\n<p>As ripas de madeira vazadas proporcionam uma divis\u00e3o que \u00e9 ao mesmo tempo funcional e esteticamente agrad\u00e1vel. Elas permitem que a luz passe, conferindo um <b>toque natural<\/b>.<\/p>\n<h3>9. Box para Lavanderia<\/h3>\n<p>Semelhante a um box de banheiro, essa ideia isola a lavanderia e pode ser customizada com cores que combinam com a decora\u00e7\u00e3o. Extremamente <b>pr\u00e1tica<\/b>.<\/p>\n<h3>10. Porta de Correr Met\u00e1lica<\/h3>\n<p>Uma op\u00e7\u00e3o moderna que combina vidro e metal. \u00c9 uma escolha sofisticada que pode se tornar um verdadeiro <b>templo decorativo<\/b> dentro da sua casa!<\/p>\n<table>\n<tr>\n<th>Inspira\u00e7\u00e3o<\/th>\n<th>Caracter\u00edsticas<\/th>\n<\/tr>\n<tr>\n<td>Pel\u00edcula Jateada<\/td>\n<td>Acess\u00edvel, permite luz e oculta a bagun\u00e7a<\/td>\n<\/tr>\n<tr>\n<td>Divis\u00f3ria de Vidro<\/td>\n<td>Moderna, semi-aberta, necessidade de organiza\u00e7\u00e3o<\/td>\n<\/tr>\n<tr>\n<td>Porta de Correr<\/td>\n<td>Colorida, pr\u00e1tica, intera\u00e7\u00e3o com o espa\u00e7o<\/td>\n<\/tr>\n<tr>\n<td>Cobog\u00f3<\/td>\n<td>Decorativo, permite luz e ventila\u00e7\u00e3o<\/td>\n<\/tr>\n<tr>\n<td>Painel de Madeira<\/td>\n<td>Charmoso, bloqueia luz<\/td>\n<\/tr>\n<\/table>\n<p>Com essas <b>inspiradoras ideias<\/b>, acredito que voc\u00ea possa transformar a sua cozinha e lavanderia na continuidade perfeita de um lar acolhedor. Espero que tenha ficado inspirado a repensar essa divis\u00e3o!<\/p>\n<p>Gostou desse conte\u00fado? <b>Comente abaixo<\/b> qual dessas ideias voc\u00ea achou mais criativa ou compartilhe com algu\u00e9m que tamb\u00e9m est\u00e1 reformando a casa! E n\u00e3o se esque\u00e7a de continuar navegando por mais dicas de decora\u00e7\u00e3o incr\u00edveis!<\/p>\n","protected":false},"excerpt":{"rendered":"<p>10 Inspira\u00e7\u00f5es para Separar a Cozinha da Lavanderia com Estilo<\/p>\n","protected":false},"author":102,"featured_media":155991,"comment_status":"open","ping_status":"","sticky":false,"template":"","format":"standard","meta":{"footnotes":""},"categories":[1484],"tags":[],"class_list":["post-155994","post","type-post","status-publish","format-standard","has-post-thumbnail","category-decoracao"],"_wp_attached_file":null,"_wp_attachment_metadata":null,"_wp_attachment_context":null,"_wp_attachment_is_custom_header":null,"geo_longitude":null,"geo_public":null,"geo_latitude":null,"_publicize_done_external":null,"_wpas_done_3897181":null,"publicize_twitter_user":null,"_wpas_done_3897175":null,"_wpas_skip_3897181":null,"_wpas_skip_3897175":null,"_wpas_skip_3924723":null,"_wpas_mess":null,"_wpas_done_3924723":null,"wps_subtitle":"","_links":{"self":[{"href":"https:\/\/www.aarquiteta.com.br\/blog\/wp-json\/wp\/v2\/posts\/155994","targetHints":{"allow":["GET"]}}],"collection":[{"href":"https:\/\/www.aarquiteta.com.br\/blog\/wp-json\/wp\/v2\/posts"}],"about":[{"href":"https:\/\/www.aarquiteta.com.br\/blog\/wp-json\/wp\/v2\/types\/post"}],"author":[{"embeddable":true,"href":"https:\/\/www.aarquiteta.com.br\/blog\/wp-json\/wp\/v2\/users\/102"}],"replies":[{"embeddable":true,"href":"https:\/\/www.aarquiteta.com.br\/blog\/wp-json\/wp\/v2\/comments?post=155994"}],"version-history":[{"count":0,"href":"https:\/\/www.aarquiteta.com.br\/blog\/wp-json\/wp\/v2\/posts\/155994\/revisions"}],"wp:featuredmedia":[{"embeddable":true,"href":"https:\/\/www.aarquiteta.com.br\/blog\/wp-json\/wp\/v2\/media\/155991"}],"wp:attachment":[{"href":"https:\/\/www.aarquiteta.com.br\/blog\/wp-json\/wp\/v2\/media?parent=155994"}],"wp:term":[{"taxonomy":"category","embeddable":true,"href":"https:\/\/www.aarquiteta.com.br\/blog\/wp-json\/wp\/v2\/categories?post=155994"},{"taxonomy":"post_tag","embeddable":true,"href":"https:\/\/www.aarquiteta.com.br\/blog\/wp-json\/wp\/v2\/tags?post=155994"}],"curies":[{"name":"wp","href":"https:\/\/api.w.org\/{rel}","templated":true}]}}