{"id":155970,"date":"2025-12-29T01:53:51","date_gmt":"2025-12-29T04:53:51","guid":{"rendered":"https:\/\/www.aarquiteta.com.br\/blog\/prateleira-para-plantas-6\/"},"modified":"2025-12-29T01:53:51","modified_gmt":"2025-12-29T04:53:51","slug":"prateleira-para-plantas-6","status":"publish","type":"post","link":"https:\/\/www.aarquiteta.com.br\/blog\/prateleira-para-plantas-6\/","title":{"rendered":"10 Inspira\u00e7\u00f5es de prateleiras para plantas que v\u00e3o transformar sua decora\u00e7\u00e3o"},"content":{"rendered":"<p><b>Transformar a decora\u00e7\u00e3o da sua casa agora ficou mais f\u00e1cil!<\/b> Com prateleiras para plantas, voc\u00ea traz vida e frescor para os ambientes. Al\u00e9m disso, elas s\u00e3o pr\u00e1ticas e capazes de dar aquele toque especial que a sua casa merece.<\/p>\n<figure style=\"width: 1024px\" class=\"wp-caption aligncenter\"><img decoding=\"async\" src=\"https:\/\/www.aarquiteta.com.br\/blog\/wp-content\/uploads\/2025\/12\/prateleira-para-plantas01.jpg\" alt=\"prateleira-para-plantas\" width=\"1024\" height=\"1024\" title=\"\"><figcaption class=\"wp-caption-text\">prateleira-para-plantas<\/figcaption><\/figure>\n<p>Vamos explorar <b>10 inspira\u00e7\u00f5es incr\u00edveis de prateleiras para plantas<\/b>. Com estas ideias, voc\u00ea vai poder criar um espa\u00e7o \u00fanico e cheio de personalidade. Neste artigo, tamb\u00e9m vou compartilhar dicas e truques para encontrar o modelo perfeito para o seu lar.<\/p>\n<figure style=\"width: 1024px\" class=\"wp-caption aligncenter\"><img decoding=\"async\" src=\"https:\/\/www.aarquiteta.com.br\/blog\/wp-content\/uploads\/2025\/12\/prateleira-para-plantas02.jpg\" alt=\"prateleira-para-plantas\" width=\"1024\" height=\"1024\" title=\"\"><figcaption class=\"wp-caption-text\">prateleira-para-plantas<\/figcaption><\/figure>\n<h3>1. Conjunto de prateleiras supermoderno<\/h3>\n<p>Um conjunto de prateleiras em diferentes alturas garante personalidade \u00e0 decora\u00e7\u00e3o. <b>Plantas variadas<\/b> ajudam a compor um ambiente contempor\u00e2neo.<\/p>\n<figure style=\"width: 1024px\" class=\"wp-caption aligncenter\"><img decoding=\"async\" src=\"https:\/\/www.aarquiteta.com.br\/blog\/wp-content\/uploads\/2025\/12\/prateleira-para-plantas03.jpg\" alt=\"prateleira-para-plantas\" width=\"1024\" height=\"1024\" title=\"\"><figcaption class=\"wp-caption-text\">prateleira-para-plantas<\/figcaption><\/figure>\n<h3>2. Aproveitando cada cantinho<\/h3>\n<p>At\u00e9 mesmo aqueles espa\u00e7os menores podem ser aproveitados com prateleiras criativas. Uma <b>prateleira suspensa<\/b> no canto deixa o ambiente mais aconchegante.<\/p>\n<h3>3. Madeira pinus: a escolha ideal<\/h3>\n<p>A madeira pinus \u00e9 uma op\u00e7\u00e3o <b>acess\u00edvel e bonita<\/b>. Seu visual r\u00fastico combina com diversos estilos.<\/p>\n<h3>4. Prateleiras altas para plantas pendentes<\/h3>\n<p>Prateleiras mais altas s\u00e3o perfeitas para aquelas plantas que possuem <b>folhagens pendentes<\/b>, trazendo um efeito visual incr\u00edvel.<\/p>\n<h3>5. Pegboard: a solu\u00e7\u00e3o inovadora<\/h3>\n<p>Um pegboard \u00e9 uma excelente alternativa. Ele permite que voc\u00ea <b>organize as plantas de forma funcional<\/b> e estilosa.<\/p>\n<h3>6. As imbat\u00edveis m\u00e3os francesas<\/h3>\n<p>As m\u00e3os francesas n\u00e3o s\u00e3o apenas funcionais, mas tamb\u00e9m trazem um charme especial ao visual da prateleira. <b>Um toque de eleg\u00e2ncia<\/b> que vale a pena!<\/p>\n<p><div class=\"youtube-embed\" data-video_id=\"5rrEtDZ7PoU\"><iframe title=\"100 ideias de estantes e prateleiras para voc\u00ea organizar o cantinho das plantas!\" width=\"696\" height=\"522\" src=\"https:\/\/www.youtube.com\/embed\/5rrEtDZ7PoU?feature=oembed&#038;enablejsapi=1\" frameborder=\"0\" allow=\"accelerometer; autoplay; clipboard-write; encrypted-media; gyroscope; picture-in-picture; web-share\" referrerpolicy=\"strict-origin-when-cross-origin\" allowfullscreen><\/iframe><\/div>\n<\/p>\n<h3>7. Macram\u00ea para um efeito delicado<\/h3>\n<p>Usar t\u00e9cnicas de macram\u00ea para suportar vasos \u00e9 uma tend\u00eancia que adiciona um toque <b>artesanal \u00e0 decora\u00e7\u00e3o<\/b>.<\/p>\n<h3>8. Diversidade de materiais<\/h3>\n<p>Embora a madeira seja popular, o metal e a corda tamb\u00e9m fazem maravilhas. O ideal \u00e9 escolher algo que harmonize com o seu estilo. <b>Estilos industriais e r\u00fasticos s\u00e3o super valorizados!<\/b><\/p>\n<h3>9. A varanda como protagonista<\/h3>\n<p>Espa\u00e7os como a varanda s\u00e3o perfeitos para criar uma <b>urban jungle<\/b>. Flores e folhagens trazem alegria ao ambiente.<\/p>\n<h3>10. Prateleiras para todos os tamanhos<\/h3>\n<p>Voc\u00ea pode optar por prateleiras pequenas ou grandes, dependendo do espa\u00e7o que tiver. O essencial \u00e9 usar sua criatividade para <b>transformar a decora\u00e7\u00e3o<\/b>!<\/p>\n<table>\n<tr>\n<th>Inspira\u00e7\u00e3o<\/th>\n<th>Descri\u00e7\u00e3o<\/th>\n<\/tr>\n<tr>\n<td>Conjunto moderno<\/td>\n<td>Alturas variadas e plantas diferentes.<\/td>\n<\/tr>\n<tr>\n<td>Cantinhos aproveitados<\/td>\n<td>Prateleiras suspensas em espa\u00e7os menores.<\/td>\n<\/tr>\n<tr>\n<td>Madeira pinus<\/td>\n<td>Bonita e acess\u00edvel.<\/td>\n<\/tr>\n<tr>\n<td>Prateleiras altas<\/td>\n<td>Ideais para plantas pendentes.<\/td>\n<\/tr>\n<tr>\n<td>Pegboard<\/td>\n<td>Funcional e estiloso.<\/td>\n<\/tr>\n<\/table>\n<p>Inspire-se tamb\u00e9m em tutoriais que ensinam a fazer sua pr\u00f3pria prateleira. Tem tanta op\u00e7\u00e3o incr\u00edvel por a\u00ed! <b>Plantas s\u00e3o terapia<\/b> e trazem vida para qualquer ambiente.<\/p>\n<p>Agora que voc\u00ea viu essas ideias, que tal escolher a sua favorita e come\u00e7ar a transforma\u00e7\u00e3o? Comente aqui embaixo qual modelo voc\u00ea mais gostou e compartilhe suas pr\u00f3prias experi\u00eancias. Vamos juntos deixar nossa casa mais verde!<\/p>\n","protected":false},"excerpt":{"rendered":"<p>10 Inspira\u00e7\u00f5es de prateleiras para plantas que v\u00e3o transformar sua decora\u00e7\u00e3o<\/p>\n","protected":false},"author":102,"featured_media":155967,"comment_status":"open","ping_status":"","sticky":false,"template":"","format":"standard","meta":{"footnotes":""},"categories":[1484],"tags":[],"class_list":["post-155970","post","type-post","status-publish","format-standard","has-post-thumbnail","category-decoracao"],"_wp_attached_file":null,"_wp_attachment_metadata":null,"_wp_attachment_context":null,"_wp_attachment_is_custom_header":null,"geo_longitude":null,"geo_public":null,"geo_latitude":null,"_publicize_done_external":null,"_wpas_done_3897181":null,"publicize_twitter_user":null,"_wpas_done_3897175":null,"_wpas_skip_3897181":null,"_wpas_skip_3897175":null,"_wpas_skip_3924723":null,"_wpas_mess":null,"_wpas_done_3924723":null,"wps_subtitle":"","_links":{"self":[{"href":"https:\/\/www.aarquiteta.com.br\/blog\/wp-json\/wp\/v2\/posts\/155970","targetHints":{"allow":["GET"]}}],"collection":[{"href":"https:\/\/www.aarquiteta.com.br\/blog\/wp-json\/wp\/v2\/posts"}],"about":[{"href":"https:\/\/www.aarquiteta.com.br\/blog\/wp-json\/wp\/v2\/types\/post"}],"author":[{"embeddable":true,"href":"https:\/\/www.aarquiteta.com.br\/blog\/wp-json\/wp\/v2\/users\/102"}],"replies":[{"embeddable":true,"href":"https:\/\/www.aarquiteta.com.br\/blog\/wp-json\/wp\/v2\/comments?post=155970"}],"version-history":[{"count":0,"href":"https:\/\/www.aarquiteta.com.br\/blog\/wp-json\/wp\/v2\/posts\/155970\/revisions"}],"wp:featuredmedia":[{"embeddable":true,"href":"https:\/\/www.aarquiteta.com.br\/blog\/wp-json\/wp\/v2\/media\/155967"}],"wp:attachment":[{"href":"https:\/\/www.aarquiteta.com.br\/blog\/wp-json\/wp\/v2\/media?parent=155970"}],"wp:term":[{"taxonomy":"category","embeddable":true,"href":"https:\/\/www.aarquiteta.com.br\/blog\/wp-json\/wp\/v2\/categories?post=155970"},{"taxonomy":"post_tag","embeddable":true,"href":"https:\/\/www.aarquiteta.com.br\/blog\/wp-json\/wp\/v2\/tags?post=155970"}],"curies":[{"name":"wp","href":"https:\/\/api.w.org\/{rel}","templated":true}]}}