{"id":155960,"date":"2025-12-28T17:31:54","date_gmt":"2025-12-28T20:31:54","guid":{"rendered":"https:\/\/www.aarquiteta.com.br\/blog\/granito-preto-4\/"},"modified":"2025-12-28T17:31:54","modified_gmt":"2025-12-28T20:31:54","slug":"granito-preto-4","status":"publish","type":"post","link":"https:\/\/www.aarquiteta.com.br\/blog\/granito-preto-4\/","title":{"rendered":"7 Tend\u00eancias incr\u00edveis do granito preto para sua casa"},"content":{"rendered":"<p>Voc\u00ea sabia que o <b>granito preto<\/b> pode transformar sua casa em um espa\u00e7o deslumbrante? Vamos explorar as <b>tend\u00eancias incr\u00edveis<\/b> que esse material proporciona!<\/p>\n<figure style=\"width: 1024px\" class=\"wp-caption aligncenter\"><img decoding=\"async\" src=\"https:\/\/www.aarquiteta.com.br\/blog\/wp-content\/uploads\/2025\/12\/granito-preto01.jpg\" alt=\"granito-preto\" width=\"1024\" height=\"1024\" title=\"\"><figcaption class=\"wp-caption-text\">granito-preto<\/figcaption><\/figure>\n<h3>1. Estilo Minimalista com Granito Preto<\/h3>\n<p>O <b>minimalismo<\/b> nunca saiu de moda, e o granito preto brilha nesse contexto. Em ambientes despojados, ele traz um toque de sofistica\u00e7\u00e3o sem exageros. Chanfrados ou polidos, suas superf\u00edcies s\u00e3o perfeitas para um visual clean.<\/p>\n<figure style=\"width: 1024px\" class=\"wp-caption aligncenter\"><img decoding=\"async\" src=\"https:\/\/www.aarquiteta.com.br\/blog\/wp-content\/uploads\/2025\/12\/granito-preto02.jpg\" alt=\"granito-preto\" width=\"1024\" height=\"1024\" title=\"\"><figcaption class=\"wp-caption-text\">granito-preto<\/figcaption><\/figure>\n<h3>2. Escadas de Granito: Um Charme a Mais<\/h3>\n<p>As <b>escadas<\/b> t\u00eam um novo protagonista! O granito preto cria um efeito visual incr\u00edvel, especialmente em escadas flutuantes. Eles se destacam e d\u00e3o um ar moderno e elegante a qualquer ambiente.<\/p>\n<figure style=\"width: 1024px\" class=\"wp-caption aligncenter\"><img decoding=\"async\" src=\"https:\/\/www.aarquiteta.com.br\/blog\/wp-content\/uploads\/2025\/12\/granito-preto03.jpg\" alt=\"granito-preto\" width=\"1024\" height=\"1024\" title=\"\"><figcaption class=\"wp-caption-text\">granito-preto<\/figcaption><\/figure>\n<h3>3. Bancadas Elegantes e Pr\u00e1ticas<\/h3>\n<p>Uma cozinha equipada com <b>bancadas<\/b> de granito preto n\u00e3o apenas encanta, mas tamb\u00e9m \u00e9 pr\u00e1tica. Afinal, sua resist\u00eancia \u00e0 temperatura e facilidade de manuten\u00e7\u00e3o s\u00e3o insuper\u00e1veis. Que tal investir nesse charme?<\/p>\n<h3>4. \u00c1rea Gourmet com Revestimento de Granito<\/h3>\n<p>Sabe aquele <b>espa\u00e7o gourmet<\/b> que voc\u00ea sempre sonhou? O revestimento em granito preto \u00e9 ideal para cozinhas abertas, harmonizando com moveis claros e trazendo eleg\u00e2ncia ao ambiente. Seu espa\u00e7o ser\u00e1 o centro das aten\u00e7\u00f5es!<\/p>\n<h3>5. Uso Vers\u00e1til nas Paredes<\/h3>\n<p>As <b>paredes<\/b> revestidas com granito preto s\u00e3o uma tend\u00eancia forte. Combinado a ilumina\u00e7\u00e3o adequada, o efeito \u00e9 simplesmente encantador, elevando qualquer ambiente a um novo patamar de sofistica\u00e7\u00e3o.<\/p>\n<h3>6. Pisos Ic\u00f4nicos com Gravitacionalidade<\/h3>\n<p>Imagine um <b>piso<\/b> de granito preto que n\u00e3o s\u00f3 brilha como tamb\u00e9m \u00e9 dur\u00e1vel! Esse tipo de revestimento \u00e9 uma escolha inteligente para quem busca resist\u00eancia e beleza em qualquer espa\u00e7o da casa.<\/p>\n<h3>7. A Ilumina\u00e7\u00e3o Como Aliada<\/h3>\n<p>O <b>granito preto<\/b> combinado com uma ilumina\u00e7\u00e3o estrat\u00e9gica pode real\u00e7ar detalhes impressionantes. Luzes embutidas, por exemplo, ajudam a criar sombras e brilhos que fazem toda a diferen\u00e7a na decora\u00e7\u00e3o.<\/p>\n<p><div class=\"youtube-embed\" data-video_id=\"OfQpQaFPlvo\"><iframe title=\"Granitos pretos para o seu projeto- Dicas da C\u00e1\" width=\"696\" height=\"392\" src=\"https:\/\/www.youtube.com\/embed\/OfQpQaFPlvo?feature=oembed&#038;enablejsapi=1\" frameborder=\"0\" allow=\"accelerometer; autoplay; clipboard-write; encrypted-media; gyroscope; picture-in-picture; web-share\" referrerpolicy=\"strict-origin-when-cross-origin\" allowfullscreen><\/iframe><\/div>\n<\/p>\n<table>\n<tr>\n<th>Tend\u00eancia<\/th>\n<th>Benef\u00edcio<\/th>\n<\/tr>\n<tr>\n<td>Estilo Minimalista<\/td>\n<td>Sofistica\u00e7\u00e3o sem exageros<\/td>\n<\/tr>\n<tr>\n<td>Escadas Elegantes<\/td>\n<td>Toque moderno a ambientes<\/td>\n<\/tr>\n<tr>\n<td>Bancadas Pr\u00e1ticas<\/td>\n<td>Resist\u00eancia e facilidade de manuten\u00e7\u00e3o<\/td>\n<\/tr>\n<tr>\n<td>\u00c1rea Gourmet<\/td>\n<td>Harmoniza\u00e7\u00e3o e eleg\u00e2ncia<\/td>\n<\/tr>\n<tr>\n<td>Paredes Revestidas<\/td>\n<td>Um efeito sofisticado<\/td>\n<\/tr>\n<tr>\n<td>Pisos Ic\u00f4nicos<\/td>\n<td>Durabilidade e beleza<\/td>\n<\/tr>\n<tr>\n<td>Ilumina\u00e7\u00e3o Estrategicamente Posicionada<\/td>\n<td>Destaques impressionantes<\/td>\n<\/tr>\n<\/table>\n<p>O <b>granito preto<\/b> \u00e9, sem d\u00favida, uma escolha acertada para quem busca <b>estilo<\/b> e <b>praticidade<\/b>. Com tantas op\u00e7\u00f5es, tenho certeza de que h\u00e1 uma tend\u00eancia que vai cair no seu gosto. Qual delas voc\u00ea vai usar na sua casa? Comente aqui!<\/p>\n<h3>Conte\u00fados Relacionados<\/h3>\n<ul>\n<li><a href=\"#casa\">Decora\u00e7\u00e3o de Casas Modernas<\/a><\/li>\n<li><a href=\"#cozinha\">Dicas para Cozinhas Elegantes<\/a><\/li>\n<li><a href=\"#espa\u00e7o\">Criando Espa\u00e7os Aconchegantes<\/a><\/li>\n<\/ul>\n","protected":false},"excerpt":{"rendered":"<p>7 Tend\u00eancias incr\u00edveis do granito preto para sua casa<\/p>\n","protected":false},"author":102,"featured_media":155957,"comment_status":"open","ping_status":"","sticky":false,"template":"","format":"standard","meta":{"footnotes":""},"categories":[249,1484],"tags":[],"class_list":["post-155960","post","type-post","status-publish","format-standard","has-post-thumbnail","category-engenharia-e-construcao-civil","category-decoracao"],"_wp_attached_file":null,"_wp_attachment_metadata":null,"_wp_attachment_context":null,"_wp_attachment_is_custom_header":null,"geo_longitude":null,"geo_public":null,"geo_latitude":null,"_publicize_done_external":null,"_wpas_done_3897181":null,"publicize_twitter_user":null,"_wpas_done_3897175":null,"_wpas_skip_3897181":null,"_wpas_skip_3897175":null,"_wpas_skip_3924723":null,"_wpas_mess":null,"_wpas_done_3924723":null,"wps_subtitle":"","_links":{"self":[{"href":"https:\/\/www.aarquiteta.com.br\/blog\/wp-json\/wp\/v2\/posts\/155960","targetHints":{"allow":["GET"]}}],"collection":[{"href":"https:\/\/www.aarquiteta.com.br\/blog\/wp-json\/wp\/v2\/posts"}],"about":[{"href":"https:\/\/www.aarquiteta.com.br\/blog\/wp-json\/wp\/v2\/types\/post"}],"author":[{"embeddable":true,"href":"https:\/\/www.aarquiteta.com.br\/blog\/wp-json\/wp\/v2\/users\/102"}],"replies":[{"embeddable":true,"href":"https:\/\/www.aarquiteta.com.br\/blog\/wp-json\/wp\/v2\/comments?post=155960"}],"version-history":[{"count":0,"href":"https:\/\/www.aarquiteta.com.br\/blog\/wp-json\/wp\/v2\/posts\/155960\/revisions"}],"wp:featuredmedia":[{"embeddable":true,"href":"https:\/\/www.aarquiteta.com.br\/blog\/wp-json\/wp\/v2\/media\/155957"}],"wp:attachment":[{"href":"https:\/\/www.aarquiteta.com.br\/blog\/wp-json\/wp\/v2\/media?parent=155960"}],"wp:term":[{"taxonomy":"category","embeddable":true,"href":"https:\/\/www.aarquiteta.com.br\/blog\/wp-json\/wp\/v2\/categories?post=155960"},{"taxonomy":"post_tag","embeddable":true,"href":"https:\/\/www.aarquiteta.com.br\/blog\/wp-json\/wp\/v2\/tags?post=155960"}],"curies":[{"name":"wp","href":"https:\/\/api.w.org\/{rel}","templated":true}]}}