{"id":155937,"date":"2025-12-27T01:53:10","date_gmt":"2025-12-27T04:53:10","guid":{"rendered":"https:\/\/www.aarquiteta.com.br\/blog\/quarto-de-bebe-simples-2\/"},"modified":"2025-12-27T01:53:10","modified_gmt":"2025-12-27T04:53:10","slug":"quarto-de-bebe-simples-2","status":"publish","type":"post","link":"https:\/\/www.aarquiteta.com.br\/blog\/quarto-de-bebe-simples-2\/","title":{"rendered":"10 Inspira\u00e7\u00f5es para um Quarto de Beb\u00ea Simples e Encantador"},"content":{"rendered":"<p>Voc\u00ea sabia que um <b>quarto de beb\u00ea simples e encantador<\/b> pode ser a escolha perfeita para dar boas-vindas ao seu pequeno? Muitas fam\u00edlias est\u00e3o optando por designs minimalistas, que al\u00e9m de lindos, s\u00e3o <b>funcionais e econ\u00f4micos<\/b>.<\/p>\n<figure style=\"width: 1024px\" class=\"wp-caption aligncenter\"><img decoding=\"async\" src=\"https:\/\/www.aarquiteta.com.br\/blog\/wp-content\/uploads\/2025\/12\/quarto-de-bebe-simples01.jpg\" alt=\"quarto-de-bebe-simples\" width=\"1024\" height=\"1024\" title=\"\"><figcaption class=\"wp-caption-text\">quarto-de-bebe-simples<\/figcaption><\/figure>\n<p>Selecionar a decora\u00e7\u00e3o do quarto do beb\u00ea \u00e9 t\u00e3o divertido quanto desafiador. O estilo simples traz <b>conforto, leveza e praticidade<\/b>, al\u00e9m de evitar excessos, que podem fazer o ambiente parecer sobrecarregado. Pensando nisso, selecionei <b>10 inspira\u00e7\u00f5es<\/b> que ajeitam o cen\u00e1rio sem complica\u00e7\u00e3o.<\/p>\n<figure style=\"width: 1024px\" class=\"wp-caption aligncenter\"><img decoding=\"async\" src=\"https:\/\/www.aarquiteta.com.br\/blog\/wp-content\/uploads\/2025\/12\/quarto-de-bebe-simples02.jpg\" alt=\"quarto-de-bebe-simples\" width=\"1024\" height=\"1024\" title=\"\"><figcaption class=\"wp-caption-text\">quarto-de-bebe-simples<\/figcaption><\/figure>\n<h3>1. Ber\u00e7o em Madeira Simples<\/h3>\n<p>Um <b>ber\u00e7o em madeira<\/b> \u00e9 um cl\u00e1ssico que nunca sai de moda. Ele traz um toque natural e acolhedor ao ambiente.<\/p>\n<figure style=\"width: 1024px\" class=\"wp-caption aligncenter\"><img decoding=\"async\" src=\"https:\/\/www.aarquiteta.com.br\/blog\/wp-content\/uploads\/2025\/12\/quarto-de-bebe-simples03.jpg\" alt=\"quarto-de-bebe-simples\" width=\"1024\" height=\"1024\" title=\"\"><figcaption class=\"wp-caption-text\">quarto-de-bebe-simples<\/figcaption><\/figure>\n<h3>2. Cores S\u00f3brias<\/h3>\n<p>Optar por uma <b>cartela de cores s\u00f3brias<\/b> como cinza e branco pode criar um espa\u00e7o tranquilo e elegante, ideal para o beb\u00ea.<\/p>\n<h3>3. Pequenos Pontos de Cor<\/h3>\n<p>Adicionar <b>detalhes coloridos<\/b>, como almofadas ou quadros, pode trazer vida ao ambiente sem exageros.<\/p>\n<h3>4. Tapetes de Croch\u00ea<\/h3>\n<p>Um <b>tapete de croch\u00ea<\/b> traz aconchego e estilo. Ele \u00e9 pr\u00e1tico e contribui para a seguran\u00e7a do beb\u00ea.<\/p>\n<h3>5. Quarto Masculino Simples<\/h3>\n<p>Para o quarto de meninos, cores como azul e cinza combinadas com <b>detalhes l\u00fadicos<\/b> criam um espa\u00e7o divertido.<\/p>\n<h3>6. Papel de Parede com Bolinhas<\/h3>\n<p>Um <b>papel de parede com bolinhas<\/b> adiciona um charme delicado ao quarto, sem exageros.<\/p>\n<p>https:\/\/www.youtube.com\/watch?v=<\/p>\n<h3>7. Espa\u00e7o para Todos<\/h3>\n<p>Um quarto simples, mas bem planejado, pode acomodar todos os <b>itens essenciais<\/b> sem parecer apertado.<\/p>\n<h3>8. Foco no Ber\u00e7o<\/h3>\n<p>Direcione a decora\u00e7\u00e3o em torno do <b>ber\u00e7o<\/b>, garantindo que ele seja o centro das aten\u00e7\u00f5es.<\/p>\n<h3>9. M\u00f3veis Brancos<\/h3>\n<p>M\u00f3veis brancos adicionam leveza e criam uma sensa\u00e7\u00e3o de <b>amplitude<\/b>.<\/p>\n<h3>10. Combina\u00e7\u00e3o de Branco e Amarelo<\/h3>\n<p>Essa paleta proporciona um espa\u00e7o <b>sereno e divertido<\/b> que encanta e acalma.<\/p>\n<table>\n<tr>\n<th>Inspira\u00e7\u00e3o<\/th>\n<th>Descri\u00e7\u00e3o<\/th>\n<\/tr>\n<tr>\n<td>Ber\u00e7o em Madeira<\/td>\n<td>Um cl\u00e1ssico que traz acolhimento.<\/td>\n<\/tr>\n<tr>\n<td>Cores S\u00f3brias<\/td>\n<td>Cores que criam um espa\u00e7o elegante.<\/td>\n<\/tr>\n<tr>\n<td>Pontos de Cor<\/td>\n<td>Detalhes que d\u00e3o vida ao ambiente.<\/td>\n<\/tr>\n<tr>\n<td>Tapete de Croch\u00ea<\/td>\n<td>Aconchego e seguran\u00e7a.<\/td>\n<\/tr>\n<tr>\n<td>Papel de Parede com Bolinhas<\/td>\n<td>Charmoso e delicado.<\/td>\n<\/tr>\n<\/table>\n<p>Ao escolher as op\u00e7\u00f5es de decora\u00e7\u00e3o, lembre-se de que menos pode ser <b>mais<\/b>. O importante \u00e9 criar um ambiente que transmita amor e calma. Agora, quero ouvir voc\u00ea: qual dessas inspira\u00e7\u00f5es mais te encantou? Comente e compartilhe suas ideias!<\/p>\n","protected":false},"excerpt":{"rendered":"<p>10 Inspira\u00e7\u00f5es para um Quarto de Beb\u00ea Simples e Encantador<\/p>\n","protected":false},"author":102,"featured_media":155934,"comment_status":"open","ping_status":"","sticky":false,"template":"","format":"standard","meta":{"footnotes":""},"categories":[1484],"tags":[],"class_list":["post-155937","post","type-post","status-publish","format-standard","has-post-thumbnail","category-decoracao"],"_wp_attached_file":null,"_wp_attachment_metadata":null,"_wp_attachment_context":null,"_wp_attachment_is_custom_header":null,"geo_longitude":null,"geo_public":null,"geo_latitude":null,"_publicize_done_external":null,"_wpas_done_3897181":null,"publicize_twitter_user":null,"_wpas_done_3897175":null,"_wpas_skip_3897181":null,"_wpas_skip_3897175":null,"_wpas_skip_3924723":null,"_wpas_mess":null,"_wpas_done_3924723":null,"wps_subtitle":"","_links":{"self":[{"href":"https:\/\/www.aarquiteta.com.br\/blog\/wp-json\/wp\/v2\/posts\/155937","targetHints":{"allow":["GET"]}}],"collection":[{"href":"https:\/\/www.aarquiteta.com.br\/blog\/wp-json\/wp\/v2\/posts"}],"about":[{"href":"https:\/\/www.aarquiteta.com.br\/blog\/wp-json\/wp\/v2\/types\/post"}],"author":[{"embeddable":true,"href":"https:\/\/www.aarquiteta.com.br\/blog\/wp-json\/wp\/v2\/users\/102"}],"replies":[{"embeddable":true,"href":"https:\/\/www.aarquiteta.com.br\/blog\/wp-json\/wp\/v2\/comments?post=155937"}],"version-history":[{"count":0,"href":"https:\/\/www.aarquiteta.com.br\/blog\/wp-json\/wp\/v2\/posts\/155937\/revisions"}],"wp:featuredmedia":[{"embeddable":true,"href":"https:\/\/www.aarquiteta.com.br\/blog\/wp-json\/wp\/v2\/media\/155934"}],"wp:attachment":[{"href":"https:\/\/www.aarquiteta.com.br\/blog\/wp-json\/wp\/v2\/media?parent=155937"}],"wp:term":[{"taxonomy":"category","embeddable":true,"href":"https:\/\/www.aarquiteta.com.br\/blog\/wp-json\/wp\/v2\/categories?post=155937"},{"taxonomy":"post_tag","embeddable":true,"href":"https:\/\/www.aarquiteta.com.br\/blog\/wp-json\/wp\/v2\/tags?post=155937"}],"curies":[{"name":"wp","href":"https:\/\/api.w.org\/{rel}","templated":true}]}}