{"id":155884,"date":"2025-12-24T07:31:39","date_gmt":"2025-12-24T10:31:39","guid":{"rendered":"https:\/\/www.aarquiteta.com.br\/blog\/ideias-para-separar-a-cozinha-da-lavanderia-5\/"},"modified":"2025-12-24T07:31:39","modified_gmt":"2025-12-24T10:31:39","slug":"ideias-para-separar-a-cozinha-da-lavanderia-5","status":"publish","type":"post","link":"https:\/\/www.aarquiteta.com.br\/blog\/ideias-para-separar-a-cozinha-da-lavanderia-5\/","title":{"rendered":"10 Inspira\u00e7\u00f5es para separar cozinha e lavanderia sem perder espa\u00e7o"},"content":{"rendered":"<p>Est\u00e1 procurando formas de separar a sua cozinha da lavanderia sem perder espa\u00e7o? Ent\u00e3o voc\u00ea est\u00e1 no lugar certo! Vamos explorar juntos algumas ideias incr\u00edveis para tornar esses ambientes mais funcionais e bonitos.<\/p>\n<figure style=\"width: 1024px\" class=\"wp-caption aligncenter\"><img decoding=\"async\" src=\"https:\/\/www.aarquiteta.com.br\/blog\/wp-content\/uploads\/2025\/12\/ideias-para-separar-a-cozinha-da-lavanderia01.jpg\" alt=\"ideias-para-separar-a-cozinha-da-lavanderia\" width=\"1024\" height=\"1024\" title=\"\"><figcaption class=\"wp-caption-text\">ideias-para-separar-a-cozinha-da-lavanderia<\/figcaption><\/figure>\n<h2>10 Inspira\u00e7\u00f5es para separar cozinha e lavanderia sem perder espa\u00e7o<\/h2>\n<p>Com a vida corrida, a maioria de n\u00f3s deseja um lar que Una praticidade e estilo. Uma boa separa\u00e7\u00e3o entre ambientes, principalmente em apartamentos pequenos, \u00e9 essencial. <b>Voc\u00ea n\u00e3o quer que suas visitas vejam baldes e roupas do varal, certo?<\/b> Portanto, se liga nessas inspira\u00e7\u00f5es!<\/p>\n<figure style=\"width: 1024px\" class=\"wp-caption aligncenter\"><img decoding=\"async\" src=\"https:\/\/www.aarquiteta.com.br\/blog\/wp-content\/uploads\/2025\/12\/ideias-para-separar-a-cozinha-da-lavanderia02.jpg\" alt=\"ideias-para-separar-a-cozinha-da-lavanderia\" width=\"1024\" height=\"1024\" title=\"\"><figcaption class=\"wp-caption-text\">ideias-para-separar-a-cozinha-da-lavanderia<\/figcaption><\/figure>\n<h3>1. Pel\u00edcula Jateada<\/h3>\n<p>Uma escolha que promete <b>iluminar a cozinha<\/b> enquanto mant\u00e9m a lavanderia discreta. Pel\u00edculas jateadas s\u00e3o r\u00e1pidas de instalar e possuem custo acess\u00edvel.<\/p>\n<figure style=\"width: 1024px\" class=\"wp-caption aligncenter\"><img decoding=\"async\" src=\"https:\/\/www.aarquiteta.com.br\/blog\/wp-content\/uploads\/2025\/12\/ideias-para-separar-a-cozinha-da-lavanderia03.jpg\" alt=\"ideias-para-separar-a-cozinha-da-lavanderia\" width=\"1024\" height=\"1024\" title=\"\"><figcaption class=\"wp-caption-text\">ideias-para-separar-a-cozinha-da-lavanderia<\/figcaption><\/figure>\n<h3>2. Divis\u00f3ria de Vidro com Efeito Persiana<\/h3>\n<p>Essa divis\u00f3ria garante que o espa\u00e7o continue levemente integrado, <b>mas protegendo a lavanderia<\/b> das vistas indesejadas. Organiza\u00e7\u00e3o \u00e9 a chave aqui!<\/p>\n<h3>3. Porta de Correr<\/h3>\n<p>Ideal para apartamentos, <b>as portas de correr<\/b> s\u00e3o uma solu\u00e7\u00e3o funcional e estilosa. Voc\u00ea pode escolher uma porta que complemente a decora\u00e7\u00e3o da cozinha e, quando fechada, oculta toda a bagun\u00e7a.<\/p>\n<h3>4. Painel de Madeira<\/h3>\n<p>Um painel de madeira d\u00e1 charme ao ambiente e \u00e9 perfeito para quem <b>n\u00e3o precisa que a luz da lavanderia entre<\/b>. Essa op\u00e7\u00e3o \u00e9 cheia de personalidade.<\/p>\n<h3>5. Cobog\u00f3s como Divis\u00f3ria<\/h3>\n<p>Esses elementos decorativos voltaram com tudo e s\u00e3o \u00f3timos para <b>separar ambientes<\/b>, permitindo a passagem de luz e mantendo a ventila\u00e7\u00e3o. Um charme!<\/p>\n<h3>6. Box para Lavanderia<\/h3>\n<p>Um <b>box de lavanderia<\/b> pode funcionar quase como um banheiro, isolando completamente o espa\u00e7o. Uma solu\u00e7\u00e3o criativa e pr\u00e1tica!<\/p>\n<p><div class=\"youtube-embed\" data-video_id=\"34KedJxmz3Q\"><iframe title=\"Integra\u00e7\u00e3o total: cozinha, lavanderia e churrasqueira. Tudo com m\u00f3veis planejados feitos pela Biblos\" width=\"696\" height=\"392\" src=\"https:\/\/www.youtube.com\/embed\/34KedJxmz3Q?feature=oembed&#038;enablejsapi=1\" frameborder=\"0\" allow=\"accelerometer; autoplay; clipboard-write; encrypted-media; gyroscope; picture-in-picture; web-share\" referrerpolicy=\"strict-origin-when-cross-origin\" allowfullscreen><\/iframe><\/div>\n<\/p>\n<h3>7. Divis\u00f3ria com Vidro Canelado<\/h3>\n<p>Esse tipo de vidro traz uma textura especial, proporcionando <b>privacidade sem obscurecer a luz<\/b>. Um detalhe que transforma o ambiente!<\/p>\n<h3>8. Divis\u00f3ria com Ripas de Madeira<\/h3>\n<p>As ripas de madeira podem dar um toque natural, trazendo um ar moderno e <b>permeando a luz<\/b>. Uma op\u00e7\u00e3o que harmoniza bem os c\u00f4modos.<\/p>\n<h3>9. Porta com Pel\u00edcula Branca<\/h3>\n<p>Se a privacidade \u00e9 fundamental, a <b>pel\u00edcula branca<\/b> oferece um revestimento discreto, ampliando a sensa\u00e7\u00e3o de espa\u00e7o. Ideal para pequenos apartamentos.<\/p>\n<h3>10. Divis\u00f3ria de A\u00e7o e Vidro<\/h3>\n<p>Essa op\u00e7\u00e3o \u00e9 supermoderna e pode se tornar um verdadeiro <b>ponto de destaque na decora\u00e7\u00e3o<\/b> da sua casa. Uma harmonia entre vidro e metal que impressiona!<\/p>\n<table>\n<tr>\n<th>Op\u00e7\u00e3o<\/th>\n<th>Vantagens<\/th>\n<\/tr>\n<tr>\n<td>Pel\u00edcula Jateada<\/td>\n<td>F\u00e1cil instala\u00e7\u00e3o e custo acess\u00edvel<\/td>\n<\/tr>\n<tr>\n<td>Divis\u00f3ria de Vidro<\/td>\n<td>Integra os ambientes com estilo<\/td>\n<\/tr>\n<tr>\n<td>Porta de Correr<\/td>\n<td>Funcional e estilosa<\/td>\n<\/tr>\n<tr>\n<td>Painel de Madeira<\/td>\n<td>Charme e personalidade<\/td>\n<\/tr>\n<tr>\n<td>Cobog\u00f3s<\/td>\n<td>Permitem passagem de luz e ar<\/td>\n<\/tr>\n<tr>\n<td>Box para Lavanderia<\/td>\n<td>Isolamento total do espa\u00e7o<\/td>\n<\/tr>\n<\/table>\n<p>Agora que voc\u00ea j\u00e1 tem v\u00e1rias ideias na manga, <b>\u00e9 hora de escolher a que mais combina com seu estilo de vida<\/b>! Voc\u00ea tem alguma d\u00favida ou quer compartilhar sua experi\u00eancia? Comente abaixo e me conte!<\/p>\n<p>Ainda est\u00e1 em busca de mais inspira\u00e7\u00e3o? Confira tamb\u00e9m nossas dicas sobre como decorar pequenos espa\u00e7os e aumentar a funcionalidade da sua casa!<\/p>\n","protected":false},"excerpt":{"rendered":"<p>10 Inspira\u00e7\u00f5es para separar cozinha e lavanderia sem perder espa\u00e7o<\/p>\n","protected":false},"author":102,"featured_media":155881,"comment_status":"open","ping_status":"","sticky":false,"template":"","format":"standard","meta":{"footnotes":""},"categories":[1484],"tags":[],"class_list":["post-155884","post","type-post","status-publish","format-standard","has-post-thumbnail","category-decoracao"],"_wp_attached_file":null,"_wp_attachment_metadata":null,"_wp_attachment_context":null,"_wp_attachment_is_custom_header":null,"geo_longitude":null,"geo_public":null,"geo_latitude":null,"_publicize_done_external":null,"_wpas_done_3897181":null,"publicize_twitter_user":null,"_wpas_done_3897175":null,"_wpas_skip_3897181":null,"_wpas_skip_3897175":null,"_wpas_skip_3924723":null,"_wpas_mess":null,"_wpas_done_3924723":null,"wps_subtitle":"","_links":{"self":[{"href":"https:\/\/www.aarquiteta.com.br\/blog\/wp-json\/wp\/v2\/posts\/155884","targetHints":{"allow":["GET"]}}],"collection":[{"href":"https:\/\/www.aarquiteta.com.br\/blog\/wp-json\/wp\/v2\/posts"}],"about":[{"href":"https:\/\/www.aarquiteta.com.br\/blog\/wp-json\/wp\/v2\/types\/post"}],"author":[{"embeddable":true,"href":"https:\/\/www.aarquiteta.com.br\/blog\/wp-json\/wp\/v2\/users\/102"}],"replies":[{"embeddable":true,"href":"https:\/\/www.aarquiteta.com.br\/blog\/wp-json\/wp\/v2\/comments?post=155884"}],"version-history":[{"count":0,"href":"https:\/\/www.aarquiteta.com.br\/blog\/wp-json\/wp\/v2\/posts\/155884\/revisions"}],"wp:featuredmedia":[{"embeddable":true,"href":"https:\/\/www.aarquiteta.com.br\/blog\/wp-json\/wp\/v2\/media\/155881"}],"wp:attachment":[{"href":"https:\/\/www.aarquiteta.com.br\/blog\/wp-json\/wp\/v2\/media?parent=155884"}],"wp:term":[{"taxonomy":"category","embeddable":true,"href":"https:\/\/www.aarquiteta.com.br\/blog\/wp-json\/wp\/v2\/categories?post=155884"},{"taxonomy":"post_tag","embeddable":true,"href":"https:\/\/www.aarquiteta.com.br\/blog\/wp-json\/wp\/v2\/tags?post=155884"}],"curies":[{"name":"wp","href":"https:\/\/api.w.org\/{rel}","templated":true}]}}