{"id":155879,"date":"2025-12-23T21:01:56","date_gmt":"2025-12-24T00:01:56","guid":{"rendered":"https:\/\/www.aarquiteta.com.br\/blog\/7-inspiracoes-para-casas-verdes-escuras-com-acabamento-preto\/"},"modified":"2025-12-23T21:01:56","modified_gmt":"2025-12-24T00:01:56","slug":"7-inspiracoes-para-casas-verdes-escuras-com-acabamento-preto","status":"publish","type":"post","link":"https:\/\/www.aarquiteta.com.br\/blog\/7-inspiracoes-para-casas-verdes-escuras-com-acabamento-preto\/","title":{"rendered":"7 Inspira\u00e7\u00f5es para Casas Verdes Escuras com Acabamento Preto"},"content":{"rendered":"<p>Quer saber como deixar a sua casa linda e moderna? As <b>casas verdes escuras com acabamento preto<\/b> est\u00e3o super em alta! Neste artigo, vou compartilhar 7 inspira\u00e7\u00f5es que v\u00e3o transformar a fachada do seu lar.<\/p>\n<img decoding=\"async\" src=\"https:\/\/www.aarquiteta.com.br\/blog\/wp-content\/uploads\/2025\/12\/01-21.jpg\" alt=\"\" width=\"1024\" height=\"1024\" title=\"\">\n<h3>1. Verde Floresta com Preto Fosco<\/h3>\n<p>O <b>verde floresta<\/b> traz uma riqueza \u00fanica \u00e0 sua casa. Com acabamentos pretos foscos, essa combina\u00e7\u00e3o exala <b>eleg\u00e2ncia<\/b> e uma conex\u00e3o com a natureza. Perfeito para estilos tradicionais e contempor\u00e2neos.<\/p>\n<img decoding=\"async\" src=\"https:\/\/www.aarquiteta.com.br\/blog\/wp-content\/uploads\/2025\/12\/02-21.jpg\" alt=\"\" width=\"1024\" height=\"1024\" title=\"\">\n<h3>2. Minimalismo Moderno com Verde Esmeralda<\/h3>\n<p>O <b>verde esmeralda<\/b> \u00e9 vibrante e cheio de energia. Com acabamentos pretos, proporciona um visual <b>minimalista e sofisticado<\/b>. Ideal para casas com design geom\u00e9trico, destacando a beleza das linhas limpas.<\/p>\n<img decoding=\"async\" src=\"https:\/\/www.aarquiteta.com.br\/blog\/wp-content\/uploads\/2025\/12\/03-21.jpg\" alt=\"\" width=\"1024\" height=\"1024\" title=\"\">\n<h3>3. Estilo R\u00fastico com Preto Envelhecido<\/h3>\n<p>Para uma apar\u00eancia <b>acolhedora<\/b>, o uso de revestimento verde escuro com acabamentos pretos envelhecidos cria um charme r\u00fastico irresist\u00edvel. Combine com detalhes em madeira para uma est\u00e9tica ainda mais charmosa.<\/p>\n<h3>4. Chic Urbano com Verde Escuro e Preto Brilhante<\/h3>\n<p>Se voc\u00ea deseja um toque de sofistica\u00e7\u00e3o no ambiente urbano, a combina\u00e7\u00e3o de <b>verde escuro<\/b> e acabamentos <b>pretos brilhantes<\/b> \u00e9 a escolha ideal. A superf\u00edcie refletiva cria um contraste marcante!<\/p>\n<h3>5. Design Escandinavo<\/h3>\n<p>Um exterior com <b>verde escuro<\/b> e pretos mate se encaixa perfeitamente no estilo escandinavo. Essa combina\u00e7\u00e3o \u00e9 sin\u00f4nimo de <b>simples e funcional<\/b>, trazendo harmonia com a natureza.<\/p>\n<h3>6. Combina\u00e7\u00e3o com Paisagismo Vibrante<\/h3>\n<p>Valorize a sua casa com um <b>paisagismo vibrante<\/b>. Flores coloridas em contraste com a fachada verde escura devem criar um visual convidativo e acolhedor.<\/p>\n<h3>7. Shutters Pretos em Siding Verde<\/h3>\n<p>Os shutters pretos em siding verde formam uma <b>combina\u00e7\u00e3o cl\u00e1ssica<\/b> e estonteante. Essa uni\u00e3o real\u00e7a as caracter\u00edsticas arquitet\u00f4nicas e garante um visual atemporal.<\/p>\n<p><div class=\"youtube-embed\" data-video_id=\"rXXvwTKxchg\"><iframe title=\"CASAS VERDES \ud83c\udf41 - LOS NUEVOS PARIENTES\" width=\"696\" height=\"392\" src=\"https:\/\/www.youtube.com\/embed\/rXXvwTKxchg?feature=oembed&#038;enablejsapi=1\" frameborder=\"0\" allow=\"accelerometer; autoplay; clipboard-write; encrypted-media; gyroscope; picture-in-picture; web-share\" referrerpolicy=\"strict-origin-when-cross-origin\" allowfullscreen><\/iframe><\/div>\n<\/p>\n<table>\n<tr>\n<th>Inspira\u00e7\u00f5es<\/th>\n<th>Descri\u00e7\u00e3o<\/th>\n<\/tr>\n<tr>\n<td>Verde Floresta<\/td>\n<td>Riqueza e conex\u00e3o com a natureza.<\/td>\n<\/tr>\n<tr>\n<td>Verde Esmeralda<\/td>\n<td>Brilho vibrante com estilo minimalista.<\/td>\n<\/tr>\n<tr>\n<td>Verde e Preto Envelhecido<\/td>\n<td>Estilo acolhedor e r\u00fastico.<\/td>\n<\/tr>\n<tr>\n<td>Urbano Chic<\/td>\n<td>Contraste marcante e refinado.<\/td>\n<\/tr>\n<tr>\n<td>Escandinavo<\/td>\n<td>Simples e harmonioso com a natureza.<\/td>\n<\/tr>\n<\/table>\n<p>Se voc\u00ea sonha com uma fachada que <b>impressiona<\/b>, essas inspira\u00e7\u00f5es para casas verdes escuras com acabamento preto s\u00e3o ideais para voc\u00ea. Experimente captar a ess\u00eancia que cada ideia oferece! E a\u00ed, qual dessas inspira\u00e7\u00f5es voc\u00ea mais gostou? Compartilhe suas opini\u00f5es nos coment\u00e1rios!<\/p>\n","protected":false},"excerpt":{"rendered":"<p>7 Inspira\u00e7\u00f5es para Casas Verdes Escuras com Acabamento Preto<\/p>\n","protected":false},"author":102,"featured_media":155876,"comment_status":"open","ping_status":"","sticky":false,"template":"","format":"standard","meta":{"footnotes":""},"categories":[1484],"tags":[],"class_list":["post-155879","post","type-post","status-publish","format-standard","has-post-thumbnail","category-decoracao"],"_wp_attached_file":null,"_wp_attachment_metadata":null,"_wp_attachment_context":null,"_wp_attachment_is_custom_header":null,"geo_longitude":null,"geo_public":null,"geo_latitude":null,"_publicize_done_external":null,"_wpas_done_3897181":null,"publicize_twitter_user":null,"_wpas_done_3897175":null,"_wpas_skip_3897181":null,"_wpas_skip_3897175":null,"_wpas_skip_3924723":null,"_wpas_mess":null,"_wpas_done_3924723":null,"wps_subtitle":"","_links":{"self":[{"href":"https:\/\/www.aarquiteta.com.br\/blog\/wp-json\/wp\/v2\/posts\/155879","targetHints":{"allow":["GET"]}}],"collection":[{"href":"https:\/\/www.aarquiteta.com.br\/blog\/wp-json\/wp\/v2\/posts"}],"about":[{"href":"https:\/\/www.aarquiteta.com.br\/blog\/wp-json\/wp\/v2\/types\/post"}],"author":[{"embeddable":true,"href":"https:\/\/www.aarquiteta.com.br\/blog\/wp-json\/wp\/v2\/users\/102"}],"replies":[{"embeddable":true,"href":"https:\/\/www.aarquiteta.com.br\/blog\/wp-json\/wp\/v2\/comments?post=155879"}],"version-history":[{"count":0,"href":"https:\/\/www.aarquiteta.com.br\/blog\/wp-json\/wp\/v2\/posts\/155879\/revisions"}],"wp:featuredmedia":[{"embeddable":true,"href":"https:\/\/www.aarquiteta.com.br\/blog\/wp-json\/wp\/v2\/media\/155876"}],"wp:attachment":[{"href":"https:\/\/www.aarquiteta.com.br\/blog\/wp-json\/wp\/v2\/media?parent=155879"}],"wp:term":[{"taxonomy":"category","embeddable":true,"href":"https:\/\/www.aarquiteta.com.br\/blog\/wp-json\/wp\/v2\/categories?post=155879"},{"taxonomy":"post_tag","embeddable":true,"href":"https:\/\/www.aarquiteta.com.br\/blog\/wp-json\/wp\/v2\/tags?post=155879"}],"curies":[{"name":"wp","href":"https:\/\/api.w.org\/{rel}","templated":true}]}}