{"id":155854,"date":"2025-12-22T17:31:38","date_gmt":"2025-12-22T20:31:38","guid":{"rendered":"https:\/\/www.aarquiteta.com.br\/blog\/matricula-imovel-2\/"},"modified":"2025-12-22T17:31:38","modified_gmt":"2025-12-22T20:31:38","slug":"matricula-imovel-2","status":"publish","type":"post","link":"https:\/\/www.aarquiteta.com.br\/blog\/matricula-imovel-2\/","title":{"rendered":"7 Motivos para Voc\u00ea Fazer a Matr\u00edcula do Seu Im\u00f3vel Agora"},"content":{"rendered":"<p><b>Voc\u00ea j\u00e1 parou para pensar na<\/b> import\u00e2ncia de fazer a matr\u00edcula do seu im\u00f3vel? Esse documento \u00e9 essencial para garantir a seguran\u00e7a na transa\u00e7\u00e3o imobili\u00e1ria e evitar complica\u00e7\u00f5es futuras. Aqui, vou te mostrar <b>7 motivos<\/b> para voc\u00ea providenciar a matr\u00edcula do seu im\u00f3vel agora mesmo!<\/p>\n<figure style=\"width: 1024px\" class=\"wp-caption aligncenter\"><img decoding=\"async\" src=\"https:\/\/www.aarquiteta.com.br\/blog\/wp-content\/uploads\/2025\/12\/matricula-imovel01.jpg\" alt=\"matricula-imovel\" width=\"1024\" height=\"1024\" title=\"\"><figcaption class=\"wp-caption-text\">matricula-imovel<\/figcaption><\/figure>\n<h3>1. Seguran\u00e7a Jur\u00eddica<\/h3>\n<p>A matr\u00edcula do im\u00f3vel oferece <b>seguran\u00e7a jur\u00eddica<\/b> ao propriet\u00e1rios, comprovando a propriedade e evitando fraudes. Sem ela, voc\u00ea pode enfrentar s\u00e9rios problemas legais.<\/p>\n<figure style=\"width: 1024px\" class=\"wp-caption aligncenter\"><img decoding=\"async\" src=\"https:\/\/www.aarquiteta.com.br\/blog\/wp-content\/uploads\/2025\/12\/matricula-imovel02.jpg\" alt=\"matricula-imovel\" width=\"1024\" height=\"1024\" title=\"\"><figcaption class=\"wp-caption-text\">matricula-imovel<\/figcaption><\/figure>\n<h3>2. Ter um Hist\u00f3rico Completo<\/h3>\n<p>Com a matr\u00edcula, voc\u00ea tem acesso ao <b>hist\u00f3rico completo<\/b> do im\u00f3vel, incluindo informa\u00e7\u00f5es sobre antigos propriet\u00e1rios e eventuais pend\u00eancias. Isso \u00e9 muito \u00fatil durante uma negocia\u00e7\u00e3o.<\/p>\n<figure style=\"width: 1024px\" class=\"wp-caption aligncenter\"><img decoding=\"async\" src=\"https:\/\/www.aarquiteta.com.br\/blog\/wp-content\/uploads\/2025\/12\/matricula-imovel03.jpg\" alt=\"matricula-imovel\" width=\"1024\" height=\"1024\" title=\"\"><figcaption class=\"wp-caption-text\">matricula-imovel<\/figcaption><\/figure>\n<h3>3. Facilita Transa\u00e7\u00f5es Futuras<\/h3>\n<p>Se voc\u00ea planeja vender ou alugar, ter a matr\u00edcula em dia <b>facilita muito essas transa\u00e7\u00f5es.<\/b> Ningu\u00e9m quer complica\u00e7\u00f5es e surpresas negativas, certo?<\/p>\n<h3>4. Necess\u00e1ria para Financiamentos<\/h3>\n<p>Os bancos exigem a matr\u00edcula atualizada para <b>aprovar financiamentos.<\/b> Portanto, se voc\u00ea pensa em comprar um im\u00f3vel com cr\u00e9dito, n\u00e3o se esque\u00e7a desse documento!<\/p>\n<h3>5. Validade e Atualiza\u00e7\u00e3o<\/h3>\n<p>A matr\u00edcula tem uma validade de <b>30 dias,<\/b> ent\u00e3o, mant\u00ea-la atualizada \u00e9 fundamental. Atualize sempre ap\u00f3s reformas ou mudan\u00e7as de propriedade para evitar problemas legais.<\/p>\n<h3>6. Consultas Simples<\/h3>\n<p>Verificar a matr\u00edcula do seu im\u00f3vel \u00e9 <b>r\u00e1pido e f\u00e1cil.<\/b> Voc\u00ea pode fazer isso presencialmente ou online, dependendo do cart\u00f3rio, garantindo comodidade.<\/p>\n<h3>7. Aumenta o Valor do Im\u00f3vel<\/h3>\n<p>Um im\u00f3vel com matr\u00edcula regularizada e atualizada tende a <b>conservar ou at\u00e9 aumentar<\/b> seu valor de mercado, pois isso gera confian\u00e7a aos compradores potenciais.<\/p>\n<p><div class=\"youtube-embed\" data-video_id=\"fbyWZD4PPfM\"><iframe title=\"Matricula - Dei V x Chris Jedi x Gaby Music (OFICIAL VIDEO)\" width=\"696\" height=\"522\" src=\"https:\/\/www.youtube.com\/embed\/fbyWZD4PPfM?feature=oembed&#038;enablejsapi=1\" frameborder=\"0\" allow=\"accelerometer; autoplay; clipboard-write; encrypted-media; gyroscope; picture-in-picture; web-share\" referrerpolicy=\"strict-origin-when-cross-origin\" allowfullscreen><\/iframe><\/div>\n<\/p>\n<table>\n<tr>\n<th>Motivo<\/th>\n<th>Import\u00e2ncia<\/th>\n<\/tr>\n<tr>\n<td>Seguran\u00e7a Jur\u00eddica<\/td>\n<td>Evita fraudes<\/td>\n<\/tr>\n<tr>\n<td>Hist\u00f3rico Completo<\/td>\n<td>Facilita negocia\u00e7\u00f5es<\/td>\n<\/tr>\n<tr>\n<td>Facilidade em Transa\u00e7\u00f5es<\/td>\n<td>Vender ou alugar com seguran\u00e7a<\/td>\n<\/tr>\n<tr>\n<td>Financiamentos<\/td>\n<td>Necess\u00e1rio para aprova\u00e7\u00e3o de cr\u00e9dito<\/td>\n<\/tr>\n<tr>\n<td>Validade e Atualiza\u00e7\u00e3o<\/td>\n<td>Manter em dia previne problemas<\/td>\n<\/tr>\n<tr>\n<td>Consultas Simples<\/td>\n<td>Praticidade na verifica\u00e7\u00e3o<\/td>\n<\/tr>\n<tr>\n<td>Aumento de Valor<\/td>\n<td>Confian\u00e7a e valoriza\u00e7\u00e3o do bem<\/td>\n<\/tr>\n<\/table>\n<p><b>Agora que voc\u00ea conhece<\/b> a import\u00e2ncia de fazer a matr\u00edcula do seu im\u00f3vel, n\u00e3o perca tempo! Mantenha sua documenta\u00e7\u00e3o em dia e evite dores de cabe\u00e7a no futuro. Tem alguma d\u00favida ou quer compartilhar uma experi\u00eancia? N\u00e3o hesite em deixar seu coment\u00e1rio abaixo!<\/p>\n","protected":false},"excerpt":{"rendered":"<p>7 Motivos para Voc\u00ea Fazer a Matr\u00edcula do Seu Im\u00f3vel Agora<\/p>\n","protected":false},"author":102,"featured_media":155851,"comment_status":"open","ping_status":"","sticky":false,"template":"","format":"standard","meta":{"footnotes":""},"categories":[249,1484],"tags":[],"class_list":["post-155854","post","type-post","status-publish","format-standard","has-post-thumbnail","category-engenharia-e-construcao-civil","category-decoracao"],"_wp_attached_file":null,"_wp_attachment_metadata":null,"_wp_attachment_context":null,"_wp_attachment_is_custom_header":null,"geo_longitude":null,"geo_public":null,"geo_latitude":null,"_publicize_done_external":null,"_wpas_done_3897181":null,"publicize_twitter_user":null,"_wpas_done_3897175":null,"_wpas_skip_3897181":null,"_wpas_skip_3897175":null,"_wpas_skip_3924723":null,"_wpas_mess":null,"_wpas_done_3924723":null,"wps_subtitle":"","_links":{"self":[{"href":"https:\/\/www.aarquiteta.com.br\/blog\/wp-json\/wp\/v2\/posts\/155854","targetHints":{"allow":["GET"]}}],"collection":[{"href":"https:\/\/www.aarquiteta.com.br\/blog\/wp-json\/wp\/v2\/posts"}],"about":[{"href":"https:\/\/www.aarquiteta.com.br\/blog\/wp-json\/wp\/v2\/types\/post"}],"author":[{"embeddable":true,"href":"https:\/\/www.aarquiteta.com.br\/blog\/wp-json\/wp\/v2\/users\/102"}],"replies":[{"embeddable":true,"href":"https:\/\/www.aarquiteta.com.br\/blog\/wp-json\/wp\/v2\/comments?post=155854"}],"version-history":[{"count":0,"href":"https:\/\/www.aarquiteta.com.br\/blog\/wp-json\/wp\/v2\/posts\/155854\/revisions"}],"wp:featuredmedia":[{"embeddable":true,"href":"https:\/\/www.aarquiteta.com.br\/blog\/wp-json\/wp\/v2\/media\/155851"}],"wp:attachment":[{"href":"https:\/\/www.aarquiteta.com.br\/blog\/wp-json\/wp\/v2\/media?parent=155854"}],"wp:term":[{"taxonomy":"category","embeddable":true,"href":"https:\/\/www.aarquiteta.com.br\/blog\/wp-json\/wp\/v2\/categories?post=155854"},{"taxonomy":"post_tag","embeddable":true,"href":"https:\/\/www.aarquiteta.com.br\/blog\/wp-json\/wp\/v2\/tags?post=155854"}],"curies":[{"name":"wp","href":"https:\/\/api.w.org\/{rel}","templated":true}]}}