{"id":155842,"date":"2025-12-21T17:31:37","date_gmt":"2025-12-21T20:31:37","guid":{"rendered":"https:\/\/www.aarquiteta.com.br\/blog\/revestimento-de-parede-externa-6\/"},"modified":"2025-12-21T17:31:37","modified_gmt":"2025-12-21T20:31:37","slug":"revestimento-de-parede-externa-6","status":"publish","type":"post","link":"https:\/\/www.aarquiteta.com.br\/blog\/revestimento-de-parede-externa-6\/","title":{"rendered":"As 10 Melhores Op\u00e7\u00f5es de Revestimento para Parede Externa"},"content":{"rendered":"<p>Voc\u00ea sabia que <b>um bom revestimento de parede externa<\/b> pode elevar o visual da sua casa em um instante? Existem diversas op\u00e7\u00f5es, capazes de trazer beleza e prote\u00e7\u00e3o.<\/p>\n<figure style=\"width: 1024px\" class=\"wp-caption aligncenter\"><img decoding=\"async\" src=\"https:\/\/www.aarquiteta.com.br\/blog\/wp-content\/uploads\/2025\/12\/revestimento-de-parede-externa01.jpg\" alt=\"revestimento-de-parede-externa\" width=\"1024\" height=\"1024\" title=\"\"><figcaption class=\"wp-caption-text\">revestimento-de-parede-externa<\/figcaption><\/figure>\n<h3>1. Cer\u00e2mica: Um Cl\u00e1ssico Acess\u00edvel<\/h3>\n<p>O <b>revestimento cer\u00e2mico<\/b> \u00e9 uma escolha popular, pois \u00e9 econ\u00f4mico e pr\u00e1tico. Dispon\u00edvel em diversas cores e formatos, ele combina com qualquer estilo arquitet\u00f4nico.<\/p>\n<figure style=\"width: 1024px\" class=\"wp-caption aligncenter\"><img decoding=\"async\" src=\"https:\/\/www.aarquiteta.com.br\/blog\/wp-content\/uploads\/2025\/12\/revestimento-de-parede-externa02.jpg\" alt=\"revestimento-de-parede-externa\" width=\"1024\" height=\"1024\" title=\"\"><figcaption class=\"wp-caption-text\">revestimento-de-parede-externa<\/figcaption><\/figure>\n<h3>2. Porcelanato: Sofistica\u00e7\u00e3o \u00e0 Prova d&#8217;\u00c1gua<\/h3>\n<p>Se voc\u00ea busca <b>qualidade e resist\u00eancia<\/b>, o porcelanato \u00e9 a solu\u00e7\u00e3o ideal. Ele n\u00e3o s\u00f3 imita materiais nobres, como tamb\u00e9m \u00e9 imperme\u00e1vel e f\u00e1cil de manter.<\/p>\n<figure style=\"width: 1024px\" class=\"wp-caption aligncenter\"><img decoding=\"async\" src=\"https:\/\/www.aarquiteta.com.br\/blog\/wp-content\/uploads\/2025\/12\/revestimento-de-parede-externa03.jpg\" alt=\"revestimento-de-parede-externa\" width=\"1024\" height=\"1024\" title=\"\"><figcaption class=\"wp-caption-text\">revestimento-de-parede-externa<\/figcaption><\/figure>\n<h3>3. Pedra: Beleza Natural e R\u00fastica<\/h3>\n<p>Os revestimentos que imitam <b>pedra<\/b> trazem um charme \u00fanico e r\u00fastico. Eles s\u00e3o perfeitos para dar um toque natural \u00e0 sua decora\u00e7\u00e3o.<\/p>\n<h3>4. Madeira: Aconchego Sem Remorso<\/h3>\n<p>Os revestimentos em <b>madeira<\/b> possuem textura aconchegante. Apesar de n\u00e3o serem madeiras reais, eles oferecem um visual elegante sem os problemas de manuten\u00e7\u00e3o.<\/p>\n<h3>5. Textura de A\u00e7o Corten: Modernidade Garantida<\/h3>\n<p>Para um toque contempor\u00e2neo, opte pela <b>textura de a\u00e7o corten<\/b>. Ideal para quem quer uma entrada de destaque e ar industrial.<\/p>\n<h3>6. Concreto: Minimalismo e Durabilidade<\/h3>\n<p>A <b>textura de concreto<\/b> \u00e9 uma escolha minimalista, ideal para quem deseja um visual urbano e despojado. Al\u00e9m disso, \u00e9 super resistente.<\/p>\n<h3>7. Azulejos Coloridos: Alegria Visual<\/h3>\n<p>Procurando vida para suas paredes? Utilize <b>azulejos coloridos<\/b> para criar um painel vibrante e cheio de personalidade. Eles s\u00e3o uma \u00f3tima op\u00e7\u00e3o para \u00e1reas externas.<\/p>\n<p><div class=\"youtube-embed\" data-video_id=\"7VMhtscu1VM\"><iframe title=\"Revestimento efeito pedra leve para \u00e1rea molhada e fachada, placas 1,20 cm x 0,60 cm\" width=\"696\" height=\"392\" src=\"https:\/\/www.youtube.com\/embed\/7VMhtscu1VM?feature=oembed&#038;enablejsapi=1\" frameborder=\"0\" allow=\"accelerometer; autoplay; clipboard-write; encrypted-media; gyroscope; picture-in-picture; web-share\" referrerpolicy=\"strict-origin-when-cross-origin\" allowfullscreen><\/iframe><\/div>\n<\/p>\n<h3>8. Revestimentos Combinados: Harmonia de Estilos<\/h3>\n<p>Que tal misturar diferentes <b>materiais<\/b>? Combina\u00e7\u00f5es de cer\u00e2mica, madeira e pedra podem trazer um resultado incr\u00edvel e \u00fanico para sua fachada.<\/p>\n<h3>9. Adesivos para Paredes: Versatilidade e Boa Economia<\/h3>\n<p>Os <b>adesivos para paredes externas<\/b> tamb\u00e9m ganham destaque, apresentando alternativas criativas e de r\u00e1pida aplica\u00e7\u00e3o, com visual que encanta.<\/p>\n<h3>10. Faner: O Toque Ex\u00f3tico<\/h3>\n<p>Faner, o <b>revestimento que imita madeiras ex\u00f3ticas<\/b>, traz um toque de sofistica\u00e7\u00e3o e frescor ao ambiente. \u00c9 uma op\u00e7\u00e3o inovadora e cheia de estilo.<\/p>\n<table>\n<tr>\n<th>Revestimento<\/th>\n<th>Caracter\u00edsticas<\/th>\n<th>Vantagens<\/th>\n<\/tr>\n<tr>\n<td>Cer\u00e2mica<\/td>\n<td>Econ\u00f4mico, dispon\u00edvel em v\u00e1rias cores.<\/td>\n<td>Versatilidade e f\u00e1cil manuten\u00e7\u00e3o.<\/td>\n<\/tr>\n<tr>\n<td>Porcelanato<\/td>\n<td>Sofistica\u00e7\u00e3o e impermeabilidade.<\/td>\n<td>Durabilidade e resist\u00eancia.<\/td>\n<\/tr>\n<tr>\n<td>Pedra<\/td>\n<td>Visual natural e r\u00fastico.<\/td>\n<td>Est\u00e9tica \u00fanica e charme.<\/td>\n<\/tr>\n<tr>\n<td>Madeira<\/td>\n<td>Aconchegante e elegante.<\/td>\n<td>Menos manuten\u00e7\u00e3o.<\/td>\n<\/tr>\n<tr>\n<td>A\u00e7o Corten<\/td>\n<td>Visual moderno e industrial.<\/td>\n<td>Destaque na decora\u00e7\u00e3o.<\/td>\n<\/tr>\n<\/table>\n<p>Agora que voc\u00ea conheceu as <b>10 melhores op\u00e7\u00f5es de revestimento para parede externa<\/b>, ficou mais f\u00e1cil decidir o que combina com o seu estilo. N\u00e3o esque\u00e7a de considerar n\u00e3o s\u00f3 a beleza, mas a praticidade e a durabilidade de cada material.<\/p>\n<p>Se curtiu essas dicas e quer mais ideias para deixar sua casa incr\u00edvel, n\u00e3o hesite em explorar nosso blog e comentar abaixo suas impress\u00f5es! Estou aqui para ajudar voc\u00ea a escolher o melhor para o seu lar.<\/p>\n","protected":false},"excerpt":{"rendered":"<p>As 10 Melhores Op\u00e7\u00f5es de Revestimento para Parede Externa<\/p>\n","protected":false},"author":102,"featured_media":155839,"comment_status":"open","ping_status":"","sticky":false,"template":"","format":"standard","meta":{"footnotes":""},"categories":[249,1484],"tags":[],"class_list":["post-155842","post","type-post","status-publish","format-standard","has-post-thumbnail","category-engenharia-e-construcao-civil","category-decoracao"],"_wp_attached_file":null,"_wp_attachment_metadata":null,"_wp_attachment_context":null,"_wp_attachment_is_custom_header":null,"geo_longitude":null,"geo_public":null,"geo_latitude":null,"_publicize_done_external":null,"_wpas_done_3897181":null,"publicize_twitter_user":null,"_wpas_done_3897175":null,"_wpas_skip_3897181":null,"_wpas_skip_3897175":null,"_wpas_skip_3924723":null,"_wpas_mess":null,"_wpas_done_3924723":null,"wps_subtitle":"","_links":{"self":[{"href":"https:\/\/www.aarquiteta.com.br\/blog\/wp-json\/wp\/v2\/posts\/155842","targetHints":{"allow":["GET"]}}],"collection":[{"href":"https:\/\/www.aarquiteta.com.br\/blog\/wp-json\/wp\/v2\/posts"}],"about":[{"href":"https:\/\/www.aarquiteta.com.br\/blog\/wp-json\/wp\/v2\/types\/post"}],"author":[{"embeddable":true,"href":"https:\/\/www.aarquiteta.com.br\/blog\/wp-json\/wp\/v2\/users\/102"}],"replies":[{"embeddable":true,"href":"https:\/\/www.aarquiteta.com.br\/blog\/wp-json\/wp\/v2\/comments?post=155842"}],"version-history":[{"count":0,"href":"https:\/\/www.aarquiteta.com.br\/blog\/wp-json\/wp\/v2\/posts\/155842\/revisions"}],"wp:featuredmedia":[{"embeddable":true,"href":"https:\/\/www.aarquiteta.com.br\/blog\/wp-json\/wp\/v2\/media\/155839"}],"wp:attachment":[{"href":"https:\/\/www.aarquiteta.com.br\/blog\/wp-json\/wp\/v2\/media?parent=155842"}],"wp:term":[{"taxonomy":"category","embeddable":true,"href":"https:\/\/www.aarquiteta.com.br\/blog\/wp-json\/wp\/v2\/categories?post=155842"},{"taxonomy":"post_tag","embeddable":true,"href":"https:\/\/www.aarquiteta.com.br\/blog\/wp-json\/wp\/v2\/tags?post=155842"}],"curies":[{"name":"wp","href":"https:\/\/api.w.org\/{rel}","templated":true}]}}