{"id":155796,"date":"2025-12-19T07:33:05","date_gmt":"2025-12-19T10:33:05","guid":{"rendered":"https:\/\/www.aarquiteta.com.br\/blog\/cores-que-combinam-com-azul-5\/"},"modified":"2025-12-19T07:33:05","modified_gmt":"2025-12-19T10:33:05","slug":"cores-que-combinam-com-azul-5","status":"publish","type":"post","link":"https:\/\/www.aarquiteta.com.br\/blog\/cores-que-combinam-com-azul-5\/","title":{"rendered":"10 Inspira\u00e7\u00f5es para combinar azul e transformar seu ambiente"},"content":{"rendered":"<p>Que tal transformar seu ambiente utilizando o azul? Essa cor incr\u00edvel combina com v\u00e1rias paletas e traz frescor ao espa\u00e7o!<\/p>\n<figure style=\"width: 1024px\" class=\"wp-caption aligncenter\"><img decoding=\"async\" src=\"https:\/\/www.aarquiteta.com.br\/blog\/wp-content\/uploads\/2025\/12\/cores-que-combinam-com-azul01-1.jpg\" alt=\"cores-que-combinam-com-azul\" width=\"1024\" height=\"1024\" title=\"\"><figcaption class=\"wp-caption-text\">cores-que-combinam-com-azul<\/figcaption><\/figure>\n<h3>1. Azul e amarelo: A explos\u00e3o de jovialidade<\/h3>\n<p>Essa combina\u00e7\u00e3o \u00e9 perfeita para um ambiente vibrante. <b>O azul se destaca<\/b> e torna a decora\u00e7\u00e3o alegre e cheia de vida.<\/p>\n<figure style=\"width: 1024px\" class=\"wp-caption aligncenter\"><img decoding=\"async\" src=\"https:\/\/www.aarquiteta.com.br\/blog\/wp-content\/uploads\/2025\/12\/cores-que-combinam-com-azul02-1.jpg\" alt=\"cores-que-combinam-com-azul\" width=\"1024\" height=\"1024\" title=\"\"><figcaption class=\"wp-caption-text\">cores-que-combinam-com-azul<\/figcaption><\/figure>\n<h3>2. O cl\u00e1ssico azul e branco<\/h3>\n<p>A jun\u00e7\u00e3o do azul com o branco \u00e9 um combo atemporal. <b>Esse duo proporciona um visual limpo<\/b>, perfeito para ambientes pequenos, pois aumenta a sensa\u00e7\u00e3o de amplitude.<\/p>\n<figure style=\"width: 1024px\" class=\"wp-caption aligncenter\"><img decoding=\"async\" src=\"https:\/\/www.aarquiteta.com.br\/blog\/wp-content\/uploads\/2025\/12\/cores-que-combinam-com-azul03-1.jpg\" alt=\"cores-que-combinam-com-azul\" width=\"1024\" height=\"1024\" title=\"\"><figcaption class=\"wp-caption-text\">cores-que-combinam-com-azul<\/figcaption><\/figure>\n<h3>3. Azul marinho com tons terrosos<\/h3>\n<p>Esses tons se complementam e trazem um ar sofisticado. <b>O azul marinho combina bem<\/b> com marrons, criativos e elegantes, fazendo qualquer espa\u00e7o brilhar.<\/p>\n<h3>4. Azul petr\u00f3leo e cinzas<\/h3>\n<p>Essa misturinha cria um ambiente moderno e acolhedor. <b>Use azul petr\u00f3leo com diferentes tons de cinza<\/b> e sinta a eleg\u00e2ncia no ar.<\/p>\n<h3>5. Toques de azul com rosa<\/h3>\n<p>Essa combina\u00e7\u00e3o \u00e9 doce e rom\u00e2ntica. <b>Os dois se complementam<\/b>, atraindo uma atmosfera leve e convidativa.<\/p>\n<h3>6. Azul e vermelho: o contraste vibrante<\/h3>\n<p>Essa \u00e9 uma combina\u00e7\u00e3o ousada e marcante. <b>O azul e o vermelho juntos<\/b> criam um ambiente estimulante e cheio de energia.<\/p>\n<h3>7. Estilo vintage com azul \u00edndigo<\/h3>\n<p>Para criar um toque retr\u00f4, o azul \u00edndigo \u00e9 uma escolha certeira. <b>Combin\u00e1-lo com tons pastel<\/b> resulta em uma decora\u00e7\u00e3o \u00fanica e qualidade nost\u00e1lgica.<\/p>\n<p><div class=\"youtube-embed\" data-video_id=\"km1psS34nTw\"><iframe title=\"El color AZUL REY combina con\u2026 #colores #moda #combinaciones #shorts #ropa #mujer #azul\" width=\"696\" height=\"392\" src=\"https:\/\/www.youtube.com\/embed\/km1psS34nTw?feature=oembed&#038;enablejsapi=1\" frameborder=\"0\" allow=\"accelerometer; autoplay; clipboard-write; encrypted-media; gyroscope; picture-in-picture; web-share\" referrerpolicy=\"strict-origin-when-cross-origin\" allowfullscreen><\/iframe><\/div>\n<\/p>\n<h3>8. Azul turquesa com madeira crua<\/h3>\n<p>Essa combina\u00e7\u00e3o traz uma sensa\u00e7\u00e3o de frescor e aconchego. <b>O azul turquesa destaca-se<\/b> lindamente quando aliado a elementos em madeira.<\/p>\n<h3>9. Azul e lil\u00e1s: combina\u00e7\u00e3o suave<\/h3>\n<p>Essas cores criam um ambiente relaxante e calmo. <b>A jun\u00e7\u00e3o do azul com lil\u00e1s<\/b> \u00e9 para quem deseja um espa\u00e7o harm\u00f4nico.<\/p>\n<h3>10. Azul com preto para um toque industrial<\/h3>\n<p>Quer um ambiente mais arrojado? <b>Combinando azul com preto<\/b>, voc\u00ea garante um visual contempor\u00e2neo e impactante na decora\u00e7\u00e3o.<\/p>\n<table>\n<tr>\n<th>Combina\u00e7\u00e3o de Cores<\/th>\n<th>Caracter\u00edsticas<\/th>\n<\/tr>\n<tr>\n<td>Azul e Amarelo<\/td>\n<td>Alegre e vibrante<\/td>\n<\/tr>\n<tr>\n<td>Azul e Branco<\/td>\n<td>Limpo e atemporal<\/td>\n<\/tr>\n<tr>\n<td>Azul Marinho e Tons Terrosos<\/td>\n<td>Sofisticado e elegante<\/td>\n<\/tr>\n<tr>\n<td>Azul Petr\u00f3leo e Cinzas<\/td>\n<td>Moderno e acolhedor<\/td>\n<\/tr>\n<tr>\n<td>Azul e Rosa<\/td>\n<td>Rom\u00e2ntico e delicado<\/td>\n<\/tr>\n<tr>\n<td>Azul e Vermelho<\/td>\n<td>Estimulante e energ\u00e9tico<\/td>\n<\/tr>\n<tr>\n<td>Azul \u00cdndigo e Past\u00e9is<\/td>\n<td>Vintage e nost\u00e1lgico<\/td>\n<\/tr>\n<tr>\n<td>Azul Turquesa e Madeira<\/td>\n<td>Fresco e aconchegante<\/td>\n<\/tr>\n<tr>\n<td>Azul e Lil\u00e1s<\/td>\n<td>Suave e relaxante<\/td>\n<\/tr>\n<tr>\n<td>Azul e Preto<\/td>\n<td>Arrojado e impactante<\/td>\n<\/tr>\n<\/table>\n<p>Gostou das inspira\u00e7\u00f5es? <b>Agora \u00e9 hora de ousar<\/b> e escolher a combina\u00e7\u00e3o que mais combina com o seu estilo. <i>Vamos decorar juntos!<\/i><\/p>\n","protected":false},"excerpt":{"rendered":"<p>10 Inspira\u00e7\u00f5es para combinar azul e transformar seu ambiente<\/p>\n","protected":false},"author":102,"featured_media":155793,"comment_status":"open","ping_status":"","sticky":false,"template":"","format":"standard","meta":{"footnotes":""},"categories":[1484],"tags":[],"class_list":["post-155796","post","type-post","status-publish","format-standard","has-post-thumbnail","category-decoracao"],"_wp_attached_file":null,"_wp_attachment_metadata":null,"_wp_attachment_context":null,"_wp_attachment_is_custom_header":null,"geo_longitude":null,"geo_public":null,"geo_latitude":null,"_publicize_done_external":null,"_wpas_done_3897181":null,"publicize_twitter_user":null,"_wpas_done_3897175":null,"_wpas_skip_3897181":null,"_wpas_skip_3897175":null,"_wpas_skip_3924723":null,"_wpas_mess":null,"_wpas_done_3924723":null,"wps_subtitle":"","_links":{"self":[{"href":"https:\/\/www.aarquiteta.com.br\/blog\/wp-json\/wp\/v2\/posts\/155796","targetHints":{"allow":["GET"]}}],"collection":[{"href":"https:\/\/www.aarquiteta.com.br\/blog\/wp-json\/wp\/v2\/posts"}],"about":[{"href":"https:\/\/www.aarquiteta.com.br\/blog\/wp-json\/wp\/v2\/types\/post"}],"author":[{"embeddable":true,"href":"https:\/\/www.aarquiteta.com.br\/blog\/wp-json\/wp\/v2\/users\/102"}],"replies":[{"embeddable":true,"href":"https:\/\/www.aarquiteta.com.br\/blog\/wp-json\/wp\/v2\/comments?post=155796"}],"version-history":[{"count":0,"href":"https:\/\/www.aarquiteta.com.br\/blog\/wp-json\/wp\/v2\/posts\/155796\/revisions"}],"wp:featuredmedia":[{"embeddable":true,"href":"https:\/\/www.aarquiteta.com.br\/blog\/wp-json\/wp\/v2\/media\/155793"}],"wp:attachment":[{"href":"https:\/\/www.aarquiteta.com.br\/blog\/wp-json\/wp\/v2\/media?parent=155796"}],"wp:term":[{"taxonomy":"category","embeddable":true,"href":"https:\/\/www.aarquiteta.com.br\/blog\/wp-json\/wp\/v2\/categories?post=155796"},{"taxonomy":"post_tag","embeddable":true,"href":"https:\/\/www.aarquiteta.com.br\/blog\/wp-json\/wp\/v2\/tags?post=155796"}],"curies":[{"name":"wp","href":"https:\/\/api.w.org\/{rel}","templated":true}]}}