{"id":155754,"date":"2025-12-16T21:01:57","date_gmt":"2025-12-17T00:01:57","guid":{"rendered":"https:\/\/www.aarquiteta.com.br\/blog\/as-10-melhores-dicas-para-manter-seu-lar-aconchegante-em-todas-as-estacoes\/"},"modified":"2025-12-16T21:01:57","modified_gmt":"2025-12-17T00:01:57","slug":"as-10-melhores-dicas-para-manter-seu-lar-aconchegante-em-todas-as-estacoes","status":"publish","type":"post","link":"https:\/\/www.aarquiteta.com.br\/blog\/as-10-melhores-dicas-para-manter-seu-lar-aconchegante-em-todas-as-estacoes\/","title":{"rendered":"As 10 Melhores Dicas para Manter seu Lar Aconchegante em Todas as Esta\u00e7\u00f5es"},"content":{"rendered":"<p>Transforme seu lar em um espa\u00e7o aconchegante durante todo o ano com dicas simples e eficazes!<\/p>\n<img decoding=\"async\" src=\"https:\/\/www.aarquiteta.com.br\/blog\/wp-content\/uploads\/2025\/12\/01-15.jpg\" alt=\"\" width=\"1024\" height=\"1024\" title=\"\">\n<h3>Investir em um Sistema de HVAC de Boa Qualidade<\/h3>\n<p>Um sistema de <b>HVAC<\/b> bem mantido \u00e9 fundamental para um ambiente acolhedor. Ele regula a temperatura e garante conforto. Escolha um profissional de HVAC confi\u00e1vel para manuten\u00e7\u00f5es regulares, assim voc\u00ea evita surpresas e controla melhor os custos.<\/p>\n<img decoding=\"async\" src=\"https:\/\/www.aarquiteta.com.br\/blog\/wp-content\/uploads\/2025\/12\/02-15.jpg\" alt=\"\" width=\"1024\" height=\"1024\" title=\"\">\n<h3>Vedar Janelas e Portas para Impedir Correntes de Ar<\/h3>\n<p>Portas e janelas com vazamentos podem afetar a temperatura do seu lar.<\/p>\n<img decoding=\"async\" src=\"https:\/\/www.aarquiteta.com.br\/blog\/wp-content\/uploads\/2025\/12\/03-15.jpg\" alt=\"\" width=\"1024\" height=\"1024\" title=\"\">\n<ul>\n<li><b>Use fita de veda\u00e7\u00e3o<\/b> ou silicone para lacrar frestas.<\/li>\n<li>Cortinas pesadas ou persianas t\u00e9rmicas s\u00e3o \u00f3timos aliados.<\/li>\n<\/ul>\n<h3>Utilizar Ventiladores de Teto em Todas as Esta\u00e7\u00f5es<\/h3>\n<p>Embora muitos pensem que os ventiladores de teto s\u00e3o apenas para o ver\u00e3o, eles s\u00e3o \u00f3timos em per\u00edodos frios tamb\u00e9m!<\/p>\n<p>Nos meses frios, gire o ventilador no sentido hor\u00e1rio para enviar o ar quente para baixo. E, no ver\u00e3o, no sentido anti-hor\u00e1rio para refrescar o ambiente.<\/p>\n<h3>Manuten\u00e7\u00e3o e Reparos Regulares no HVAC<\/h3>\n<p>Manter um cronograma de <b>manuten\u00e7\u00e3o<\/b> regular no seu sistema HVAC \u00e9 essencial.<\/p>\n<p>Isso envolve verificar filtros, n\u00edveis de refrigerante e limpeza de dutos.<\/p>\n<h3>Implementar Termostatos Inteligentes<\/h3>\n<p><b>Termostatos inteligentes<\/b> facilitam a gest\u00e3o da temperatura da sua casa.<\/p>\n<p>https:\/\/www.youtube.com\/watch?v=<\/p>\n<p>Com programa\u00e7\u00e3o adequada, voc\u00ea economiza energia e encontra o conforto ideal quando chega em casa.<\/p>\n<h3>Melhorar o Isolamento e Ventila\u00e7\u00e3o<\/h3>\n<p>Um bom isolamento \u00e9 crucial. Em suma, ele mant\u00e9m sua casa quente no inverno e fresca no ver\u00e3o. Certifique-se de que o s\u00f3t\u00e3o e as paredes estejam bem isolados.<\/p>\n<h3>Otimize os N\u00edveis de Umidade<\/h3>\n<p>A umidade pode afetar a sensa\u00e7\u00e3o t\u00e9rmica no ambiente. Um umidificador no inverno e um desumidificador no ver\u00e3o ajudam a manter a <b>humidade<\/b> sob controle.<\/p>\n<h3>Pense em Atualizar seu Sistema de HVAC<\/h3>\n<p>Se o seu sistema de HVAC \u00e9 antigo e ineficiente, considere uma atualiza\u00e7\u00e3o.<\/p>\n<p>Modelos novos s\u00e3o mais eficientes e podem proporcionar conforto e economia nas contas.<\/p>\n<table>\n<tr>\n<th>Dica<\/th>\n<th>A\u00e7\u00e3o<\/th>\n<\/tr>\n<tr>\n<td>Investir em HVAC<\/td>\n<td>Manuten\u00e7\u00e3o regular com profissional<\/td>\n<\/tr>\n<tr>\n<td>Vedar Janelas e Portas<\/td>\n<td>Uso de fita de veda\u00e7\u00e3o e cortinas pesadas<\/td>\n<\/tr>\n<tr>\n<td>Usar Ventiladores de Teto<\/td>\n<td>Trocar a dire\u00e7\u00e3o conforme a esta\u00e7\u00e3o<\/td>\n<\/tr>\n<tr>\n<td>Manuten\u00e7\u00e3o HVAC<\/td>\n<td>Limpar filtros e verificar dutos regularmente<\/td>\n<\/tr>\n<\/table>\n<p>Para um lar confort\u00e1vel, voc\u00ea s\u00f3 precisa de algumas <b>mudan\u00e7as simples<\/b> e da aten\u00e7\u00e3o a cada detalhe!<\/p>\n<p>Gostou das dicas? Que tal compartilhar sua experi\u00eancia ou comentar suas d\u00favidas? E n\u00e3o pare por aqui, continue navegando em nosso blog para mais dicas incr\u00edveis!<\/p>\n","protected":false},"excerpt":{"rendered":"<p>As 10 Melhores Dicas para Manter seu Lar Aconchegante em Todas as Esta\u00e7\u00f5es<\/p>\n","protected":false},"author":102,"featured_media":155751,"comment_status":"open","ping_status":"","sticky":false,"template":"","format":"standard","meta":{"footnotes":""},"categories":[1484],"tags":[],"class_list":["post-155754","post","type-post","status-publish","format-standard","has-post-thumbnail","category-decoracao"],"_wp_attached_file":null,"_wp_attachment_metadata":null,"_wp_attachment_context":null,"_wp_attachment_is_custom_header":null,"geo_longitude":null,"geo_public":null,"geo_latitude":null,"_publicize_done_external":null,"_wpas_done_3897181":null,"publicize_twitter_user":null,"_wpas_done_3897175":null,"_wpas_skip_3897181":null,"_wpas_skip_3897175":null,"_wpas_skip_3924723":null,"_wpas_mess":null,"_wpas_done_3924723":null,"wps_subtitle":"","_links":{"self":[{"href":"https:\/\/www.aarquiteta.com.br\/blog\/wp-json\/wp\/v2\/posts\/155754","targetHints":{"allow":["GET"]}}],"collection":[{"href":"https:\/\/www.aarquiteta.com.br\/blog\/wp-json\/wp\/v2\/posts"}],"about":[{"href":"https:\/\/www.aarquiteta.com.br\/blog\/wp-json\/wp\/v2\/types\/post"}],"author":[{"embeddable":true,"href":"https:\/\/www.aarquiteta.com.br\/blog\/wp-json\/wp\/v2\/users\/102"}],"replies":[{"embeddable":true,"href":"https:\/\/www.aarquiteta.com.br\/blog\/wp-json\/wp\/v2\/comments?post=155754"}],"version-history":[{"count":0,"href":"https:\/\/www.aarquiteta.com.br\/blog\/wp-json\/wp\/v2\/posts\/155754\/revisions"}],"wp:featuredmedia":[{"embeddable":true,"href":"https:\/\/www.aarquiteta.com.br\/blog\/wp-json\/wp\/v2\/media\/155751"}],"wp:attachment":[{"href":"https:\/\/www.aarquiteta.com.br\/blog\/wp-json\/wp\/v2\/media?parent=155754"}],"wp:term":[{"taxonomy":"category","embeddable":true,"href":"https:\/\/www.aarquiteta.com.br\/blog\/wp-json\/wp\/v2\/categories?post=155754"},{"taxonomy":"post_tag","embeddable":true,"href":"https:\/\/www.aarquiteta.com.br\/blog\/wp-json\/wp\/v2\/tags?post=155754"}],"curies":[{"name":"wp","href":"https:\/\/api.w.org\/{rel}","templated":true}]}}