{"id":155749,"date":"2025-12-16T17:41:32","date_gmt":"2025-12-16T20:41:32","guid":{"rendered":"https:\/\/www.aarquiteta.com.br\/blog\/casa-em-l-3\/"},"modified":"2025-12-16T17:41:32","modified_gmt":"2025-12-16T20:41:32","slug":"casa-em-l-3","status":"publish","type":"post","link":"https:\/\/www.aarquiteta.com.br\/blog\/casa-em-l-3\/","title":{"rendered":"7 Inova\u00e7\u00f5es Em Casas Em L Que Voc\u00ea Precisa Conhecer"},"content":{"rendered":"<p>Voc\u00ea sabia que as <b>casas em L<\/b> est\u00e3o sempre se reinventando? Neste artigo, vou te apresentar 7 inova\u00e7\u00f5es incr\u00edveis que t\u00eam transformado esse modelo arquitet\u00f4nico t\u00e3o popular.<\/p>\n<figure style=\"width: 1024px\" class=\"wp-caption aligncenter\"><img decoding=\"async\" src=\"https:\/\/www.aarquiteta.com.br\/blog\/wp-content\/uploads\/2025\/12\/casa-em-l01.jpg\" alt=\"casa-em-l\" width=\"1024\" height=\"1024\" title=\"\"><figcaption class=\"wp-caption-text\">casa-em-l<\/figcaption><\/figure>\n<h3>1. Uso de Materiais Sustent\u00e1veis<\/h3>\n<p>Uma das grandes inova\u00e7\u00f5es \u00e9 a ado\u00e7\u00e3o de <b>materiais sustent\u00e1veis<\/b>. Madeiras de reflorestamento e tintas ecol\u00f3gicas t\u00eam ganhado espa\u00e7o, tornando a casa em L mais verde e amiga do meio ambiente.<\/p>\n<figure style=\"width: 1024px\" class=\"wp-caption aligncenter\"><img decoding=\"async\" src=\"https:\/\/www.aarquiteta.com.br\/blog\/wp-content\/uploads\/2025\/12\/casa-em-l02.jpg\" alt=\"casa-em-l\" width=\"1024\" height=\"1024\" title=\"\"><figcaption class=\"wp-caption-text\">casa-em-l<\/figcaption><\/figure>\n<h3>2. Integra\u00e7\u00e3o com Ambientes Externos<\/h3>\n<p>A <b>integra\u00e7\u00e3o<\/b> entre ambientes internos e externos tem sido uma tend\u00eancia. Varandas amplas e janelas do ch\u00e3o ao teto ajudam a criar um ambiente agrad\u00e1vel e arejado.<\/p>\n<figure style=\"width: 1024px\" class=\"wp-caption aligncenter\"><img decoding=\"async\" src=\"https:\/\/www.aarquiteta.com.br\/blog\/wp-content\/uploads\/2025\/12\/casa-em-l03-1.jpg\" alt=\"casa-em-l\" width=\"1024\" height=\"1024\" title=\"\"><figcaption class=\"wp-caption-text\">casa-em-l<\/figcaption><\/figure>\n<h3>3. Tecnologia de Automa\u00e7\u00e3o Residencial<\/h3>\n<p>A automa\u00e7\u00e3o est\u00e1 em alta! Muitos projetos de casas em L agora incluem <b>tecnologias inteligentes<\/b> que permitem controlar luzes, temperatura e seguran\u00e7a atrav\u00e9s do celular.<\/p>\n<h3>4. Espa\u00e7os Multiuso<\/h3>\n<p>A versatilidade tamb\u00e9m \u00e9 uma tend\u00eancia. As casas em L est\u00e3o sendo projetadas com <b>espa\u00e7os multiuso<\/b>, onde a sala de estar pode se transformar em escrit\u00f3rio ou sala de jogos, por exemplo.<\/p>\n<h3>5. Telhados Verdes<\/h3>\n<p>Telhados verdes t\u00eam surgido como uma <b>solu\u00e7\u00e3o inovadora<\/b> para conforto t\u00e9rmico e isolamento ac\u00fastico. Al\u00e9m de estarem na moda, s\u00e3o \u00f3timos para o meio ambiente.<\/p>\n<h3>6. Aproveitamento da Luz Natural<\/h3>\n<p>Aproveitar ao m\u00e1ximo a <b>luz natural<\/b> \u00e9 essencial em projetos modernos. Janelas amplas e claraboias ajudam a iluminar os ambientes e reduzir custos de energia.<\/p>\n<h3>7. Estilo Minimalista<\/h3>\n<p>O <b>estilo minimalista<\/b> est\u00e1 em voga e muitas casas em L adotam essa est\u00e9tica. Linhas limpas e menos excessos trazem uma sensa\u00e7\u00e3o de tranquilidade e espa\u00e7o.<\/p>\n<p><div class=\"youtube-embed\" data-video_id=\"9ElYr0AZHcY\"><iframe title=\"Casa Em L | Pequena e Moderna\" width=\"696\" height=\"392\" src=\"https:\/\/www.youtube.com\/embed\/9ElYr0AZHcY?feature=oembed&#038;enablejsapi=1\" frameborder=\"0\" allow=\"accelerometer; autoplay; clipboard-write; encrypted-media; gyroscope; picture-in-picture; web-share\" referrerpolicy=\"strict-origin-when-cross-origin\" allowfullscreen><\/iframe><\/div>\n<\/p>\n<table>\n<tr>\n<th>Inova\u00e7\u00f5es<\/th>\n<th>Descri\u00e7\u00e3o<\/th>\n<\/tr>\n<tr>\n<td>Materiais Sustent\u00e1veis<\/td>\n<td>Uso de madeira de reflorestamento e tintas ecol\u00f3gicas.<\/td>\n<\/tr>\n<tr>\n<td>Integra\u00e7\u00e3o com Ambientes Externos<\/td>\n<td>Varandas e janelas amplas para aumentar a conex\u00e3o.<\/td>\n<\/tr>\n<tr>\n<td>Automa\u00e7\u00e3o Residencial<\/td>\n<td>Controle de dispositivos por meio de smartphones.<\/td>\n<\/tr>\n<tr>\n<td>Espa\u00e7os Multiuso<\/td>\n<td>Ambientes que se adaptam a diferentes fun\u00e7\u00f5es.<\/td>\n<\/tr>\n<tr>\n<td>Telhados Verdes<\/td>\n<td>Telhados com vegeta\u00e7\u00e3o para conforto e isolamento.<\/td>\n<\/tr>\n<tr>\n<td>Aproveitamento da Luz Natural<\/td>\n<td>Janelas grandes e claraboias para iluminar ambientes.<\/td>\n<\/tr>\n<tr>\n<td>Estilo Minimalista<\/td>\n<td>Design limpo e funcional, com menos excessos.<\/td>\n<\/tr>\n<\/table>\n<p>Essas <b>inova\u00e7\u00f5es<\/b> nas casas em L mostram como a arquitetura pode se adaptar \u00e0s novas demandas da sociedade. Est\u00e1 pensando em construir ou reformar? Considere essas tend\u00eancias e fa\u00e7a sua casa se destacar com estilo!<\/p>\n<p>Se voc\u00ea gostou das dicas, n\u00e3o esque\u00e7a de comentar abaixo e compartilhar com amigos que est\u00e3o em busca de ideais para\u5efa\u7b51 yaran.<\/p>\n","protected":false},"excerpt":{"rendered":"<p>7 Inova\u00e7\u00f5es Em Casas Em L Que Voc\u00ea Precisa Conhecer<\/p>\n","protected":false},"author":102,"featured_media":155741,"comment_status":"open","ping_status":"","sticky":false,"template":"","format":"standard","meta":{"footnotes":""},"categories":[249,1484],"tags":[],"class_list":["post-155749","post","type-post","status-publish","format-standard","has-post-thumbnail","category-engenharia-e-construcao-civil","category-decoracao"],"_wp_attached_file":null,"_wp_attachment_metadata":null,"_wp_attachment_context":null,"_wp_attachment_is_custom_header":null,"geo_longitude":null,"geo_public":null,"geo_latitude":null,"_publicize_done_external":null,"_wpas_done_3897181":null,"publicize_twitter_user":null,"_wpas_done_3897175":null,"_wpas_skip_3897181":null,"_wpas_skip_3897175":null,"_wpas_skip_3924723":null,"_wpas_mess":null,"_wpas_done_3924723":null,"wps_subtitle":"","_links":{"self":[{"href":"https:\/\/www.aarquiteta.com.br\/blog\/wp-json\/wp\/v2\/posts\/155749","targetHints":{"allow":["GET"]}}],"collection":[{"href":"https:\/\/www.aarquiteta.com.br\/blog\/wp-json\/wp\/v2\/posts"}],"about":[{"href":"https:\/\/www.aarquiteta.com.br\/blog\/wp-json\/wp\/v2\/types\/post"}],"author":[{"embeddable":true,"href":"https:\/\/www.aarquiteta.com.br\/blog\/wp-json\/wp\/v2\/users\/102"}],"replies":[{"embeddable":true,"href":"https:\/\/www.aarquiteta.com.br\/blog\/wp-json\/wp\/v2\/comments?post=155749"}],"version-history":[{"count":0,"href":"https:\/\/www.aarquiteta.com.br\/blog\/wp-json\/wp\/v2\/posts\/155749\/revisions"}],"wp:featuredmedia":[{"embeddable":true,"href":"https:\/\/www.aarquiteta.com.br\/blog\/wp-json\/wp\/v2\/media\/155741"}],"wp:attachment":[{"href":"https:\/\/www.aarquiteta.com.br\/blog\/wp-json\/wp\/v2\/media?parent=155749"}],"wp:term":[{"taxonomy":"category","embeddable":true,"href":"https:\/\/www.aarquiteta.com.br\/blog\/wp-json\/wp\/v2\/categories?post=155749"},{"taxonomy":"post_tag","embeddable":true,"href":"https:\/\/www.aarquiteta.com.br\/blog\/wp-json\/wp\/v2\/tags?post=155749"}],"curies":[{"name":"wp","href":"https:\/\/api.w.org\/{rel}","templated":true}]}}