{"id":155734,"date":"2025-12-16T07:32:01","date_gmt":"2025-12-16T10:32:01","guid":{"rendered":"https:\/\/www.aarquiteta.com.br\/blog\/cor-perola-2\/"},"modified":"2025-12-16T07:32:01","modified_gmt":"2025-12-16T10:32:01","slug":"cor-perola-2","status":"publish","type":"post","link":"https:\/\/www.aarquiteta.com.br\/blog\/cor-perola-2\/","title":{"rendered":"10 Inspira\u00e7\u00f5es com a cor p\u00e9rola para transformar sua casa"},"content":{"rendered":"<p>Voc\u00ea j\u00e1 se apaixonou pela cor p\u00e9rola? Esse tom incr\u00edvel pode <b>transformar qualquer ambiente<\/b>, trazendo leveza e eleg\u00e2ncia para a sua casa.<\/p>\n<figure style=\"width: 1024px\" class=\"wp-caption aligncenter\"><img decoding=\"async\" src=\"https:\/\/www.aarquiteta.com.br\/blog\/wp-content\/uploads\/2025\/12\/cor-perola01.jpg\" alt=\"cor-perola\" width=\"1024\" height=\"1024\" title=\"\"><figcaption class=\"wp-caption-text\">cor-perola<\/figcaption><\/figure>\n<p>Hoje, eu vou compartilhar com voc\u00ea <b>10 inspira\u00e7\u00f5es<\/b> imperd\u00edveis para usar a cor p\u00e9rola na decora\u00e7\u00e3o. Vamos descobrir como esse tom vers\u00e1til pode fazer a diferen\u00e7a?<\/p>\n<figure style=\"width: 1024px\" class=\"wp-caption aligncenter\"><img decoding=\"async\" src=\"https:\/\/www.aarquiteta.com.br\/blog\/wp-content\/uploads\/2025\/12\/cor-perola02.jpg\" alt=\"cor-perola\" width=\"1024\" height=\"1024\" title=\"\"><figcaption class=\"wp-caption-text\">cor-perola<\/figcaption><\/figure>\n<h3>1. Paredes P\u00e9rola: Sofistica\u00e7\u00e3o Total<\/h3>\n<p>Pintar as paredes em tom p\u00e9rola <b>acende a eleg\u00e2ncia<\/b> do ambiente. Uma sala assim se torna um convite ao relaxamento.<\/p>\n<figure style=\"width: 1024px\" class=\"wp-caption aligncenter\"><img decoding=\"async\" src=\"https:\/\/www.aarquiteta.com.br\/blog\/wp-content\/uploads\/2025\/12\/cor-perola03.jpg\" alt=\"cor-perola\" width=\"1024\" height=\"1024\" title=\"\"><figcaption class=\"wp-caption-text\">cor-perola<\/figcaption><\/figure>\n<h3>2. Detalhes nos M\u00f3veis<\/h3>\n<p>Um sof\u00e1 ou poltrona na cor p\u00e9rola <b>complementa a decora\u00e7\u00e3o<\/b> sem brigar com outros elementos da sala. O resultado \u00e9 um espa\u00e7o harm\u00f4nico.<\/p>\n<h3>3. Texturas e Materiais<\/h3>\n<p>Usar a cor p\u00e9rola em <b>tecidos e texturas<\/b> como veludo ou linho adiciona um toque de glamour e aconchego ao ambiente.<\/p>\n<h3>4. A Magia do Papel de Parede<\/h3>\n<p>Um papel de parede com estampa p\u00e9rola pode <b>transformar inteiramente<\/b> um c\u00f4modo. \u00c9 uma op\u00e7\u00e3o que vai do moderno ao cl\u00e1ssico.<\/p>\n<h3>5. Acess\u00f3rios Decorativos<\/h3>\n<ul>\n<li><b>Almofadas p\u00e9rola<\/b> s\u00e3o f\u00e1ceis de incorporar e mudam completamente o visual de um sof\u00e1.<\/li>\n<li>Objetos como <b>vasos e velas<\/b> na cor p\u00e9rola trazem sofistica\u00e7\u00e3o aos detalhes.<\/li>\n<\/ul>\n<h3>6. Ilumina\u00e7\u00e3o Certa<\/h3>\n<p>Aplicar a cor p\u00e9rola em lumin\u00e1rias faz <b>m\u00e1gica com a luz<\/b>, criando reflexos que encantam e iluminam os espa\u00e7os.<\/p>\n<h3>7. Banheiros Com Estilo<\/h3>\n<p>Se voc\u00ea deseja um banheiro <b>moderno e clean<\/b>, o p\u00e9rola \u00e9 perfeito! Ele d\u00e1 um ar de tranquilidade.<\/p>\n<p><div class=\"youtube-embed\" data-video_id=\"G0RcyiePMrQ\"><iframe title=\"Loiro p\u00e9rola sem tonalizar\" width=\"696\" height=\"392\" src=\"https:\/\/www.youtube.com\/embed\/G0RcyiePMrQ?feature=oembed&#038;enablejsapi=1\" frameborder=\"0\" allow=\"accelerometer; autoplay; clipboard-write; encrypted-media; gyroscope; picture-in-picture; web-share\" referrerpolicy=\"strict-origin-when-cross-origin\" allowfullscreen><\/iframe><\/div>\n<\/p>\n<h3>8. Cozinhas Brilhantes<\/h3>\n<p>Usar o tom p\u00e9rola nos arm\u00e1rios da cozinha pode <b>dar vida<\/b> ao espa\u00e7o, tornando-o mais acolhedor.<\/p>\n<h3>9. Ambientes Externos<\/h3>\n<p>Para quem gosta de receber, cadeiras e mesas em tom p\u00e9rola criam um espa\u00e7o externo <b>elegante e convidativo<\/b>.<\/p>\n<h3>10. Combinando com Outras Cores<\/h3>\n<p>A cor p\u00e9rola \u00e9 <b>vers\u00e1til<\/b> e pode ser combinada com tons vibrantes ou neutros, se adaptando ao seu estilo.<\/p>\n<table>\n<tr>\n<th>Inspira\u00e7\u00f5es com P\u00e9rola<\/th>\n<th>Descri\u00e7\u00e3o<\/th>\n<\/tr>\n<tr>\n<td>Paredes P\u00e9rola<\/td>\n<td>Eleg\u00e2ncia e sofistica\u00e7\u00e3o no ambiente.<\/td>\n<\/tr>\n<tr>\n<td>Detalhes nos M\u00f3veis<\/td>\n<td>Complementos que criam harmonia.<\/td>\n<\/tr>\n<tr>\n<td>Texturas e Materiais<\/td>\n<td>Adiciona glamour e aconchego.<\/td>\n<\/tr>\n<tr>\n<td>Papel de Parede<\/td>\n<td>Transforma\u00e7\u00e3o completa do c\u00f4modo.<\/td>\n<\/tr>\n<tr>\n<td>Acess\u00f3rios Decorativos<\/td>\n<td>Sofistica\u00e7\u00e3o em detalhes.<\/td>\n<\/tr>\n<tr>\n<td>Ilumina\u00e7\u00e3o Certa<\/td>\n<td>Cria reflexos encantadores.<\/td>\n<\/tr>\n<tr>\n<td>Banheiros Modernos<\/td>\n<td>Tranquilidade e modernidade.<\/td>\n<\/tr>\n<tr>\n<td>Cozinhas Brilhantes<\/td>\n<td>Acolhimento e vivacidade.<\/td>\n<\/tr>\n<tr>\n<td>Ambientes Externos<\/td>\n<td>Eleg\u00e2ncia e convite ao relaxamento.<\/td>\n<\/tr>\n<tr>\n<td>Combina\u00e7\u00f5es de Cores<\/td>\n<td>Versatilidade e adapta\u00e7\u00e3o.<\/td>\n<\/tr>\n<\/table>\n<p>S\u00e3o tantas ideias incr\u00edveis, n\u00e3o \u00e9 mesmo? Que tal escolher uma delas e dar um <b>toque pessoal<\/b> \u00e0 sua casa? Com a cor p\u00e9rola, as possibilidades s\u00e3o infinitas!<\/p>\n<p>Se voc\u00ea gostou das dicas de hoje, n\u00e3o deixe de navegar por mais conte\u00fados sobre decora\u00e7\u00e3o para trazer <b>mais estilo e conforto<\/b> ao seu lar!<\/p>\n","protected":false},"excerpt":{"rendered":"<p>10 Inspira\u00e7\u00f5es com a cor p\u00e9rola para transformar sua casa<\/p>\n","protected":false},"author":102,"featured_media":155731,"comment_status":"open","ping_status":"","sticky":false,"template":"","format":"standard","meta":{"footnotes":""},"categories":[1484],"tags":[],"class_list":["post-155734","post","type-post","status-publish","format-standard","has-post-thumbnail","category-decoracao"],"_wp_attached_file":null,"_wp_attachment_metadata":null,"_wp_attachment_context":null,"_wp_attachment_is_custom_header":null,"geo_longitude":null,"geo_public":null,"geo_latitude":null,"_publicize_done_external":null,"_wpas_done_3897181":null,"publicize_twitter_user":null,"_wpas_done_3897175":null,"_wpas_skip_3897181":null,"_wpas_skip_3897175":null,"_wpas_skip_3924723":null,"_wpas_mess":null,"_wpas_done_3924723":null,"wps_subtitle":"","_links":{"self":[{"href":"https:\/\/www.aarquiteta.com.br\/blog\/wp-json\/wp\/v2\/posts\/155734","targetHints":{"allow":["GET"]}}],"collection":[{"href":"https:\/\/www.aarquiteta.com.br\/blog\/wp-json\/wp\/v2\/posts"}],"about":[{"href":"https:\/\/www.aarquiteta.com.br\/blog\/wp-json\/wp\/v2\/types\/post"}],"author":[{"embeddable":true,"href":"https:\/\/www.aarquiteta.com.br\/blog\/wp-json\/wp\/v2\/users\/102"}],"replies":[{"embeddable":true,"href":"https:\/\/www.aarquiteta.com.br\/blog\/wp-json\/wp\/v2\/comments?post=155734"}],"version-history":[{"count":0,"href":"https:\/\/www.aarquiteta.com.br\/blog\/wp-json\/wp\/v2\/posts\/155734\/revisions"}],"wp:featuredmedia":[{"embeddable":true,"href":"https:\/\/www.aarquiteta.com.br\/blog\/wp-json\/wp\/v2\/media\/155731"}],"wp:attachment":[{"href":"https:\/\/www.aarquiteta.com.br\/blog\/wp-json\/wp\/v2\/media?parent=155734"}],"wp:term":[{"taxonomy":"category","embeddable":true,"href":"https:\/\/www.aarquiteta.com.br\/blog\/wp-json\/wp\/v2\/categories?post=155734"},{"taxonomy":"post_tag","embeddable":true,"href":"https:\/\/www.aarquiteta.com.br\/blog\/wp-json\/wp\/v2\/tags?post=155734"}],"curies":[{"name":"wp","href":"https:\/\/api.w.org\/{rel}","templated":true}]}}