{"id":155724,"date":"2025-12-15T17:32:45","date_gmt":"2025-12-15T20:32:45","guid":{"rendered":"https:\/\/www.aarquiteta.com.br\/blog\/fachadas-de-casas-modernas-2\/"},"modified":"2025-12-15T17:32:45","modified_gmt":"2025-12-15T20:32:45","slug":"fachadas-de-casas-modernas-2","status":"publish","type":"post","link":"https:\/\/www.aarquiteta.com.br\/blog\/fachadas-de-casas-modernas-2\/","title":{"rendered":"7 Inova\u00e7\u00f5es"},"content":{"rendered":"<p>Quer transformar a fachada da sua casa? Este artigo traz 7 inova\u00e7\u00f5es que podem mudar completamente a primeira impress\u00e3o do seu lar.<\/p>\n<figure style=\"width: 1024px\" class=\"wp-caption aligncenter\"><img decoding=\"async\" src=\"https:\/\/www.aarquiteta.com.br\/blog\/wp-content\/uploads\/2025\/12\/fachadas-de-casas-modernas01.jpg\" alt=\"fachadas-de-casas-modernas\" width=\"1024\" height=\"1024\" title=\"\"><figcaption class=\"wp-caption-text\">fachadas-de-casas-modernas<\/figcaption><\/figure>\n<h3>1. Revestimentos Modernos<\/h3>\n<p>Os <b>revestimentos modernos<\/b> s\u00e3o essenciais para dar um toque contempor\u00e2neo \u00e0 sua fachada. Eles v\u00eam em v\u00e1rias texturas e cores, permitindo uma personaliza\u00e7\u00e3o incr\u00edvel. Materiais como cer\u00e2mica, madeira e comp\u00f3sitos s\u00e3o grandes apostas.<\/p>\n<figure style=\"width: 1024px\" class=\"wp-caption aligncenter\"><img decoding=\"async\" src=\"https:\/\/www.aarquiteta.com.br\/blog\/wp-content\/uploads\/2025\/12\/fachadas-de-casas-modernas02.jpg\" alt=\"fachadas-de-casas-modernas\" width=\"1024\" height=\"1024\" title=\"\"><figcaption class=\"wp-caption-text\">fachadas-de-casas-modernas<\/figcaption><\/figure>\n<h3>2. Detalhes em 3D<\/h3>\n<p>Adotar <b>revestimentos 3D<\/b> \u00e9 uma tend\u00eancia que revolucionou muitas fachadas. Esses revestimentos criam profundidade e textura, tornando a casa visualmente mais interessante. Aposte em pain\u00e9is que tragam inova\u00e7\u00e3o!<\/p>\n<figure style=\"width: 1024px\" class=\"wp-caption aligncenter\"><img decoding=\"async\" src=\"https:\/\/www.aarquiteta.com.br\/blog\/wp-content\/uploads\/2025\/12\/fachadas-de-casas-modernas03.jpg\" alt=\"fachadas-de-casas-modernas\" width=\"1024\" height=\"1024\" title=\"\"><figcaption class=\"wp-caption-text\">fachadas-de-casas-modernas<\/figcaption><\/figure>\n<h3>3. Janelas com Vidro Espelhado<\/h3>\n<p>As <b>janelas com vidro espelhado<\/b> trazem eleg\u00e2ncia e privacidade, al\u00e9m de serem bastante funcionais. Elas refletem a luz e ajudam a controlar a temperatura interna, garantindo conforto o ano todo.<\/p>\n<h3>4. Cores Claras e Madeira<\/h3>\n<p>A combina\u00e7\u00e3o de <b>cores claras e elementos em madeira<\/b> cria um ambiente acolhedor e sofisticado. Essa mistura equilibra modernidade e aconchego, criando uma fachada harmoniosa e charmos\u00edssima.<\/p>\n<h3>5. Criatividade no Desenho<\/h3>\n<p>Investir em <b>criatividade no desenho da fachada<\/b> \u00e9 fundamental. Pense fora da caixa e crie formatos \u00fanicos que se destaquem na vizinhan\u00e7a. Afinal, cada casa tem sua pr\u00f3pria hist\u00f3ria para contar!<\/p>\n<h3>6. Brises Verticais<\/h3>\n<p>Os <b>brises verticais<\/b> n\u00e3o apenas embelezam, mas tamb\u00e9m protegem a casa da luz direta do sol. Eles podem ser de madeira ou metal e oferecem um visual moderno e funcional.<\/p>\n<h3>7. Modernidade com Vidro<\/h3>\n<p>Usar <b>vidro<\/b> em grandes propor\u00e7\u00f5es d\u00e1 leveza \u00e0 fachada. Pain\u00e9is de vidro podem ser utilizados nas entradas ou janelas para maximizar a ilumina\u00e7\u00e3o natural e criar uma sensa\u00e7\u00e3o de espa\u00e7o aberto.<\/p>\n<p><div class=\"youtube-embed\" data-video_id=\"k-pBQIKWRo0\"><iframe title=\"FACHADAS MODERNAS EN ESQUINA DE 1 PISO #arquitectura #fachadas #moderno #vivienda #esquina\" width=\"696\" height=\"392\" src=\"https:\/\/www.youtube.com\/embed\/k-pBQIKWRo0?feature=oembed&#038;enablejsapi=1\" frameborder=\"0\" allow=\"accelerometer; autoplay; clipboard-write; encrypted-media; gyroscope; picture-in-picture; web-share\" referrerpolicy=\"strict-origin-when-cross-origin\" allowfullscreen><\/iframe><\/div>\n<\/p>\n<table>\n<tr>\n<th>Inova\u00e7\u00e3o<\/th>\n<th>Benef\u00edcios<\/th>\n<\/tr>\n<tr>\n<td>Revestimentos Modernos<\/td>\n<td>Personaliza\u00e7\u00e3o e est\u00e9tica contempor\u00e2nea.<\/td>\n<\/tr>\n<tr>\n<td>Detalhes em 3D<\/td>\n<td>Criam profundidade e visual interessante.<\/td>\n<\/tr>\n<tr>\n<td>Janelas com Vidro Espelhado<\/td>\n<td>Eleg\u00e2ncia e controle t\u00e9rmico.<\/td>\n<\/tr>\n<tr>\n<td>Cores Claras e Madeira<\/td>\n<td>Ambiente acolhedor e sofisticado.<\/td>\n<\/tr>\n<tr>\n<td>Criatividade no Desenho<\/td>\n<td>Design \u00fanico e marcante.<\/td>\n<\/tr>\n<tr>\n<td>Brises Verticais<\/td>\n<td>Prote\u00e7\u00e3o e estilo moderno.<\/td>\n<\/tr>\n<tr>\n<td>Modernidade com Vidro<\/td>\n<td>Maximiza ilumina\u00e7\u00e3o e sensa\u00e7\u00e3o de espa\u00e7o.<\/td>\n<\/tr>\n<\/table>\n<p>A combina\u00e7\u00e3o de <b>inova\u00e7\u00f5es na fachada<\/b> pode transformar totalmente o visual da sua casa. Experimente misturar estas ideias e criar um projeto incr\u00edvel. Qual dessas inova\u00e7\u00f5es mais te atrai? Compartilhe sua opini\u00e3o nos coment\u00e1rios!<\/p>\n<p>Se voc\u00ea gostou deste conte\u00fado, n\u00e3o deixe de conferir outros artigos sobre tend\u00eancias em decora\u00e7\u00e3o e reformas no nosso blog. Juntos, podemos ajudar voc\u00ea a construir a casa dos seus sonhos!<\/p>\n","protected":false},"excerpt":{"rendered":"<p>7 Inova\u00e7\u00f5es<\/p>\n","protected":false},"author":102,"featured_media":155721,"comment_status":"open","ping_status":"","sticky":false,"template":"","format":"standard","meta":{"footnotes":""},"categories":[249,1484],"tags":[],"class_list":["post-155724","post","type-post","status-publish","format-standard","has-post-thumbnail","category-engenharia-e-construcao-civil","category-decoracao"],"_wp_attached_file":null,"_wp_attachment_metadata":null,"_wp_attachment_context":null,"_wp_attachment_is_custom_header":null,"geo_longitude":null,"geo_public":null,"geo_latitude":null,"_publicize_done_external":null,"_wpas_done_3897181":null,"publicize_twitter_user":null,"_wpas_done_3897175":null,"_wpas_skip_3897181":null,"_wpas_skip_3897175":null,"_wpas_skip_3924723":null,"_wpas_mess":null,"_wpas_done_3924723":null,"wps_subtitle":"","_links":{"self":[{"href":"https:\/\/www.aarquiteta.com.br\/blog\/wp-json\/wp\/v2\/posts\/155724","targetHints":{"allow":["GET"]}}],"collection":[{"href":"https:\/\/www.aarquiteta.com.br\/blog\/wp-json\/wp\/v2\/posts"}],"about":[{"href":"https:\/\/www.aarquiteta.com.br\/blog\/wp-json\/wp\/v2\/types\/post"}],"author":[{"embeddable":true,"href":"https:\/\/www.aarquiteta.com.br\/blog\/wp-json\/wp\/v2\/users\/102"}],"replies":[{"embeddable":true,"href":"https:\/\/www.aarquiteta.com.br\/blog\/wp-json\/wp\/v2\/comments?post=155724"}],"version-history":[{"count":0,"href":"https:\/\/www.aarquiteta.com.br\/blog\/wp-json\/wp\/v2\/posts\/155724\/revisions"}],"wp:featuredmedia":[{"embeddable":true,"href":"https:\/\/www.aarquiteta.com.br\/blog\/wp-json\/wp\/v2\/media\/155721"}],"wp:attachment":[{"href":"https:\/\/www.aarquiteta.com.br\/blog\/wp-json\/wp\/v2\/media?parent=155724"}],"wp:term":[{"taxonomy":"category","embeddable":true,"href":"https:\/\/www.aarquiteta.com.br\/blog\/wp-json\/wp\/v2\/categories?post=155724"},{"taxonomy":"post_tag","embeddable":true,"href":"https:\/\/www.aarquiteta.com.br\/blog\/wp-json\/wp\/v2\/tags?post=155724"}],"curies":[{"name":"wp","href":"https:\/\/api.w.org\/{rel}","templated":true}]}}