{"id":155705,"date":"2025-12-14T17:32:17","date_gmt":"2025-12-14T20:32:17","guid":{"rendered":"https:\/\/www.aarquiteta.com.br\/blog\/cortina-de-vidro-2\/"},"modified":"2025-12-14T17:32:17","modified_gmt":"2025-12-14T20:32:17","slug":"cortina-de-vidro-2","status":"publish","type":"post","link":"https:\/\/www.aarquiteta.com.br\/blog\/cortina-de-vidro-2\/","title":{"rendered":"Incr\u00edveis 7 Inova\u00e7\u00f5es em Cortinas de Vidro"},"content":{"rendered":"<p><b>Conhe\u00e7a as inova\u00e7\u00f5es em cortinas de vidro que v\u00e3o revolucionar seu espa\u00e7o!<\/b> Este artigo fala sobre as \u00faltimas tend\u00eancias em cortinas de vidro. Vamos explorar como esse elemento pode transformar seu ambiente. Estou aqui para te mostrar as inova\u00e7\u00f5es incr\u00edveis que prometem charme e funcionalidade!<\/p>\n<figure style=\"width: 1024px\" class=\"wp-caption aligncenter\"><img decoding=\"async\" src=\"https:\/\/www.aarquiteta.com.br\/blog\/wp-content\/uploads\/2025\/12\/cortina-de-vidro01.jpg\" alt=\"cortina-de-vidro\" width=\"1024\" height=\"1024\" title=\"\"><figcaption class=\"wp-caption-text\">cortina-de-vidro<\/figcaption><\/figure>\n<h3>Cortinas de vidro: uma breve introdu\u00e7\u00e3o<\/h3>\n<p>As <b>cortinas de vidro<\/b> t\u00eam se destacado quando o assunto \u00e9 integrar ambientes, proporcionando uma luminosidade natural \u00edmpar. Elas n\u00e3o apenas embelezam, mas tamb\u00e9m protegem contra intemp\u00e9ries e oferecem uma vista deslumbrante. Vamos descobrir as inova\u00e7\u00f5es que t\u00eam mudado essa proposta t\u00e3o interessante!<\/p>\n<figure style=\"width: 1024px\" class=\"wp-caption aligncenter\"><img decoding=\"async\" src=\"https:\/\/www.aarquiteta.com.br\/blog\/wp-content\/uploads\/2025\/12\/cortina-de-vidro02.jpg\" alt=\"cortina-de-vidro\" width=\"1024\" height=\"1024\" title=\"\"><figcaption class=\"wp-caption-text\">cortina-de-vidro<\/figcaption><\/figure>\n<h3>1. Cortinas de vidro com controle de temperatura<\/h3>\n<p>A nova tecnologia permite que as cortinas ajudem a <b>manter a temperatura interna<\/b> do ambiente. Essas cortinas s\u00e3o tratadas para refletir os raios UV, garantindo conforto t\u00e9rmico.<\/p>\n<figure style=\"width: 1024px\" class=\"wp-caption aligncenter\"><img decoding=\"async\" src=\"https:\/\/www.aarquiteta.com.br\/blog\/wp-content\/uploads\/2025\/12\/cortina-de-vidro03.jpg\" alt=\"cortina-de-vidro\" width=\"1024\" height=\"1024\" title=\"\"><figcaption class=\"wp-caption-text\">cortina-de-vidro<\/figcaption><\/figure>\n<h3>2. Vidros autolimpantes<\/h3>\n<p>Imagine ter uma cortina que se limpa sozinha? \u00c9 poss\u00edvel com vidros de tecnologia avan\u00e7ada que repelem a sujeira. Isso significa menos trabalho e mais beleza! <b>Praticidade garantida!<\/b><\/p>\n<h3>3. Sistema de abertura automatizado<\/h3>\n<p>Os novos sistemas de abertura s\u00e3o <b>inteligentes<\/b>! Voc\u00ea pode controlar a abertura e o fechamento das cortinas pelo celular. Uma verdadeira m\u00e3o na roda para quem ama tecnologia.<\/p>\n<h3>4. Cortinas ac\u00fasticas<\/h3>\n<p>Cansado do barulho externo? As cortinas de vidro ac\u00fasticas s\u00e3o uma excelente solu\u00e7\u00e3o. Elas oferecem <b>isolamento sonoro<\/b>, permitindo um ambiente mais tranquilo e relaxante.<\/p>\n<h3>5. Design personaliz\u00e1vel<\/h3>\n<p>Hoje em dia, voc\u00ea pode escolher entre diferentes <b>designs e acabamentos<\/b>. Isso permite que as cortinas se encaixem perfeitamente na decora\u00e7\u00e3o do seu espa\u00e7o, garantindo harmonia.<\/p>\n<h3>6. Veda\u00e7\u00e3o avan\u00e7ada<\/h3>\n<p>Cortinas de vidro com veda\u00e7\u00e3o inovadora evitam a entrada de poeira e \u00e1gua. Isso significa que o seu ambiente estar\u00e1 sempre limpo e protegido. <b>Uma escolha inteligente!<\/b><\/p>\n<p><div class=\"youtube-embed\" data-video_id=\"CmFhSw6CWy8\"><iframe title=\"CORTINA DE VIDRO NA SUA CASA\" width=\"696\" height=\"392\" src=\"https:\/\/www.youtube.com\/embed\/CmFhSw6CWy8?feature=oembed&#038;enablejsapi=1\" frameborder=\"0\" allow=\"accelerometer; autoplay; clipboard-write; encrypted-media; gyroscope; picture-in-picture; web-share\" referrerpolicy=\"strict-origin-when-cross-origin\" allowfullscreen><\/iframe><\/div>\n<\/p>\n<h3>7. Integra\u00e7\u00e3o com sistemas de automa\u00e7\u00e3o<\/h3>\n<p>Integrar as cortinas de vidro aos sistemas de automa\u00e7\u00e3o da casa se tornou poss\u00edvel. Isso traz mais <b>conforto e praticidade<\/b> para o seu dia a dia.<\/p>\n<table>\n<tr>\n<th>Inova\u00e7\u00e3o<\/th>\n<th>Benef\u00edcio<\/th>\n<\/tr>\n<tr>\n<td>Controle de temperatura<\/td>\n<td>Mant\u00e9m o clima interno ideal<\/td>\n<\/tr>\n<tr>\n<td>Vidros autolimpantes<\/td>\n<td>Reduz a necessidade de limpeza<\/td>\n<\/tr>\n<tr>\n<td>Abertura automatizada<\/td>\n<td>Facilidade atrav\u00e9s do celular<\/td>\n<\/tr>\n<tr>\n<td>Cortinas ac\u00fasticas<\/td>\n<td>Reduz barulho externo<\/td>\n<\/tr>\n<tr>\n<td>Design personaliz\u00e1vel<\/td>\n<td>Se encaixa na decora\u00e7\u00e3o<\/td>\n<\/tr>\n<tr>\n<td>Veda\u00e7\u00e3o avan\u00e7ada<\/td>\n<td>Evita poeira e \u00e1gua<\/td>\n<\/tr>\n<tr>\n<td>Integra\u00e7\u00e3o com automa\u00e7\u00e3o<\/td>\n<td>Conforto no dia a dia<\/td>\n<\/tr>\n<\/table>\n<p>Essas inova\u00e7\u00f5es em <b>cortinas de vidro<\/b> realmente transformam espa\u00e7os, trazendo beleza e funcionalidade. Vale muito a pena considerar cada uma delas na sua pr\u00f3xima reforma ou projeto.<\/p>\n<p>E a\u00ed, gostou das inova\u00e7\u00f5es? Se voc\u00ea tem interesse em renovar seu ambiente com cortinas de vidro, explore as diferentes possibilidades! <b>Comente abaixo sua prefer\u00eancia ou d\u00favidas!<\/b><\/p>\n","protected":false},"excerpt":{"rendered":"<p>Incr\u00edveis 7 Inova\u00e7\u00f5es em Cortinas de Vidro<\/p>\n","protected":false},"author":102,"featured_media":155702,"comment_status":"open","ping_status":"","sticky":false,"template":"","format":"standard","meta":{"footnotes":""},"categories":[249,1484],"tags":[],"class_list":["post-155705","post","type-post","status-publish","format-standard","has-post-thumbnail","category-engenharia-e-construcao-civil","category-decoracao"],"_wp_attached_file":null,"_wp_attachment_metadata":null,"_wp_attachment_context":null,"_wp_attachment_is_custom_header":null,"geo_longitude":null,"geo_public":null,"geo_latitude":null,"_publicize_done_external":null,"_wpas_done_3897181":null,"publicize_twitter_user":null,"_wpas_done_3897175":null,"_wpas_skip_3897181":null,"_wpas_skip_3897175":null,"_wpas_skip_3924723":null,"_wpas_mess":null,"_wpas_done_3924723":null,"wps_subtitle":"","_links":{"self":[{"href":"https:\/\/www.aarquiteta.com.br\/blog\/wp-json\/wp\/v2\/posts\/155705","targetHints":{"allow":["GET"]}}],"collection":[{"href":"https:\/\/www.aarquiteta.com.br\/blog\/wp-json\/wp\/v2\/posts"}],"about":[{"href":"https:\/\/www.aarquiteta.com.br\/blog\/wp-json\/wp\/v2\/types\/post"}],"author":[{"embeddable":true,"href":"https:\/\/www.aarquiteta.com.br\/blog\/wp-json\/wp\/v2\/users\/102"}],"replies":[{"embeddable":true,"href":"https:\/\/www.aarquiteta.com.br\/blog\/wp-json\/wp\/v2\/comments?post=155705"}],"version-history":[{"count":0,"href":"https:\/\/www.aarquiteta.com.br\/blog\/wp-json\/wp\/v2\/posts\/155705\/revisions"}],"wp:featuredmedia":[{"embeddable":true,"href":"https:\/\/www.aarquiteta.com.br\/blog\/wp-json\/wp\/v2\/media\/155702"}],"wp:attachment":[{"href":"https:\/\/www.aarquiteta.com.br\/blog\/wp-json\/wp\/v2\/media?parent=155705"}],"wp:term":[{"taxonomy":"category","embeddable":true,"href":"https:\/\/www.aarquiteta.com.br\/blog\/wp-json\/wp\/v2\/categories?post=155705"},{"taxonomy":"post_tag","embeddable":true,"href":"https:\/\/www.aarquiteta.com.br\/blog\/wp-json\/wp\/v2\/tags?post=155705"}],"curies":[{"name":"wp","href":"https:\/\/api.w.org\/{rel}","templated":true}]}}